{"id":595550,"date":"2025-12-12T20:35:24","date_gmt":"2025-12-12T20:35:24","guid":{"rendered":"https:\/\/www.europesays.com\/fr\/595550\/"},"modified":"2025-12-12T20:35:24","modified_gmt":"2025-12-12T20:35:24","slug":"controle-de-son-image-relations-tendues-avec-marine-le-pen-enquete-sous-le-vernis-bardella-liberation","status":"publish","type":"post","link":"https:\/\/www.europesays.com\/fr\/595550\/","title":{"rendered":"Contr\u00f4le de son image, relations tendues avec Marine Le Pen\u2026 Enqu\u00eate sous le vernis Bardella \u2013 Lib\u00e9ration"},"content":{"rendered":"<p class=\"sc-cPiKLX AiZTS text-element\">Et soudain, le vernis craque. Vesoul, en Haute-Sa\u00f4ne, le 25 novembre. Apr\u00e8s une grosse heure de d\u00e9ambulation dans les all\u00e9es glac\u00e9es de la traditionnelle foire agricole de la Sainte-Catherine, <a href=\"https:\/\/www.liberation.fr\/politique\/jordan-bardella-enfarine-a-vesoul-un-mineur-en-garde-a-vue-20251125_PIHLJZGNUJFJXPAEGEF2WUK73E\/\" target=\"_blank\" rel=\"noreferrer noopener\" title=\"https:\/\/www.liberation.fr\/politique\/jordan-bardella-enfarine-a-vesoul-un-mineur-en-garde-a-vue-20251125_PIHLJZGNUJFJXPAEGEF2WUK73E\/\">Jordan Bardella vient de recevoir un sac de farine sur la t\u00eate<\/a>. Un vent de panique parcourt les \u00e9quipes du jeune homme, qui s\u2019est r\u00e9fugi\u00e9 sous la tente de la Coordination rurale. Le coupable, un garnement pas m\u00eame majeur, est ceintur\u00e9, exfiltr\u00e9 et plac\u00e9 en garde \u00e0 vue. Le service d\u2019ordre de Bardella, lui, n\u2019a qu\u2019une id\u00e9e en t\u00eate : emp\u00eacher que ne sorte sur les r\u00e9seaux la moindre image de leur patron enfarin\u00e9. Par tous les moyens.<\/p>\n<p class=\"sc-cPiKLX AiZTS text-element\">Les uns aveuglent les photographes avec des lampes torches et des flashs tandis que les autres intimident les journalistes, et vont jusqu\u2019\u00e0 menacer un reporter britannique de la cha\u00eene Sky News de le frapper avec un parapluie \u00e0 plusieurs reprises. En un tour de main, la formation d\u2019extr\u00eame droite est revenue plus de dix ans en arri\u00e8re, \u00e0 l\u2019\u00e9poque o\u00f9 un autre num\u00e9ro 2, Bruno Gollnisch, attaquait les journalistes de Canal+, lui aussi \u00e0 coups de parapluie.<\/p>\n<p class=\"sc-cPiKLX AiZTS text-element\">L\u00e0 r\u00e9side sans doute le paradoxe et le talon d\u2019Achille de Jordan Bardella, dont la seule v\u00e9ritabl<\/p>\n","protected":false},"excerpt":{"rendered":"Et soudain, le vernis craque. Vesoul, en Haute-Sa\u00f4ne, le 25 novembre. Apr\u00e8s une grosse heure de d\u00e9ambulation dans&hellip;\n","protected":false},"author":2,"featured_media":595551,"comment_status":"","ping_status":"","sticky":false,"template":"","format":"standard","meta":{"footnotes":""},"categories":[2],"tags":[11,1076,1011,27,1077,430,12,25,2848],"class_list":{"0":"post-595550","1":"post","2":"type-post","3":"status-publish","4":"format-standard","5":"has-post-thumbnail","7":"category-actualites","8":"tag-actualites","9":"tag-extreme-droite","10":"tag-fr","11":"tag-france","12":"tag-jordan-bardella","13":"tag-marine-le-pen","14":"tag-news","15":"tag-republique-francaise","16":"tag-rn"},"share_on_mastodon":{"url":"https:\/\/pubeurope.com\/@fr\/115708515095191817","error":""},"_links":{"self":[{"href":"https:\/\/www.europesays.com\/fr\/wp-json\/wp\/v2\/posts\/595550","targetHints":{"allow":["GET"]}}],"collection":[{"href":"https:\/\/www.europesays.com\/fr\/wp-json\/wp\/v2\/posts"}],"about":[{"href":"https:\/\/www.europesays.com\/fr\/wp-json\/wp\/v2\/types\/post"}],"author":[{"embeddable":true,"href":"https:\/\/www.europesays.com\/fr\/wp-json\/wp\/v2\/users\/2"}],"replies":[{"embeddable":true,"href":"https:\/\/www.europesays.com\/fr\/wp-json\/wp\/v2\/comments?post=595550"}],"version-history":[{"count":0,"href":"https:\/\/www.europesays.com\/fr\/wp-json\/wp\/v2\/posts\/595550\/revisions"}],"wp:featuredmedia":[{"embeddable":true,"href":"https:\/\/www.europesays.com\/fr\/wp-json\/wp\/v2\/media\/595551"}],"wp:attachment":[{"href":"https:\/\/www.europesays.com\/fr\/wp-json\/wp\/v2\/media?parent=595550"}],"wp:term":[{"taxonomy":"category","embeddable":true,"href":"https:\/\/www.europesays.com\/fr\/wp-json\/wp\/v2\/categories?post=595550"},{"taxonomy":"post_tag","embeddable":true,"href":"https:\/\/www.europesays.com\/fr\/wp-json\/wp\/v2\/tags?post=595550"}],"curies":[{"name":"wp","href":"https:\/\/api.w.org\/{rel}","templated":true}]}}