{"id":595556,"date":"2025-12-12T20:40:20","date_gmt":"2025-12-12T20:40:20","guid":{"rendered":"https:\/\/www.europesays.com\/fr\/595556\/"},"modified":"2025-12-12T20:40:20","modified_gmt":"2025-12-12T20:40:20","slug":"volleyball-ouverture-du-tournoi-de-volley-ball-ce-week-end","status":"publish","type":"post","link":"https:\/\/www.europesays.com\/fr\/595556\/","title":{"rendered":"Volleyball : Ouverture du tournoi de volley-ball ce week-end"},"content":{"rendered":"<p>Les d\u00e9tenteurs des troph\u00e9es du Tournoi d\u2019ouverture de saison de volley-ball, les gar\u00e7ons de l\u2019ASFA et les filles de la Sococim, auront l\u2019occasion de d\u00e9fendre leurs titres ce week-end. Mais avec les changements intervenus durant l\u2019intersaison, les pronostics restent tr\u00e8s incertains .<\/p>\n<p>En effet, selon les informations de Record, l\u2019intersaison du volley-ball s\u00e9n\u00e9galais a \u00e9t\u00e9 marqu\u00e9e par des d\u00e9parts et arriv\u00e9es de joueurs et joueuses, rendant difficile toute pr\u00e9vision pour le tournoi pr\u00e9vu au terrain du camp G\u00e9n\u00e9ral Idrissa Fall \u00e0 Libert\u00e9 6, Dakar (ex-Leclerc).<\/p>\n<p>Chez les hommes, l\u2019ASC Ville de Dakar, championne nationale en titre, affrontera YUGB, laur\u00e9ate du troph\u00e9e d\u2019ouverture 2024. L\u2019ASFA, vice championne nationale, et Kobas Tamba, demi finaliste de l\u2019\u00e9lite, compl\u00e8tent le quatuor masculin, laissant planer un vrai doute sur l\u2019issue du tournoi.<\/p>\n<p>Chez les dames, la disparition de la section f\u00e9minine de l\u2019ASFA et l\u2019isolement de Santhiaba Ziguinchor ont r\u00e9duit la comp\u00e9tition \u00e0 deux \u00e9quipes seulement. La Sococim d\u00e9fendra son titre lors d\u2019un seul match face \u00e0 l\u2019ASC Ville de Dakar. Comme chez les hommes, l\u2019intersaison a entra\u00een\u00e9 des mouvements qui ont renforc\u00e9 certaines \u00e9quipes et affaibli d\u2019autres.<\/p>\n<p>\u00a0<\/p>\n<p>\u00a0<\/p>\n<p>\u00a0<\/p>\n<p>wiwsport.com<\/p>\n","protected":false},"excerpt":{"rendered":"Les d\u00e9tenteurs des troph\u00e9es du Tournoi d\u2019ouverture de saison de volley-ball, les gar\u00e7ons de l\u2019ASFA et les filles&hellip;\n","protected":false},"author":2,"featured_media":595557,"comment_status":"","ping_status":"","sticky":false,"template":"","format":"standard","meta":{"footnotes":""},"categories":[1417],"tags":[1011,27,60,1470,1469],"class_list":{"0":"post-595556","1":"post","2":"type-post","3":"status-publish","4":"format-standard","5":"has-post-thumbnail","7":"category-volley","8":"tag-fr","9":"tag-france","10":"tag-sports","11":"tag-volley","12":"tag-volleyball"},"share_on_mastodon":{"url":"https:\/\/pubeurope.com\/@fr\/115708534796828616","error":""},"_links":{"self":[{"href":"https:\/\/www.europesays.com\/fr\/wp-json\/wp\/v2\/posts\/595556","targetHints":{"allow":["GET"]}}],"collection":[{"href":"https:\/\/www.europesays.com\/fr\/wp-json\/wp\/v2\/posts"}],"about":[{"href":"https:\/\/www.europesays.com\/fr\/wp-json\/wp\/v2\/types\/post"}],"author":[{"embeddable":true,"href":"https:\/\/www.europesays.com\/fr\/wp-json\/wp\/v2\/users\/2"}],"replies":[{"embeddable":true,"href":"https:\/\/www.europesays.com\/fr\/wp-json\/wp\/v2\/comments?post=595556"}],"version-history":[{"count":0,"href":"https:\/\/www.europesays.com\/fr\/wp-json\/wp\/v2\/posts\/595556\/revisions"}],"wp:featuredmedia":[{"embeddable":true,"href":"https:\/\/www.europesays.com\/fr\/wp-json\/wp\/v2\/media\/595557"}],"wp:attachment":[{"href":"https:\/\/www.europesays.com\/fr\/wp-json\/wp\/v2\/media?parent=595556"}],"wp:term":[{"taxonomy":"category","embeddable":true,"href":"https:\/\/www.europesays.com\/fr\/wp-json\/wp\/v2\/categories?post=595556"},{"taxonomy":"post_tag","embeddable":true,"href":"https:\/\/www.europesays.com\/fr\/wp-json\/wp\/v2\/tags?post=595556"}],"curies":[{"name":"wp","href":"https:\/\/api.w.org\/{rel}","templated":true}]}}