{"id":595558,"date":"2025-12-12T20:41:21","date_gmt":"2025-12-12T20:41:21","guid":{"rendered":"https:\/\/www.europesays.com\/fr\/595558\/"},"modified":"2025-12-12T20:41:21","modified_gmt":"2025-12-12T20:41:21","slug":"provence-rugby-beziers-le-resume-de-la-victoire-des-provencaux","status":"publish","type":"post","link":"https:\/\/www.europesays.com\/fr\/595558\/","title":{"rendered":"Provence Rugby &#8211; B\u00e9ziers : le r\u00e9sum\u00e9 de la victoire des Proven\u00e7aux"},"content":{"rendered":"<p>\n                Revivez la rencontre de la 14e journ\u00e9e de Pro D2 entre Provence Rugby et B\u00e9ziers.\n            <\/p>\n<p>Provence Rugby a su faire la diff\u00e9rence face \u00e0 une courageuse \u00e9quipe de B\u00e9ziers lors de la 14e journ\u00e9e de Pro D2 (38-18).<\/p>\n<p>Largement dominateurs, malgr\u00e9 quelques impr\u00e9cisions, les Aixois ont r\u00e9pondu \u00e0 l&rsquo;engagement des visiteurs et rebondissent apr\u00e8s leur d\u00e9faite sur la pelouse d&rsquo;Agen.<\/p>\n<p>La rencontre sera arbitr\u00e9e par M. Dutreuilh.<\/p>\n","protected":false},"excerpt":{"rendered":"Revivez la rencontre de la 14e journ\u00e9e de Pro D2 entre Provence Rugby et B\u00e9ziers. Provence Rugby a&hellip;\n","protected":false},"author":2,"featured_media":595559,"comment_status":"","ping_status":"","sticky":false,"template":"","format":"standard","meta":{"footnotes":""},"categories":[1416],"tags":[1011,27,69255,2308,479,1468,68796,60],"class_list":{"0":"post-595558","1":"post","2":"type-post","3":"status-publish","4":"format-standard","5":"has-post-thumbnail","7":"category-rugby","8":"tag-fr","9":"tag-france","10":"tag-les-matchs-pro-d2-en-direct","11":"tag-pro-d2","12":"tag-rugby","13":"tag-rugby-football","14":"tag-rugby-u00e0-xv","15":"tag-sports"},"share_on_mastodon":{"url":"https:\/\/pubeurope.com\/@fr\/115708538707854923","error":""},"_links":{"self":[{"href":"https:\/\/www.europesays.com\/fr\/wp-json\/wp\/v2\/posts\/595558","targetHints":{"allow":["GET"]}}],"collection":[{"href":"https:\/\/www.europesays.com\/fr\/wp-json\/wp\/v2\/posts"}],"about":[{"href":"https:\/\/www.europesays.com\/fr\/wp-json\/wp\/v2\/types\/post"}],"author":[{"embeddable":true,"href":"https:\/\/www.europesays.com\/fr\/wp-json\/wp\/v2\/users\/2"}],"replies":[{"embeddable":true,"href":"https:\/\/www.europesays.com\/fr\/wp-json\/wp\/v2\/comments?post=595558"}],"version-history":[{"count":0,"href":"https:\/\/www.europesays.com\/fr\/wp-json\/wp\/v2\/posts\/595558\/revisions"}],"wp:featuredmedia":[{"embeddable":true,"href":"https:\/\/www.europesays.com\/fr\/wp-json\/wp\/v2\/media\/595559"}],"wp:attachment":[{"href":"https:\/\/www.europesays.com\/fr\/wp-json\/wp\/v2\/media?parent=595558"}],"wp:term":[{"taxonomy":"category","embeddable":true,"href":"https:\/\/www.europesays.com\/fr\/wp-json\/wp\/v2\/categories?post=595558"},{"taxonomy":"post_tag","embeddable":true,"href":"https:\/\/www.europesays.com\/fr\/wp-json\/wp\/v2\/tags?post=595558"}],"curies":[{"name":"wp","href":"https:\/\/api.w.org\/{rel}","templated":true}]}}