{"id":595560,"date":"2025-12-12T20:42:20","date_gmt":"2025-12-12T20:42:20","guid":{"rendered":"https:\/\/www.europesays.com\/fr\/595560\/"},"modified":"2025-12-12T20:42:20","modified_gmt":"2025-12-12T20:42:20","slug":"atp-si-je-devais-citer-un-nom-qui-peut-vraiment-gener-les-deux-monstres-que-sont-carlos-alcaraz-et-jannik-sinner-cest-lui","status":"publish","type":"post","link":"https:\/\/www.europesays.com\/fr\/595560\/","title":{"rendered":"ATP > \u00ab\u00a0Si je devais citer un nom qui peut vraiment g\u00eaner les deux monstres que sont Carlos Alcaraz et Jannik Sinner, c&rsquo;est lui\u00a0\u00bb"},"content":{"rendered":"<p>Ancien joueur italien (415e mondial en 2006) et d\u00e9sor\u00admais entra\u00ee\u00adneur sur le circuit prin\u00adcipal malgr\u00e9 sa r\u00e9cente s\u00e9pa\u00adra\u00adtion avec Lorenzo Sonego, Fabio Colangelo a accord\u00e9 une inter\u00adview \u00e0 nos confr\u00e8res italiens de <a href=\"https:\/\/www.spaziotennis.com\/interv\/esclusiva-fabio-colangelo-sinner-completo-fa-cose-meglio-degli-altri\/117868\" data-wpel-link=\"external\" target=\"_blank\" rel=\"nofollow external noopener\">Spazio Tennis<\/a> dans laquelle il \u00e9voque l\u2019ac\u00adtuelle domi\u00adna\u00adtion de Jannik Sinner et Carlos Alcaraz.\u00a0<\/p>\n<p>Et selon lui, il n\u2019y a qu\u2019un seul joueur capable de riva\u00adliser avec ce duo de\u00a0choc.\u00a0<\/p>\n<p><strong>\u00ab\u202fC\u2019est un sujet impor\u00adtant. Tout d\u00e9pendra de l\u2019as\u00adpect physique, mais je pense que le joueur qui a les meilleures carac\u00adt\u00e9\u00adris\u00adtiques tech\u00adniques pour se rappro\u00adcher de ce niveau est Jack Draper. J\u2019aime aussi beau\u00adcoup Fonseca, qui est tr\u00e8s jeune, d\u00e9j\u00e0 dans le top 30 et qui a la marge et le temps de progresser. Je suis \u00e9gale\u00adment curieux de voir Mensik, mais il faudra voir son \u00e9volu\u00adtion physique et mentale. Si je devais citer un nom, cepen\u00addant, celui qui, si son physique le permet, peut vrai\u00adment essayer de g\u00eaner les deux monstres, c\u2019est Draper.\u202f\u00bb<\/strong><\/p>\n<p class=\"post-published-date\" style=\"color: silver; font-size: 75%; text-align: left;\">Publi\u00e9 le vendredi 12 d\u00e9cembre 2025 \u00e0 19:15<\/p>\n","protected":false},"excerpt":{"rendered":"Ancien joueur italien (415e mondial en 2006) et d\u00e9sor\u00admais entra\u00ee\u00adneur sur le circuit prin\u00adcipal malgr\u00e9 sa r\u00e9cente s\u00e9pa\u00adra\u00adtion&hellip;\n","protected":false},"author":2,"featured_media":547384,"comment_status":"","ping_status":"","sticky":false,"template":"","format":"standard","meta":{"footnotes":""},"categories":[1415],"tags":[1744,4388,1011,27,2127,60,1467],"class_list":{"0":"post-595560","1":"post","2":"type-post","3":"status-publish","4":"format-standard","5":"has-post-thumbnail","7":"category-tennis","8":"tag-alcaraz","9":"tag-draper","10":"tag-fr","11":"tag-france","12":"tag-sinner","13":"tag-sports","14":"tag-tennis"},"share_on_mastodon":{"url":"https:\/\/pubeurope.com\/@fr\/115708542500659149","error":""},"_links":{"self":[{"href":"https:\/\/www.europesays.com\/fr\/wp-json\/wp\/v2\/posts\/595560","targetHints":{"allow":["GET"]}}],"collection":[{"href":"https:\/\/www.europesays.com\/fr\/wp-json\/wp\/v2\/posts"}],"about":[{"href":"https:\/\/www.europesays.com\/fr\/wp-json\/wp\/v2\/types\/post"}],"author":[{"embeddable":true,"href":"https:\/\/www.europesays.com\/fr\/wp-json\/wp\/v2\/users\/2"}],"replies":[{"embeddable":true,"href":"https:\/\/www.europesays.com\/fr\/wp-json\/wp\/v2\/comments?post=595560"}],"version-history":[{"count":0,"href":"https:\/\/www.europesays.com\/fr\/wp-json\/wp\/v2\/posts\/595560\/revisions"}],"wp:featuredmedia":[{"embeddable":true,"href":"https:\/\/www.europesays.com\/fr\/wp-json\/wp\/v2\/media\/547384"}],"wp:attachment":[{"href":"https:\/\/www.europesays.com\/fr\/wp-json\/wp\/v2\/media?parent=595560"}],"wp:term":[{"taxonomy":"category","embeddable":true,"href":"https:\/\/www.europesays.com\/fr\/wp-json\/wp\/v2\/categories?post=595560"},{"taxonomy":"post_tag","embeddable":true,"href":"https:\/\/www.europesays.com\/fr\/wp-json\/wp\/v2\/tags?post=595560"}],"curies":[{"name":"wp","href":"https:\/\/api.w.org\/{rel}","templated":true}]}}