{"id":595561,"date":"2025-12-12T20:46:36","date_gmt":"2025-12-12T20:46:36","guid":{"rendered":"https:\/\/www.europesays.com\/fr\/595561\/"},"modified":"2025-12-12T20:46:36","modified_gmt":"2025-12-12T20:46:36","slug":"le-tour-du-doubs-annule-en-2026-actualite","status":"publish","type":"post","link":"https:\/\/www.europesays.com\/fr\/595561\/","title":{"rendered":"Le Tour du Doubs annul\u00e9 en 2026 &#8211; Actualit\u00e9"},"content":{"rendered":"<p style=\"text-align: justify;\">Le VC Morteau-Montbenoit a tenu son assembl\u00e9e g\u00e9n\u00e9rale ce vendredi. Le club affiche un r\u00e9sultat financier n\u00e9gatif pour 2025 et a d\u00fb prendre une d\u00e9cision pour faire des \u00e9conomies : l&rsquo;annulation du Tour du Doubs, manche de la Coupe de France, rebaptis\u00e9e <strong><a href=\"https:\/\/www.directvelo.com\/actualite\/125730\/des-changements-pour-la-coupe-de-france-pro\" target=\"_blank\" rel=\"noopener\">\u00ab\u00a0FDJ United Series\u00a0\u00bb<\/a><\/strong>, annonce <a href=\"https:\/\/www.estrepublicain.fr\/sport\/2025\/12\/12\/le-tour-du-doubs-mis-en-sommeil-pour-faciliter-la-sauvegarde-du-vc-morteau-montbenoit\" target=\"_blank\" rel=\"noopener\"><strong>L&rsquo;Est R\u00e9publicain<\/strong><\/a>. Jean-Fran\u00e7ois Ducrot, pr\u00e9sident du club, pr\u00e9cise que \u00ab\u00a0c&rsquo;est une d\u00e9cision responsable et prudente\u00a0\u00bb et qu&rsquo;il s&rsquo;agit d&rsquo;une pause dans l&rsquo;organisation.\u00a0\u00ab\u00a0Le club va d\u00e9sormais s\u2019engager dans un travail de fond visant \u00e0 repenser le format de l\u2019\u00e9preuve et imaginer une \u00e9dition renouvel\u00e9e, \u00e0 la hauteur de l\u2019histoire de la course et de l\u2019attachement du territoire \u00e0 cet \u00e9v\u00e9nement embl\u00e9matique\u00a0\u00bb, peut-on lire dans un communiqu\u00e9.\u00a0<\/p>\n<p style=\"text-align: justify;\">Le club qui soutient une\u00a0<strong><a href=\"https:\/\/www.directvelo.com\/equipe\/3634\/vc-morteau-montbenoit-fem\" target=\"_blank\" rel=\"noopener\">N1 Femmes<\/a><\/strong> doit faire face \u00e0 des d\u00e9penses en hausse et des financements en baisse. \u00ab\u00a0On va concentrer nos moyens sur la sauvegarde et le d\u00e9veloppement de notre \u00e9quipe N1 f\u00e9minine\u00a0\u00bb, ajoutent les dirigeants dans le quotidien. Toutefois, le VC Morteau-Montbeno\u00eet ajoute que l&rsquo;organisation du Tour du Doubs \u00e9tait \u00e0 l&rsquo;\u00e9quilibre et ne perdait donc pas d&rsquo;argent.\u00a0<\/p>\n<p>Le Tour du Doubs (1.1) \u00e9tait pr\u00e9vu <a href=\"https:\/\/www.directvelo.com\/actualite\/125731\/fdj-united-series-le-calendrier-2026\" target=\"_blank\" rel=\"noopener\"><strong>le dimanche 19 avril<\/strong><\/a>. Il n&rsquo;y aura donc que deux courses du triptyque franc-comtois, la Classic Grand Besan\u00e7on Doubs et le Tour du Jura. Il faudra patienter un an de plus pour conna\u00eetre le successeur de <a href=\"https:\/\/www.directvelo.com\/actualite\/119942\/tour-du-doubs-classement\" target=\"_blank\" rel=\"noopener\"><strong>Matt\u00e9o Vercher<\/strong><\/a>.\u00a0<\/p>\n","protected":false},"excerpt":{"rendered":"Le VC Morteau-Montbenoit a tenu son assembl\u00e9e g\u00e9n\u00e9rale ce vendredi. Le club affiche un r\u00e9sultat financier n\u00e9gatif pour&hellip;\n","protected":false},"author":2,"featured_media":595562,"comment_status":"","ping_status":"","sticky":false,"template":"","format":"standard","meta":{"footnotes":""},"categories":[1411],"tags":[834,828,836,829,837,827,83,826,824,823,1154,207,814,817,815,816,822,821,832,211,839,1011,27,820,818,819,835,831,830,833,838,60,212,208,825],"class_list":{"0":"post-595561","1":"post","2":"type-post","3":"status-publish","4":"format-standard","5":"has-post-thumbnail","7":"category-cyclisme","8":"tag-attaque","9":"tag-belgique","10":"tag-braquet","11":"tag-bretagne","12":"tag-chute","13":"tag-competition","14":"tag-coupe-de-france","15":"tag-coureur","16":"tag-course-cyclisme","17":"tag-course-cycliste","18":"tag-cycling","19":"tag-cyclisme","20":"tag-direct","21":"tag-direct-velo","22":"tag-directvelo","23":"tag-directvelo-com","24":"tag-epreuve","25":"tag-epreuve-cycliste","26":"tag-federation-francaise-de-cyclisme","27":"tag-ffc","28":"tag-flandres","29":"tag-fr","30":"tag-france","31":"tag-live","32":"tag-live-course","33":"tag-live-epreuve","34":"tag-peloton","35":"tag-radio-peloton","36":"tag-radio-tour","37":"tag-ravitaillement","38":"tag-relance","39":"tag-sports","40":"tag-uci","41":"tag-velo","42":"tag-velos"},"share_on_mastodon":{"url":"https:\/\/pubeurope.com\/@fr\/115708558431766870","error":""},"_links":{"self":[{"href":"https:\/\/www.europesays.com\/fr\/wp-json\/wp\/v2\/posts\/595561","targetHints":{"allow":["GET"]}}],"collection":[{"href":"https:\/\/www.europesays.com\/fr\/wp-json\/wp\/v2\/posts"}],"about":[{"href":"https:\/\/www.europesays.com\/fr\/wp-json\/wp\/v2\/types\/post"}],"author":[{"embeddable":true,"href":"https:\/\/www.europesays.com\/fr\/wp-json\/wp\/v2\/users\/2"}],"replies":[{"embeddable":true,"href":"https:\/\/www.europesays.com\/fr\/wp-json\/wp\/v2\/comments?post=595561"}],"version-history":[{"count":0,"href":"https:\/\/www.europesays.com\/fr\/wp-json\/wp\/v2\/posts\/595561\/revisions"}],"wp:featuredmedia":[{"embeddable":true,"href":"https:\/\/www.europesays.com\/fr\/wp-json\/wp\/v2\/media\/595562"}],"wp:attachment":[{"href":"https:\/\/www.europesays.com\/fr\/wp-json\/wp\/v2\/media?parent=595561"}],"wp:term":[{"taxonomy":"category","embeddable":true,"href":"https:\/\/www.europesays.com\/fr\/wp-json\/wp\/v2\/categories?post=595561"},{"taxonomy":"post_tag","embeddable":true,"href":"https:\/\/www.europesays.com\/fr\/wp-json\/wp\/v2\/tags?post=595561"}],"curies":[{"name":"wp","href":"https:\/\/api.w.org\/{rel}","templated":true}]}}