{"id":595563,"date":"2025-12-12T20:48:18","date_gmt":"2025-12-12T20:48:18","guid":{"rendered":"https:\/\/www.europesays.com\/fr\/595563\/"},"modified":"2025-12-12T20:48:18","modified_gmt":"2025-12-12T20:48:18","slug":"des-discussions-en-cours-entre-chauray-et-les-girondins-de-bordeaux-pour-pierre-bertrand-arne","status":"publish","type":"post","link":"https:\/\/www.europesays.com\/fr\/595563\/","title":{"rendered":"des discussions en cours entre Chauray et les Girondins de Bordeaux pour Pierre-Bertrand Arn\u00e9"},"content":{"rendered":"<p>Contrairement \u00e0 J\u00e9r\u00f4me Lemoine-Cl\u00e9ment finalement non convoqu\u00e9 et J\u00e9r\u00e9my Grain touch\u00e9 au mollet, Pierre-Bertrand Arn\u00e9 va bien d\u00e9marrer dans le onze du FC Chauray face \u00e0 Angoul\u00eame vendredi. L\u2019ailier gauche s\u2019est \u00e9chauff\u00e9 normalement. Pourtant, quelques heures plus t\u00f4t, le site d\u2019actualit\u00e9s <a target=\"_blank\" href=\"https:\/\/www.webgirondins.com\/actualite-mercato-girondins-bruno-irles-annonce-l-arrivee-possible-d-un-ou-deux-renforts-131469\" rel=\"noopener\">WebGirondins<\/a> annon\u00e7ait la signature de l\u2019ailier \u00e0 Bordeaux d\u00e8s lundi. Nos confr\u00e8res de <a target=\"_self\" href=\"https:\/\/www.sudouest.fr\/sport\/football\/girondins-de-bordeaux-sans-ba-a-montlouis-un-renfort-en-approche-27064047.php\" rel=\"noopener\">Sud Ouest<\/a> ont \u00e9voqu\u00e9 aussi des \u00ab discussions avanc\u00e9es.\u00a0\u00bb<\/p>\n<p>Dans le club deux-s\u00e9vrien, un dirigeant indique que les deux clubs \u00e9changent au sujet du joueur mais aucun accord n\u2019a \u00e9t\u00e9 trouv\u00e9 au moment d\u2019\u00e9crire ces lignes. En cas de d\u00e9part, Chauray perdrait l\u2019un de ses meilleurs joueurs offensifs.<\/p>\n<p>Une belle performance contre les Girondins<\/p>\n<p>Auteur de deux buts et de trois passes d\u00e9cisives, l\u2019ancien joueur de Ch\u00e2tellerault (14 buts en National 3 l\u2019an pass\u00e9) avait fait une bonne impression face aux Girondins d\u00e9but novembre.<\/p>\n<p>Align\u00e9 en pointe, il s\u2019\u00e9tait d\u00e9men\u00e9 sur le front de l\u2019attaque avec des appels en profondeur incessants. Le board girondin avait appr\u00e9ci\u00e9 la prestation du Chauraisien de 25\u00a0ans. Pour l\u2019ex joueur de Castanet, ce serait une belle opportunit\u00e9 de rebondir chez le leader de National 2 qui peut pr\u00e9tendre d\u2019acc\u00e9der \u00e0 la troisi\u00e8me division nationale en mai.<\/p>\n","protected":false},"excerpt":{"rendered":"Contrairement \u00e0 J\u00e9r\u00f4me Lemoine-Cl\u00e9ment finalement non convoqu\u00e9 et J\u00e9r\u00e9my Grain touch\u00e9 au mollet, Pierre-Bertrand Arn\u00e9 va bien d\u00e9marrer&hellip;\n","protected":false},"author":2,"featured_media":595564,"comment_status":"","ping_status":"","sticky":false,"template":"","format":"standard","meta":{"footnotes":""},"categories":[1410],"tags":[1392,19489,22484,2545,44839,63,1011,27,22485,60],"class_list":{"0":"post-595563","1":"post","2":"type-post","3":"status-publish","4":"format-standard","5":"has-post-thumbnail","7":"category-football","8":"tag-a-la-une-local","9":"tag-chatellerault","10":"tag-chauray","11":"tag-deux-sevres","12":"tag-fc-chauray","13":"tag-football","14":"tag-fr","15":"tag-france","16":"tag-nationaux-football","17":"tag-sports"},"share_on_mastodon":{"url":"https:\/\/pubeurope.com\/@fr\/115708566330968610","error":""},"_links":{"self":[{"href":"https:\/\/www.europesays.com\/fr\/wp-json\/wp\/v2\/posts\/595563","targetHints":{"allow":["GET"]}}],"collection":[{"href":"https:\/\/www.europesays.com\/fr\/wp-json\/wp\/v2\/posts"}],"about":[{"href":"https:\/\/www.europesays.com\/fr\/wp-json\/wp\/v2\/types\/post"}],"author":[{"embeddable":true,"href":"https:\/\/www.europesays.com\/fr\/wp-json\/wp\/v2\/users\/2"}],"replies":[{"embeddable":true,"href":"https:\/\/www.europesays.com\/fr\/wp-json\/wp\/v2\/comments?post=595563"}],"version-history":[{"count":0,"href":"https:\/\/www.europesays.com\/fr\/wp-json\/wp\/v2\/posts\/595563\/revisions"}],"wp:featuredmedia":[{"embeddable":true,"href":"https:\/\/www.europesays.com\/fr\/wp-json\/wp\/v2\/media\/595564"}],"wp:attachment":[{"href":"https:\/\/www.europesays.com\/fr\/wp-json\/wp\/v2\/media?parent=595563"}],"wp:term":[{"taxonomy":"category","embeddable":true,"href":"https:\/\/www.europesays.com\/fr\/wp-json\/wp\/v2\/categories?post=595563"},{"taxonomy":"post_tag","embeddable":true,"href":"https:\/\/www.europesays.com\/fr\/wp-json\/wp\/v2\/tags?post=595563"}],"curies":[{"name":"wp","href":"https:\/\/api.w.org\/{rel}","templated":true}]}}