{"id":595567,"date":"2025-12-12T20:50:18","date_gmt":"2025-12-12T20:50:18","guid":{"rendered":"https:\/\/www.europesays.com\/fr\/595567\/"},"modified":"2025-12-12T20:50:18","modified_gmt":"2025-12-12T20:50:18","slug":"cette-famille-a-rejete-la-maison-spectaculaire-pour-un-projet-discret-et-durable","status":"publish","type":"post","link":"https:\/\/www.europesays.com\/fr\/595567\/","title":{"rendered":"cette famille a rejet\u00e9 la maison spectaculaire pour un projet discret et durable"},"content":{"rendered":"<p>\u00c0 Cardedeu, pr\u00e8s de Barcelone, une maison en briques se cache<br \/>\nderri\u00e8re un mur sur rue. Rien de spectaculaire \u00e0 premi\u00e8re vue : une<br \/>\nfamille en qu\u00eate de calme, lass\u00e9e de l\u00a0\u00bbappartement sombre et<br \/>\ncloisonn\u00e9 o\u00f9 elle vivait, rencontre deux architectes catalans,<br \/>\nBernat Riera et Sergi Puig. Ensemble, ils vont imaginer<br \/>\n<strong>Acacias<\/strong>, une <strong>maison-patio<\/strong> pens\u00e9e<br \/>\npour durer.<\/p>\n<p>En acceptant ce projet de 210 m\u00b2, le duo <strong>SIGLA<br \/>\nStudio<\/strong> ne s&rsquo;est pas fix\u00e9 comme objectif de signer une<br \/>\nic\u00f4ne instagrammable. Leur priorit\u00e9 a \u00e9t\u00e9 de transformer la demande<br \/>\nde cette famille en une architecture domestique sobre, lumineuse et<br \/>\nadaptable, capable de r\u00e9pondre au climat m\u00e9diterran\u00e9en et aux<br \/>\ncontraintes d&rsquo;une parcelle \u00e9troite. Une maison qui accompagne la<br \/>\nvie plut\u00f4t qu&rsquo;elle ne la met en sc\u00e8ne.<\/p>\n<p>Acacias Sigla Studio : une commande familiale loin de la maison<br \/>\nspectaculaire<\/p>\n<p>\u00ab\u00a0Le projet a \u00e9t\u00e9 command\u00e9 par un jeune couple avec deux enfants<br \/>\nqui cherchait un endroit o\u00f9 leur projet de vie pourrait prendre<br \/>\nracine. Ils quittaient un appartement conventionnel, avec des<br \/>\nespaces cloisonn\u00e9s, une mauvaise ventilation et aucun lien avec<br \/>\nl&rsquo;ext\u00e9rieur. Ils souhaitaient une maison aux espaces plus g\u00e9n\u00e9reux,<br \/>\navec lumi\u00e8re naturelle, jardin et piscine. Un nouvel espace de vie<br \/>\nqui les accompagnerait dans le temps, avec la possibilit\u00e9 d&rsquo;adapter<br \/>\nla maison aux diff\u00e9rentes \u00e9tapes de leur vie familiale. Ils ne<br \/>\ncherchaient pas une maison spectaculaire, mais une maison utile,<br \/>\nsobre et construite de mani\u00e8re raisonnable\u00a0\u00bb, se souvient SIGLA<br \/>\nStudio dans AD Magazine.<\/p>\n<p>Pour Bernat Riera et Sergi Puig, ce brief arrivait au bon<br \/>\nmoment, quand leur atelier atteignait un \u00e9tat de maturit\u00e9 et de<br \/>\nr\u00e9flexion. Leur ambition : concevoir une maison familiale capable<br \/>\nde traverser les d\u00e9cennies, \u00e0 l&rsquo;image de la maison-mus\u00e9e du<br \/>\nsculpteur Georg Kolbe \u00e0 Berlin, construite en 1928 par Ernst<br \/>\nRentsch et qui les a profond\u00e9ment marqu\u00e9s par son<br \/>\nintemporalit\u00e9.<\/p>\n<p>Une maison-patio en briques qui prot\u00e8ge sans s&rsquo;enfermer<\/p>\n<p>Le terrain d&rsquo;<strong>Acacias Sigla Studio<\/strong> \u00e0 Cardedeu<br \/>\nest \u00e9troit et profond, pris entre les maisons voisines. Les<br \/>\narchitectes occupent presque tout le gabarit autoris\u00e9 au<br \/>\nrez-de-chauss\u00e9e pour dessiner une maison-patio compacte autour de<br \/>\ndeux cours, l&rsquo;une d&rsquo;acc\u00e8s et l&rsquo;autre pour la piscine. Entre ces<br \/>\npleins et ces vides, les murs lat\u00e9raux jouent un r\u00f4le cl\u00e9 : \u00ab\u00a0Il ne<br \/>\ns&rsquo;agit pas de se fermer, mais de s\u00e9lectionner ce que l&rsquo;on regarde,<br \/>\nce que l&rsquo;on respire, ce que l&rsquo;on habite\u00a0\u00bb, r\u00e9sument-ils.<\/p>\n<p>Ce soin se lit aussi dans la brique artisanale qui habille la<br \/>\nmaison. \u00ab\u00a0La brique est fabriqu\u00e9e comme autrefois : argile<br \/>\nnaturelle, s\u00e9chage lent et cuisson au bois. Il n&rsquo;y a pas deux<br \/>\npi\u00e8ces identiques. Cette imperfection fait partie de sa beaut\u00e9. La<br \/>\nbrique constitue les murs, mais aussi les textures, les appuis de<br \/>\nfen\u00eatre, le pavage ext\u00e9rieur. C&rsquo;est un mat\u00e9riau qui nous permet de<br \/>\npasser du naturel au b\u00e2ti sans perdre le lien avec la mati\u00e8re\u00a0\u00bb,<br \/>\nexpliquent les responsables de l\u2019entreprise.<\/p>\n<p>Une maison familiale flexible, pens\u00e9e<br \/>\npour le temps long<\/p>\n<p>Autour de ces deux patios, le plan reste d&rsquo;une grande simplicit\u00e9<br \/>\n: au rez-de-chauss\u00e9e se d\u00e9ploient entr\u00e9e, cuisine, salle \u00e0 manger,<br \/>\nsalon et une pi\u00e8ce polyvalente qui peut devenir chambre, tandis<br \/>\nqu&rsquo;\u00e0 l&rsquo;\u00e9tage deux grands volumes pourront se subdiviser en quatre<br \/>\nchambres. Gr\u00e2ce aux ouvertures crois\u00e9es, \u00ab\u00a0la maison re\u00e7oit le<br \/>\nsoleil pratiquement toute la journ\u00e9e. D\u00e8s les premi\u00e8res heures du<br \/>\nmatin et jusqu&rsquo;\u00e0 l&rsquo;apr\u00e8s-midi, la lumi\u00e8re entre depuis diff\u00e9rentes<br \/>\norientations\u00a0\u00bb, expliquent Bernat Riera et Sergi Puig dans El<br \/>\nMueble.<\/p>\n<p>Pour les architectes, cette adaptabilit\u00e9 sans travaux lourds est<br \/>\nla vraie modernit\u00e9 de la maison. Ils revendiquent une architecture<br \/>\no\u00f9 \u00ab\u00a0la maison-patio n&rsquo;impose pas un usage fixe, mais ouvre des<br \/>\npossibilit\u00e9s\u00a0\u00bb. En filigrane, leur objectif reste de \u00ab\u00a0construire des<br \/>\nespaces qui perdurent, qui soient durables pour l&rsquo;environnement et<br \/>\nqui demeurent, avec dignit\u00e9, dans le temps\u00a0\u00bb, r\u00e9sument Bernat Riera<br \/>\net Sergi Puig.<\/p>\n","protected":false},"excerpt":{"rendered":"\u00c0 Cardedeu, pr\u00e8s de Barcelone, une maison en briques se cache derri\u00e8re un mur sur rue. Rien de&hellip;\n","protected":false},"author":2,"featured_media":595568,"comment_status":"","ping_status":"","sticky":false,"template":"","format":"standard","meta":{"footnotes":""},"categories":[1358],"tags":[13041,1348,1384,1385,3917,70823,3477,16361,1805,1386,69399,58,12223,59,12219,4560,652,1011,27,4743,70822,2142,471,1095,39611,35018,9066],"class_list":{"0":"post-595567","1":"post","2":"type-post","3":"status-publish","4":"format-standard","5":"has-post-thumbnail","7":"category-arts-et-design","8":"tag-a","9":"tag-arts","10":"tag-arts-and-design","11":"tag-arts-et-design","12":"tag-avant","13":"tag-ceci","14":"tag-cette","15":"tag-construire","16":"tag-de","17":"tag-design","18":"tag-discret","19":"tag-divertissement","20":"tag-durable","21":"tag-entertainment","22":"tag-et","23":"tag-faire","24":"tag-famille","25":"tag-fr","26":"tag-france","27":"tag-la","28":"tag-lisez","29":"tag-maison","30":"tag-pour","31":"tag-projet","32":"tag-rejete","33":"tag-spectaculaire","34":"tag-un"},"share_on_mastodon":{"url":"https:\/\/pubeurope.com\/@fr\/115708574013456361","error":""},"_links":{"self":[{"href":"https:\/\/www.europesays.com\/fr\/wp-json\/wp\/v2\/posts\/595567","targetHints":{"allow":["GET"]}}],"collection":[{"href":"https:\/\/www.europesays.com\/fr\/wp-json\/wp\/v2\/posts"}],"about":[{"href":"https:\/\/www.europesays.com\/fr\/wp-json\/wp\/v2\/types\/post"}],"author":[{"embeddable":true,"href":"https:\/\/www.europesays.com\/fr\/wp-json\/wp\/v2\/users\/2"}],"replies":[{"embeddable":true,"href":"https:\/\/www.europesays.com\/fr\/wp-json\/wp\/v2\/comments?post=595567"}],"version-history":[{"count":0,"href":"https:\/\/www.europesays.com\/fr\/wp-json\/wp\/v2\/posts\/595567\/revisions"}],"wp:featuredmedia":[{"embeddable":true,"href":"https:\/\/www.europesays.com\/fr\/wp-json\/wp\/v2\/media\/595568"}],"wp:attachment":[{"href":"https:\/\/www.europesays.com\/fr\/wp-json\/wp\/v2\/media?parent=595567"}],"wp:term":[{"taxonomy":"category","embeddable":true,"href":"https:\/\/www.europesays.com\/fr\/wp-json\/wp\/v2\/categories?post=595567"},{"taxonomy":"post_tag","embeddable":true,"href":"https:\/\/www.europesays.com\/fr\/wp-json\/wp\/v2\/tags?post=595567"}],"curies":[{"name":"wp","href":"https:\/\/api.w.org\/{rel}","templated":true}]}}