{"id":595573,"date":"2025-12-12T20:54:24","date_gmt":"2025-12-12T20:54:24","guid":{"rendered":"https:\/\/www.europesays.com\/fr\/595573\/"},"modified":"2025-12-12T20:54:24","modified_gmt":"2025-12-12T20:54:24","slug":"le-film-a-pris-des-libertes-avec-la-realite-vous-ne-verrez-plus-mozart-de-la-meme-maniere","status":"publish","type":"post","link":"https:\/\/www.europesays.com\/fr\/595573\/","title":{"rendered":"le film a pris des libert\u00e9s avec la r\u00e9alit\u00e9, vous ne verrez plus Mozart de la m\u00eame mani\u00e8re"},"content":{"rendered":"<p>\n                                            <a title=\"\u00a0\u00a9\u00a0RONALDGRANT\/MARY EVANS\/SIPA\" href=\"https:\/\/img-4.linternaute.com\/0EsVj9BDyBHYGbLtIV7v3n2G9nI=\/1240x\/smart\/c85cefa4a2ad4b79b66c97fcbd595c9f\/ccmcms-linternaute\/31502549.jpg\" class=\"fancy\" target=\"_blank\" rel=\"noopener\"><br \/>\n                            <img decoding=\"async\" alt=\"Amadeus\u00a0: le film a pris des libert\u00e9s avec la r\u00e9alit\u00e9, vous ne verrez plus Mozart de la m\u00eame mani\u00e8re\" src=\"https:\/\/www.europesays.com\/fr\/wp-content\/uploads\/2025\/12\/31502549.jpg\" width=\"&quot;540&quot;\" height=\"&quot;360&quot;\"\/><br \/>\n                        <\/a><br \/>\n                                        R\u00e9alis\u00e9 par Milos Forman, \u00ab\u00a0Amadeus\u00a0\u00bb est un drame historique qui revient sur la rivalit\u00e9 suppos\u00e9e entre Mozart et Salieri. Mais il comporte tout de m\u00eame des diff\u00e9rences avec la r\u00e9alit\u00e9 connue.\n                <\/p>\n<p>Film aux huit <a href=\"https:\/\/www.linternaute.com\/cinema\/evenement\/1214834-oscars-2025-qui-sont-les-gagnants-decouvrez-le-palmares-complet\/\" title=\"Oscars\" target=\"_blank\" rel=\"noopener\">Oscars<\/a>, Amadeus propose de d\u00e9couvrir le c\u00e9l\u00e8bre compositeur Mozart \u00e0 travers le regard de son grand rival, Salieri. Ce film historique et dramatique de 2h40\u00a0sort en 1984. Au casting, on retrouve Tom Hulce qui pr\u00eate ses traits au grand compositeur autrichien.\u00a0Il donne la r\u00e9plique \u00e0 F.\u00a0Murray Abraham, qui joue ici Antonio Salieri, et Elizabeth Berridge, l&rsquo;interpr\u00e8te de l&rsquo;\u00e9pouse de <a href=\"https:\/\/www.linternaute.fr\/musique\/biographie\/1777440-mozart-qui-etait-vraiment-wolfgang-amadeus-biographie-courte\/\" title=\"Wolfgang Amadeus Mozart\" target=\"_blank\" rel=\"noopener\">Mozart<\/a>, Constance. L&#8217;empereur Joseph est de son c\u00f4t\u00e9 incarn\u00e9 par Jeffrey Jones.\u00a0<\/p>\n<p>Amadeus\u00a0a remport\u00e9 pas moins de 8 Oscars en 1985, sur 10 nominations : l&rsquo;Oscar du meilleur film, du meilleur r\u00e9alisateur pour Milos Forman, du meilleur sc\u00e9nario adapt\u00e9, du meilleur acteur pour F.\u00a0Murray Abraham, de la meilleure direction artistique, de la meilleure cr\u00e9ation de costumes, du meilleur maquillage et du meilleur son. Pourtant, le long-m\u00e9trage prend plusieurs libert\u00e9s avec la r\u00e9alit\u00e9 historique.<\/p>\n<p>Les diff\u00e9rences entre le film et la vie de\u00a0Mozart<\/p>\n<p>Le film Amadeus comporte en revanche plusieurs diff\u00e9rences majeures avec la r\u00e9alit\u00e9 historique. Tout d&rsquo;abord, Salieri et Mozart n&rsquo;avaient que six ans d&rsquo;\u00e9cart, et non pas autant que ce que montre le biopic. Contrairement \u00e0 ce que l&rsquo;on peut d\u00e9couvrir dans le film, Mozart n&rsquo;a pas perdu le soutien de l&#8217;empereur Joseph II apr\u00e8s Les Noces de Figaro, puisque cette pi\u00e8ce a rencontr\u00e9 un joli succ\u00e8s et que l&#8217;empereur autrichien, tout comme son successeur, se disaient satisfaits des services de Mozart.<\/p>\n<p>Par ailleurs, ce n&rsquo;est pas Salieri qui a command\u00e9 son Requiem au compositeur, mais un serviteur du comte Franz de Walsegg. Salieri n&rsquo;a pas ailleurs jamais aid\u00e9 Mozart \u00e0 \u00e9crire son requiem, contrairement \u00e0 la sc\u00e8ne, largement improvis\u00e9e, qui cl\u00f4ture le film. Il semblerait en effet que la rivalit\u00e9 entre Salieri et Mozart ait \u00e9t\u00e9 exag\u00e9r\u00e9e pour des raisons dramatiques.<\/p>\n<p>Mozart \u00e9tait-il vraiment comme le montre le film ?<\/p>\n<p>Si Amadeus prend plusieurs libert\u00e9s avec la r\u00e9alit\u00e9 historique, le portrait qu&rsquo;il peint du musicien g\u00e9nial semble bien fid\u00e8le \u00e0 ce qu&rsquo;il a \u00e9t\u00e9. Selon sa propre s\u0153ur, il \u00e9tait \u00ab\u00a0demeur\u00e9 enfant\u00a0\u00bb, tr\u00e8s joyeux et peu s\u00e9rieux, tandis que Grimm le d\u00e9crivait comme peu diplomate, joueur et f\u00eatard. Le rire tr\u00e8s particulier que l&rsquo;on entend dans Amadeus semble bien se rapprocher de celui de Mozart. Dans plusieurs lettres sur le compositeur, il est d\u00e9crit comme \u00ab\u00a0un \u00e9tourdissement contagieux\u00a0\u00bb, ou \u00ab\u00a0du m\u00e9tal rayant du verre\u00a0\u00bb. C&rsquo;est gr\u00e2ce \u00e0 ces descriptions que l&rsquo;acteur Tom Hulce a nourri son interpr\u00e9tation inoubliable du compositeur autrichien.<\/p>\n<p><a id=\"synopsis\" name=\"synopsis\" target=\"_blank\"><strong>Synopsis<\/strong><\/a> &#8211; 1823. Se sentant responsable de la mort de Mozart trente ans plus t\u00f4t, Antonio Salieri tente de se suicider. Incarc\u00e9r\u00e9, il se confie \u00e0 un pr\u00eatre. Tout d\u00e9buta lorsque Salieri entendit parler de Mozart pour la premi\u00e8re fois. Il \u00e9tait alors compositeur officiel de la cour de Vienne et d\u00e9cida de le rencontrer \u00e0 Salzbourg. Salieri d\u00e9couvrit ce jeune musicien, adolescent paillard et scatologique, dont le comportement, qu&rsquo;il jugeait hautement r\u00e9voltant, tranchait singuli\u00e8rement avec sa musique et son ind\u00e9niable talent artistique. Salieri comprit rapidement que ce jeune surdou\u00e9 arrogant constituait une r\u00e9elle menace. Bien qu&rsquo;admiratif du g\u00e9nie de Mozart, il tenta par tous les moyens de l&rsquo;\u00e9vincer&#8230;<\/p>\n","protected":false},"excerpt":{"rendered":"R\u00e9alis\u00e9 par Milos Forman, \u00ab\u00a0Amadeus\u00a0\u00bb est un drame historique qui revient sur la rivalit\u00e9 suppos\u00e9e entre Mozart et&hellip;\n","protected":false},"author":2,"featured_media":595574,"comment_status":"","ping_status":"","sticky":false,"template":"","format":"standard","meta":{"footnotes":""},"categories":[1354],"tags":[12975,70824,51761,58,59,70825,1346,51763,1011,27,1360,51767],"class_list":{"0":"post-595573","1":"post","2":"type-post","3":"status-publish","4":"format-standard","5":"has-post-thumbnail","7":"category-films","8":"tag-biopic","9":"tag-cms-linternaute-2173724","10":"tag-controller-content","11":"tag-divertissement","12":"tag-entertainment","13":"tag-film-dramatique","14":"tag-films","15":"tag-format-papier","16":"tag-fr","17":"tag-france","18":"tag-movies","19":"tag-parallaxeinfeed"},"share_on_mastodon":{"url":"https:\/\/pubeurope.com\/@fr\/115708590811560002","error":""},"_links":{"self":[{"href":"https:\/\/www.europesays.com\/fr\/wp-json\/wp\/v2\/posts\/595573","targetHints":{"allow":["GET"]}}],"collection":[{"href":"https:\/\/www.europesays.com\/fr\/wp-json\/wp\/v2\/posts"}],"about":[{"href":"https:\/\/www.europesays.com\/fr\/wp-json\/wp\/v2\/types\/post"}],"author":[{"embeddable":true,"href":"https:\/\/www.europesays.com\/fr\/wp-json\/wp\/v2\/users\/2"}],"replies":[{"embeddable":true,"href":"https:\/\/www.europesays.com\/fr\/wp-json\/wp\/v2\/comments?post=595573"}],"version-history":[{"count":0,"href":"https:\/\/www.europesays.com\/fr\/wp-json\/wp\/v2\/posts\/595573\/revisions"}],"wp:featuredmedia":[{"embeddable":true,"href":"https:\/\/www.europesays.com\/fr\/wp-json\/wp\/v2\/media\/595574"}],"wp:attachment":[{"href":"https:\/\/www.europesays.com\/fr\/wp-json\/wp\/v2\/media?parent=595573"}],"wp:term":[{"taxonomy":"category","embeddable":true,"href":"https:\/\/www.europesays.com\/fr\/wp-json\/wp\/v2\/categories?post=595573"},{"taxonomy":"post_tag","embeddable":true,"href":"https:\/\/www.europesays.com\/fr\/wp-json\/wp\/v2\/tags?post=595573"}],"curies":[{"name":"wp","href":"https:\/\/api.w.org\/{rel}","templated":true}]}}