{"id":595579,"date":"2025-12-12T20:57:44","date_gmt":"2025-12-12T20:57:44","guid":{"rendered":"https:\/\/www.europesays.com\/fr\/595579\/"},"modified":"2025-12-12T20:57:44","modified_gmt":"2025-12-12T20:57:44","slug":"quinte-quinte-du-samedi-13-decembre-a-vincennes-dolce-viky-a-des-references","status":"publish","type":"post","link":"https:\/\/www.europesays.com\/fr\/595579\/","title":{"rendered":"Quint\u00e9+: Quint\u00e9+ du samedi 13 d\u00e9cembre \u00e0 Vincennes : Dolce Viky a des r\u00e9f\u00e9rences"},"content":{"rendered":"<p><strong>Les partants du Quint\u00e9+ de ce samedi 13 d\u00e9cembre<\/strong><strong style=\"float: left;margin-left: 2%;\">PRIX MICHEL THOURY<\/strong><strong style=\"float: right;margin-right: 2%;\">SAMEDI 13 D\u00c9CEMBRE<\/strong><br \/>PARIS-VINCENNES &#8211; 2100 METRES &#8211; \u00a0<img decoding=\"async\" alt=\"picto_attele\" class=\"img2\" src=\"https:\/\/static.equidia.fr\/equidia\/discipline\/attele.svg\"\/>D\u00c9PART : 15H15<strong>Les forces en pr\u00e9sence<\/strong><\/p>\n<p style=\"text-align: justify;\">Troisi\u00e8me d&rsquo;un Groupe 1 su\u00e9dois en juin dernier, en devan\u00e7ant Working Class Hero, <a href=\"https:\/\/www.equidia.fr\/chevaux\/dolce-viky?horse_uuid=18ad0804-fa9d-4da7-91fb-f61875d820d6\" target=\"_blank\" rel=\"noopener\">DOLCE VIKY (7)<\/a> vient d&rsquo;afficher un net regain de forme en Italie. Il d\u00e9couvre ici un merveilleux engagement, non loin du plafond, et peut ainsi briser le signe indien sur le sol fran\u00e7ais, apr\u00e8s deux d\u00e9convenues \u00e0 Cagnes et Vincennes. L&rsquo;opposition est toutefois s\u00e9rieuse, avec notamment <a href=\"https:\/\/www.equidia.fr\/chevaux\/jewelcandle-fac?horse_uuid=dc0c4159-c9bd-45da-90f1-e7c555c6326b\" target=\"_blank\" rel=\"noopener\">JEWELCANDLE FAC (1)<\/a>, disqualifi\u00e9e lors de ses deux derni\u00e8res sorties alors qu&rsquo;elle \u00e9tait comp\u00e9titive pour les places \u00e0 chaque fois, <a href=\"https:\/\/www.equidia.fr\/chevaux\/y-not-diamant?horse_uuid=288ab3bb-ef4b-4552-a4d5-e41642d80dce\" target=\"_blank\" rel=\"noopener\">Y NOT DIAMANT (13)<\/a>, dont les lignes scandinaves sont excellentes, et <a href=\"https:\/\/www.equidia.fr\/chevaux\/hamonet-de-choisel?horse_uuid=74d6ce56-ca1c-4500-8bdf-e3ffb3d8c8be\" target=\"_blank\" rel=\"noopener\">HAMONET DE CHOISEL (12)<\/a>, qui vient de r\u00e9aliser une v\u00e9ritable d\u00e9monstration sur le parcours qui nous int\u00e9resse. <a href=\"https:\/\/www.equidia.fr\/chevaux\/je-reve-du-bois?horse_uuid=cc0c4b8a-aba3-4d47-a517-15c90031309e\" target=\"_blank\" rel=\"noopener\">JE REVE DU BOIS (15)<\/a> est absent depuis le 3 octobre et a h\u00e9rit\u00e9 d&rsquo;un num\u00e9ro d\u00e9licat, mais il a montr\u00e9 \u00e0 maintes reprises qu&rsquo;il avait le niveau d&rsquo;une telle \u00e9preuve. <a href=\"https:\/\/www.equidia.fr\/chevaux\/ilaya?horse_uuid=9036b333-2e56-4121-ad46-dcecc5f776d1\" target=\"_blank\" rel=\"noopener\">ILAYA (8)<\/a>, bien que d\u00e9nu\u00e9e de marge, <a href=\"https:\/\/www.equidia.fr\/chevaux\/furioso-fligny?horse_uuid=4a28ab3d-6d8d-415a-a0fb-10d32a6543f7\" target=\"_blank\" rel=\"noopener\">FURIOSO FLIGNY (5)<\/a>, meilleur que jamais, et <a href=\"https:\/\/www.equidia.fr\/chevaux\/indigo-de-fontaine?horse_uuid=171a5822-0361-420d-ad44-498d19823003\" target=\"_blank\" rel=\"noopener\">INDIGO DE FONTAINE (2)<\/a>, malgr\u00e9 son manque d&rsquo;exp\u00e9rience sur les parcours de vitesse, sont tous capables de compl\u00e9ter la combinaison gagnante du Quint\u00e9+. Nous aurions pu en citer d&rsquo;autres\u2026<\/p>\n<p><strong>Le prono de Micka\u00ebl AFRIAT<\/strong><\/p>\n<tr cellpadding=\"0\" cellspacing=\"10\" class=\"row5\" style=\"text-align: left; background-color: #FFFFFF; font-size: 130%;\">\n<td style=\"text-align: center;\">7<\/td>\n<td style=\"text-align: center;\">1<\/td>\n<td style=\"text-align: center;\">13<\/td>\n<td style=\"text-align: center;\">12<\/td>\n<td style=\"text-align: center;\">15<\/td>\n<td style=\"text-align: center;\">8<\/td>\n<td style=\"text-align: center;\">5<\/td>\n<td style=\"text-align: center;\">2<\/td>\n<\/tr>\n<tr class=\"row6\" style=\"text-align: center; background-color: #FFFFFF; column-width: 6rem;\">\n<td class=\"col7\"><img decoding=\"async\" alt=\"casaque_DOLCE VIKY\" class=\"cas\" src=\"https:\/\/www.europesays.com\/fr\/wp-content\/uploads\/2025\/12\/20251213-r1c4p7-png.png\" style=\" width: 70%;\"\/><\/p>\n<p class=\"col10\" style=\"font-size: x-small; line-height: 11px;;\">DOLCE VIKY<\/p>\n<\/td>\n<td class=\"col1\"><img decoding=\"async\" alt=\"casaque_JEWELCANDLE FAC\" class=\"cas\" src=\"https:\/\/www.europesays.com\/fr\/wp-content\/uploads\/2025\/12\/20251213-r1c4p1-png.png\" style=\" width: 70%;\"\/><\/p>\n<p class=\"col10\" style=\"font-size: x-small; line-height: 11px;;\">JEWELCANDLE FAC<\/p>\n<\/td>\n<td class=\"col13\"><img decoding=\"async\" alt=\"casaque_Y NOT DIAMANT\" class=\"cas\" src=\"https:\/\/www.europesays.com\/fr\/wp-content\/uploads\/2025\/12\/20251213-r1c4p13-png.png\" style=\" width: 70%;\"\/><\/p>\n<p class=\"col10\" style=\"font-size: x-small; line-height: 11px;;\">Y NOT DIAMANT<\/p>\n<\/td>\n<td class=\"col12\"><img decoding=\"async\" alt=\"casaque_HAMONET DE CHOISEL\" class=\"cas\" src=\"https:\/\/www.europesays.com\/fr\/wp-content\/uploads\/2025\/12\/20251213-r1c4p12-png.png\" style=\" width: 70%;\"\/><\/p>\n<p class=\"col10\" style=\"font-size: x-small; line-height: 11px;;\">HAMONET DE CHOISEL<\/p>\n<\/td>\n<td class=\"col15\"><img decoding=\"async\" alt=\"casaque_JE REVE DU BOIS\" class=\"cas\" src=\"https:\/\/www.europesays.com\/fr\/wp-content\/uploads\/2025\/12\/20251213-r1c4p15-png.png\" style=\" width: 70%;\"\/><\/p>\n<p class=\"col10\" style=\"font-size: x-small; line-height: 11px;;\">JE REVE DU BOIS<\/p>\n<\/td>\n<td class=\"col8\"><img decoding=\"async\" alt=\"casaque_ILAYA\" class=\"cas\" src=\"https:\/\/www.europesays.com\/fr\/wp-content\/uploads\/2025\/12\/20251213-r1c4p8-png.png\" style=\" width: 70%;\"\/><\/p>\n<p class=\"col10\" style=\"font-size: x-small; line-height: 11px;;\">ILAYA<\/p>\n<\/td>\n<td class=\"col5\"><img decoding=\"async\" alt=\"casaque_FURIOSO FLIGNY\" class=\"cas\" src=\"https:\/\/www.europesays.com\/fr\/wp-content\/uploads\/2025\/12\/20251213-r1c4p5-png.png\" style=\" width: 70%;\"\/><\/p>\n<p class=\"col10\" style=\"font-size: x-small; line-height: 11px;;\">FURIOSO FLIGNY<\/p>\n<\/td>\n<td class=\"col2\"><img decoding=\"async\" alt=\"casaque_INDIGO DE FONTAINE\" class=\"cas\" src=\"https:\/\/www.europesays.com\/fr\/wp-content\/uploads\/2025\/12\/20251213-r1c4p2-png.png\" style=\" width: 70%;\"\/><\/p>\n<p class=\"col10\" style=\"font-size: x-small; line-height: 11px;;\">INDIGO DE FONTAINE<\/p>\n<\/td>\n<\/tr>\n<p><a href=\"https:\/\/servedby.revive-adserver.net\/ck.php?n=a3265498&amp;cb=1234\" target=\"_blank\" rel=\"noopener\"><img decoding=\"async\" alt=\"\" border=\"0\" src=\"https:\/\/www.europesays.com\/fr\/wp-content\/uploads\/2025\/12\/1765573048_917_avw\"\/><\/a><\/p>\n<p><strong>Les partants en d\u00e9tail (par M. AFRIAT) et l&rsquo;avis des pros (par C. Martineau)<\/strong><\/p>\n<p id=\"ch_JEWELCANDLE FAC\" style=\"margin-bottom: 1%;\"><a href=\"https:\/\/www.equidia.fr\/chevaux\/jewelcandle-fac?horse_uuid=dc0c4159-c9bd-45da-90f1-e7c555c6326b\" target=\"_blank\" rel=\"noopener\">1 &#8211; \u00a0<img decoding=\"async\" alt=\"casaque_JEWELCANDLE FAC\" src=\"https:\/\/www.europesays.com\/fr\/wp-content\/uploads\/2025\/12\/1765573048_100_20251213-r1c4p1-png.png\" style=\"width: 4.5%; margin :0; vertical-align : middle;\"\/>\u00a0\u00a0JEWELCANDLE FAC<\/a><\/p>\n<p style=\"text-align: justify;\">Troisi\u00e8me du dernier Prix de Cornulier (Gr.1), cette jument \u00e9clectique poss\u00e8de \u00e9galement de s\u00e9rieuses r\u00e9f\u00e9rences \u00e0 l&rsquo;attel\u00e9. Lors de ses deux derni\u00e8res sorties, elle a galop\u00e9 en fin de parcours alors qu&rsquo;elle pouvait \u00e0 chaque fois esp\u00e9rer une place. Si elle se montre appliqu\u00e9e jusqu&rsquo;au bout, elle peut faire tr\u00e8s mal !<\/p>\n<p><strong>Damien Bonne, entra\u00eeneur et driver : <\/strong><\/p>\n<p style=\"text-align: justify;\">\u00ab Jewelcandle Fac (1) est parfaite le matin. Elle vient de se montrer fautive \u00e0 deux reprises, mais son niveau est excellent. Je vais lui remettre un enr\u00eanement, ce qui devrait lui permettre d&rsquo;\u00eatre sage. Si cela se passe comme pr\u00e9vu, elle va remettre les pendules \u00e0 l&rsquo;heure. \u00bb<\/p>\n<p id=\"ch_INDIGO DE FONTAINE\" style=\"margin-bottom: 1%;\"><a href=\"https:\/\/www.equidia.fr\/chevaux\/indigo-de-fontaine?horse_uuid=171a5822-0361-420d-ad44-498d19823003\" target=\"_blank\" rel=\"noopener\">2 &#8211; \u00a0<img decoding=\"async\" alt=\"casaque_INDIGO DE FONTAINE\" src=\"https:\/\/www.europesays.com\/fr\/wp-content\/uploads\/2025\/12\/1765573049_751_20251213-r1c4p2-png.png\" style=\"width: 4.5%; margin :0; vertical-align : middle;\"\/>\u00a0\u00a0INDIGO DE FONTAINE<\/a><\/p>\n<p style=\"text-align: justify;\">Ce repr\u00e9sentant de Jean-Pierre Barjon n&rsquo;a plus go\u00fbt\u00e9 aux joies du podium depuis plus d&rsquo;un an et semble assez loin de son meilleur niveau actuellement. De plus, il reste nettement meilleur sur les parcours de tenue. Il a le \u00ab\u00a0moteur\u00a0\u00bb pour gagner, mais doit surtout rassurer.<\/p>\n<p><strong>Alexandre Abrivard, driver : <\/strong><\/p>\n<p style=\"text-align: justify;\">\u00ab Depuis son op\u00e9ration il y a un peu moins d&rsquo;un an et demi, nous avons beaucoup de mal \u00e0 retrouver Indigo de Fontaine (2). Je trouve qu&rsquo;il y a eu un l\u00e9ger mieux dimanche dernier, mais nous sommes encore loin de son niveau. Consid\u00e9rez-le seulement comme un outsider. \u00bb<\/p>\n<p id=\"ch_GOLD MENCOURT\" style=\"margin-bottom: 1%;\"><a href=\"https:\/\/www.equidia.fr\/chevaux\/gold-mencourt?horse_uuid=76874557-a264-4c58-9874-95aebe83b102\" target=\"_blank\" rel=\"noopener\">3 &#8211; \u00a0<img decoding=\"async\" alt=\"casaque_GOLD MENCOURT\" src=\"https:\/\/www.europesays.com\/fr\/wp-content\/uploads\/2025\/12\/20251213-r1c4p3-png.png\" style=\"width: 4.5%; margin :0; vertical-align : middle;\"\/>\u00a0\u00a0GOLD MENCOURT<\/a><\/p>\n<p style=\"text-align: justify;\">Arriv\u00e9 depuis peu chez Simon Rousselle, ce m\u00e2le de 9 ans vient de causer une \u00e9norme surprise sur les 2 850 m\u00e8tres de la grande piste (2e \u00e0 120\/1). Sa forme est s\u00fbre, mais il s&rsquo;attaque \u00e0 forte partie et semble barr\u00e9 par ses cadets. Il remplirait son contrat en accrochant la cinqui\u00e8me place.<\/p>\n<p><strong>Simon Rousselle, entra\u00eeneur : <\/strong><\/p>\n<p style=\"text-align: justify;\">\u00ab Gold Mencourt (3) retrouve son parcours de pr\u00e9dilection et a \u00e9t\u00e9 chanceux au tirage au sort des places derri\u00e8re la voiture. Il se pr\u00e9sente en pleine possession de ses moyens. Bien s\u00fbr, face aux plus jeunes et aux trotteurs europ\u00e9ens, la t\u00e2che n&rsquo;est pas \u00e9vidente, mais je sais que mon cheval va faire de son mieux. En comptant sur un parcours favorable, il peut envisager une place dans le Quint\u00e9+. \u00bb<\/p>\n<p id=\"ch_FEMTO DE VAUVERT\" style=\"margin-bottom: 1%;\"><a href=\"https:\/\/www.equidia.fr\/chevaux\/femto-de-vauvert?horse_uuid=05987a09-0340-4cf2-97f0-affe1c7bf3f0\" target=\"_blank\" rel=\"noopener\">4 &#8211; \u00a0<img decoding=\"async\" alt=\"casaque_FEMTO DE VAUVERT\" src=\"https:\/\/www.europesays.com\/fr\/wp-content\/uploads\/2025\/12\/20251213-r1c4p4-png.png\" style=\"width: 4.5%; margin :0; vertical-align : middle;\"\/>\u00a0\u00a0FEMTO DE VAUVERT<\/a><\/p>\n<p style=\"text-align: justify;\">Ce bon sprinteur a montr\u00e9 sa forme dans le Sud-Est, dans des lots int\u00e9ressants, et sera associ\u00e9 \u00e0 Jean-Michel Bazire. Toutefois, il n&rsquo;a plus couru \u00e0 Vincennes depuis deux ans et doit affronter des cadets aux dents longues. Avec une course s\u00e9lective, il peut \u00e9ventuellement compl\u00e9ter le Quint\u00e9+, mais gu\u00e8re mieux.<\/p>\n<p><strong>R\u00e9mi Mourlon, entra\u00eeneur : <\/strong><\/p>\n<p style=\"text-align: justify;\">\u00ab Femto de Vauvert (4) va \u00e9voluer sur son parcours de pr\u00e9dilection. Il est bien plac\u00e9 derri\u00e8re la voiture et sera associ\u00e9 \u00e0 Jean-Michel Bazire. Mon cheval est top et je sais qu&rsquo;il va donner le meilleur de lui-m\u00eame. N\u00e9anmoins, l&rsquo;opposition est de taille et il nous faudra compter sur un parcours avantageux pour viser une place. \u00bb<\/p>\n<p id=\"ch_FURIOSO FLIGNY\" style=\"margin-bottom: 1%;\"><a href=\"https:\/\/www.equidia.fr\/chevaux\/furioso-fligny?horse_uuid=4a28ab3d-6d8d-415a-a0fb-10d32a6543f7\" target=\"_blank\" rel=\"noopener\">5 &#8211; \u00a0<img decoding=\"async\" alt=\"casaque_FURIOSO FLIGNY\" src=\"https:\/\/www.europesays.com\/fr\/wp-content\/uploads\/2025\/12\/1765573051_902_20251213-r1c4p5-png.png\" style=\"width: 4.5%; margin :0; vertical-align : middle;\"\/>\u00a0\u00a0FURIOSO FLIGNY<\/a><\/p>\n<p style=\"text-align: justify;\">Meilleur que jamais \u00e0 10 ans, ce prot\u00e9g\u00e9 d&rsquo;Alexandre De J\u00e9sus retrouve ici un parcours sur lequel il n&rsquo;a pas d\u00e9\u00e7u cette ann\u00e9e (deux victoires et deux places en quatre sorties). Ses cadets lui sont th\u00e9oriquement sup\u00e9rieurs, mais sa forme est telle qu&rsquo;il peut s&rsquo;immiscer \u00e0 l&rsquo;arriv\u00e9e.<\/p>\n<p><strong>Esteban de J\u00e9sus, fils de l&rsquo;entra\u00eeneur : <\/strong><\/p>\n<p style=\"text-align: justify;\">\u00ab Furioso Fligny (5) a fourni une tr\u00e8s belle valeur lors de sa troisi\u00e8me place dans l&rsquo;\u00e9tape du GNT \u00e0 Mauquenchy. Sa forme est optimale et nous pouvons nous permettre de le d\u00e9ferrer des quatre pieds une nouvelle fois. Il retrouve son parcours de pr\u00e9dilection. Tous les feux sont au vert ! \u00bb<\/p>\n<p id=\"ch_GORDON MIJACK\" style=\"margin-bottom: 1%;\"><a href=\"https:\/\/www.equidia.fr\/chevaux\/gordon-mijack?horse_uuid=29dfaef4-dc7c-463f-a1bc-b997438aba24\" target=\"_blank\" rel=\"noopener\">6 &#8211; \u00a0<img decoding=\"async\" alt=\"casaque_GORDON MIJACK\" src=\"https:\/\/www.europesays.com\/fr\/wp-content\/uploads\/2025\/12\/20251213-r1c4p6-png.png\" style=\"width: 4.5%; margin :0; vertical-align : middle;\"\/>\u00a0\u00a0GORDON MIJACK<\/a><\/p>\n<p style=\"text-align: justify;\">Ce hongre de 9 ans a rapidement c\u00e9d\u00e9 en dernier lieu, mais il s&rsquo;agissait d&rsquo;une course de rentr\u00e9e. Il se pr\u00e9sentera cette fois en \u00ab\u00a0mode course\u00a0\u00bb, avec l&rsquo;euphorique Benjamin Rochard au sulky, mais force est de constater que les plus jeunes lui sont intrins\u00e8quement sup\u00e9rieurs. En bout de combinaison seulement.<\/p>\n<p><strong>Esteban de J\u00e9sus, fils de l&rsquo;entra\u00eeneur : <\/strong><\/p>\n<p style=\"text-align: justify;\">\u00ab Apr\u00e8s une remise en route, Gordon Mijack (6) se pr\u00e9sente sans ses fers. Il est sur la montante mais peut encore manquer de rythme. Il est barr\u00e9 pour le podium et le d\u00e9roulement de course fera la diff\u00e9rence. Une place en bout de combinaison me satisferait. \u00bb<\/p>\n<p id=\"ch_DOLCE VIKY\" style=\"margin-bottom: 1%;\"><a href=\"https:\/\/www.equidia.fr\/chevaux\/dolce-viky?horse_uuid=18ad0804-fa9d-4da7-91fb-f61875d820d6\" target=\"_blank\" rel=\"noopener\">7 &#8211; \u00a0<img decoding=\"async\" alt=\"casaque_DOLCE VIKY\" src=\"https:\/\/www.europesays.com\/fr\/wp-content\/uploads\/2025\/12\/1765573053_40_20251213-r1c4p7-png.png\" style=\"width: 4.5%; margin :0; vertical-align : middle;\"\/>\u00a0\u00a0DOLCE VIKY<\/a><\/p>\n<p style=\"text-align: justify;\">Certes, ses deux essais sur le sol fran\u00e7ais, \u00e0 Vincennes et Cagnes-sur-Mer, se sont sold\u00e9s par des disqualifications, mais il poss\u00e8de de solides r\u00e9f\u00e9rences \u00e0 l&rsquo;\u00e9tranger. Il a d\u00e9j\u00e0 domin\u00e9 des chevaux de la trempe de Working Class Hero et d\u00e9couvre ici un engagement en or, \u00e0 seulement 1 074 \u20ac du plafond. Gare \u00e0 lui !<\/p>\n<p><strong>Alessandro Manfredi, manager de l&rsquo;\u00e9curie Alessandro Gocciadoro : <\/strong><\/p>\n<p style=\"text-align: justify;\">\u00ab Nous \u00e9tions vraiment satisfaits du comportement de Dolce Viky (7) \u00e0 Montegiorgio, le 23 novembre. Il appr\u00e9cie les courtes distances et trouve un lot \u00e0 sa port\u00e9e. Il devrait se mettre en \u00e9vidence. \u00bb<\/p>\n<p id=\"ch_ILAYA\" style=\"margin-bottom: 1%;\"><a href=\"https:\/\/www.equidia.fr\/chevaux\/ilaya?horse_uuid=9036b333-2e56-4121-ad46-dcecc5f776d1\" target=\"_blank\" rel=\"noopener\">8 &#8211; \u00a0<img decoding=\"async\" alt=\"casaque_ILAYA\" src=\"https:\/\/www.europesays.com\/fr\/wp-content\/uploads\/2025\/12\/1765573054_254_20251213-r1c4p8-png.png\" style=\"width: 4.5%; margin :0; vertical-align : middle;\"\/>\u00a0\u00a0ILAYA<\/a><\/p>\n<p style=\"text-align: justify;\">Cette repr\u00e9sentante de Cyril Raimbaud donne toujours son maximum et n&rsquo;a plus \u00e0 faire ses preuves sur ce parcours (trois podiums en quatre essais). N\u00e9anmoins, elle manque de marge et doit imp\u00e9rativement b\u00e9n\u00e9ficier de circonstances favorables en pareille compagnie. Pour une place.<\/p>\n<p><strong>Fran\u00e7ois Lagadeuc, driver : <\/strong><\/p>\n<p style=\"text-align: justify;\">\u00ab Ilaya (8) n&rsquo;aura pas la t\u00e2che facile avec sa position \u00e0 l&rsquo;ext\u00e9rieur au d\u00e9part. Il faut la courir \u00e0 l&rsquo;\u00e9conomie. J&rsquo;esp\u00e8re que nous pourrons nous ranger rapidement. Le parcours aura un impact d\u00e9cisif sur notre classement \u00e0 l&rsquo;arriv\u00e9e. \u00bb<\/p>\n<p id=\"ch_HAMILTON DU HAM\" style=\"margin-bottom: 1%;\"><a href=\"https:\/\/www.equidia.fr\/chevaux\/hamilton-du-ham?horse_uuid=febc8b5d-e340-4f45-864d-ea6aea50c05c\" target=\"_blank\" rel=\"noopener\">9 &#8211; \u00a0<img decoding=\"async\" alt=\"casaque_HAMILTON DU HAM\" src=\"https:\/\/www.europesays.com\/fr\/wp-content\/uploads\/2025\/12\/20251213-r1c4p9-png.png\" style=\"width: 4.5%; margin :0; vertical-align : middle;\"\/>\u00a0\u00a0HAMILTON DU HAM<\/a><\/p>\n<p style=\"text-align: justify;\">Excellent durant l&rsquo;ann\u00e9e 2024, il a beaucoup plus de mal \u00e0 performer cette saison. Cela dit, son ultime prestation n&rsquo;est pas totalement mauvaise (8e) et il se pr\u00e9sentera cette fois pieds nus, sur un parcours qu&rsquo;il adore (deux succ\u00e8s et six places en onze courses). R\u00e9veil possible.<\/p>\n<p><strong>L&rsquo;avis du reporter : <\/strong><\/p>\n<p style=\"text-align: justify;\">\u00ab Hamilton du Ham (9) est s\u00fbrement sur la montante, puisqu&rsquo;il sera cette fois d\u00e9ferr\u00e9 des quatre pieds. N\u00e9anmoins, il a h\u00e9rit\u00e9 d&rsquo;une position tout en dehors et devra affronter des comp\u00e9titeurs en pleine forme, soigneusement pr\u00e9par\u00e9s pour ce rendez-vous. D&rsquo;autres protagonistes lui sont pr\u00e9f\u00e9rables. \u00bb<\/p>\n<p id=\"ch_CHARMY CHARLY AS\" style=\"margin-bottom: 1%;\"><a href=\"https:\/\/www.equidia.fr\/chevaux\/charmy-charly-as?horse_uuid=983c74c6-61cb-40f0-b429-1fe6e8b225da\" target=\"_blank\" rel=\"noopener\">10 &#8211; \u00a0<img decoding=\"async\" alt=\"casaque_CHARMY CHARLY AS\" src=\"https:\/\/www.europesays.com\/fr\/wp-content\/uploads\/2025\/12\/20251213-r1c4p10-png.png\" style=\"width: 4.5%; margin :0; vertical-align : middle;\"\/>\u00a0\u00a0CHARMY CHARLY AS<\/a><\/p>\n<p style=\"text-align: justify;\">Lorsqu&rsquo;il peut \u00eatre pr\u00e9serv\u00e9 jusqu&rsquo;\u00e0 l&rsquo;entr\u00e9e de la ligne droite, ce pensionnaire d&rsquo;Erik Bondo nous gratifie parfois de belles fins de course. Il est certainement mont\u00e9 en condition sur sa derni\u00e8re course et peut ainsi esp\u00e9rer une place dans les cinq premiers.<\/p>\n<p><strong>Erik Bondo, entra\u00eeneur : <\/strong><\/p>\n<p style=\"text-align: justify;\">\u00ab Charmy Charly As (10) s&rsquo;est fort bien comport\u00e9 en dernier lieu, alors qu&rsquo;il effectuait sa rentr\u00e9e. Cette tentative lui a fait du bien. Je suis ravi de sa position derri\u00e8re l&rsquo;autostart. Il sera \u00e9videmment tributaire du d\u00e9roulement de course, mais je suis assez confiant. Il compte le voir prendre une part active \u00e0 l&rsquo;arriv\u00e9e. \u00bb<\/p>\n<p id=\"ch_GILMOUR\" style=\"margin-bottom: 1%;\"><a href=\"https:\/\/www.equidia.fr\/chevaux\/gilmour?horse_uuid=9368c537-66f9-4dc5-8784-893c6f4a3ce0\" target=\"_blank\" rel=\"noopener\">11 &#8211; \u00a0<img decoding=\"async\" alt=\"casaque_GILMOUR\" src=\"https:\/\/www.europesays.com\/fr\/wp-content\/uploads\/2025\/12\/20251213-r1c4p11-png.png\" style=\"width: 4.5%; margin :0; vertical-align : middle;\"\/>\u00a0\u00a0GILMOUR<\/a><\/p>\n<p style=\"text-align: justify;\">Cet \u00e9l\u00e8ve de Daniel Delaroche est vieillissant et n&rsquo;a pu convaincre ces derniers temps. Il retrouve un parcours qu&rsquo;il affectionne mais devra partir en seconde ligne face \u00e0 des cadets qui lui sont sup\u00e9rieurs. Bref, il n&rsquo;aura pas la partie facile.<\/p>\n<p><strong>Daniel Delaroche, entra\u00eeneur : <\/strong><\/p>\n<p style=\"text-align: justify;\">\u00ab Gilmour (11) \u00e9tait malade lors de sa derni\u00e8re apparition d\u00e9but novembre. Ses derniers examens m\u00e9dicaux ont \u00e9t\u00e9 rassurants et il a bien travaill\u00e9. En seconde ligne, il sera tributaire du parcours, mais il \u00e9volue sur un trac\u00e9 qui lui pla\u00eet. Avec un trafic fluide, il peut accrocher la quatri\u00e8me ou cinqui\u00e8me place. \u00bb<\/p>\n<p id=\"ch_HAMONET DE CHOISEL\" style=\"margin-bottom: 1%;\"><a href=\"https:\/\/www.equidia.fr\/chevaux\/hamonet-de-choisel?horse_uuid=74d6ce56-ca1c-4500-8bdf-e3ffb3d8c8be\" target=\"_blank\" rel=\"noopener\">12 &#8211; \u00a0<img decoding=\"async\" alt=\"casaque_HAMONET DE CHOISEL\" src=\"https:\/\/www.europesays.com\/fr\/wp-content\/uploads\/2025\/12\/1765573057_981_20251213-r1c4p12-png.png\" style=\"width: 4.5%; margin :0; vertical-align : middle;\"\/>\u00a0\u00a0HAMONET DE CHOISEL<\/a><\/p>\n<p style=\"text-align: justify;\">Malchanceux dans l&rsquo;\u00e9tape nantaise du Grand National du Trot (4e), il a ensuite r\u00e9alis\u00e9 une v\u00e9ritable d\u00e9monstration dans le Prix du Sap, sur le parcours qui nous int\u00e9resse. Il progresse encore, malgr\u00e9 son \u00e2ge avanc\u00e9 (8 ans), et peut l\u00e9gitimement envisager le podium.<\/p>\n<p><strong>Anthony Barrier, driver : <\/strong><\/p>\n<p style=\"text-align: justify;\">\u00ab Hamonet de Choisel (12) vient de s&rsquo;imposer sur le m\u00eame parcours. La derni\u00e8re fois, il n&rsquo;y avait pas les 6 ans, et quelques trotteurs europ\u00e9ens s&rsquo;ajoutent \u00e0 la liste. Ce sera forc\u00e9ment moins facile, mais il est en forme et va donner son maximum. Le parcours fera la diff\u00e9rence, mais il a les moyens de jouer un bon r\u00f4le. \u00bb<\/p>\n<p id=\"ch_Y NOT DIAMANT\" style=\"margin-bottom: 1%;\"><a href=\"https:\/\/www.equidia.fr\/chevaux\/y-not-diamant?horse_uuid=288ab3bb-ef4b-4552-a4d5-e41642d80dce\" target=\"_blank\" rel=\"noopener\">13 &#8211; \u00a0<img decoding=\"async\" alt=\"casaque_Y NOT DIAMANT\" src=\"https:\/\/www.europesays.com\/fr\/wp-content\/uploads\/2025\/12\/1765573058_650_20251213-r1c4p13-png.png\" style=\"width: 4.5%; margin :0; vertical-align : middle;\"\/>\u00a0\u00a0Y NOT DIAMANT<\/a><\/p>\n<p style=\"text-align: justify;\">En dernier lieu, \u00e0 J\u00e4gersro, il n&rsquo;a trouv\u00e9 que l&rsquo;excellent A Fair Day pour lui barrer le chemin du succ\u00e8s. Il \u00e9tait parti au galop lors de son seul essai \u00e0 Vincennes, en juin dernier, mais sera nettement plus \u00e0 l&rsquo;aise avec un d\u00e9part lanc\u00e9. Son retour en r\u00e9gion parisienne se pr\u00e9sente sous de favorables auspices.<\/p>\n<p><strong>Paul Hagoort, entra\u00eeneur : <\/strong><\/p>\n<p style=\"text-align: justify;\">\u00ab Y Not Diamant (13) vient de fournir de belles performances en Scandinavie. Le parcours ne sera pas un probl\u00e8me pour lui, il faudra juste qu&rsquo;il se retrouve dans les bons coups avec cette position en seconde ligne. Avec un bon d\u00e9roulement de course, je le pense capable de jouer un r\u00f4le actif. Sa forme est bonne et ses derniers exercices du matin ont \u00e9t\u00e9 \u00e0 la hauteur de mes attentes. \u00bb<\/p>\n<p id=\"ch_HAPPYJO DE LIGNY\" style=\"margin-bottom: 1%;\"><a href=\"https:\/\/www.equidia.fr\/chevaux\/happyjo-de-ligny?horse_uuid=b785538f-fa02-4310-b70a-98adb23eb706\" target=\"_blank\" rel=\"noopener\">14 &#8211; \u00a0<img decoding=\"async\" alt=\"casaque_HAPPYJO DE LIGNY\" src=\"https:\/\/www.europesays.com\/fr\/wp-content\/uploads\/2025\/12\/20251213-r1c4p14-png.png\" style=\"width: 4.5%; margin :0; vertical-align : middle;\"\/>\u00a0\u00a0HAPPYJO DE LIGNY<\/a><\/p>\n<p style=\"text-align: justify;\">Il r\u00e9alise jusqu&rsquo;ici une ann\u00e9e catastrophique, avec pour meilleur classement une septi\u00e8me place en douze courses. Il \u00e9volue bien loin de son meilleur niveau et aura sans doute de meilleures opportunit\u00e9s de briller prochainement \u00e0 Cagnes-sur-Mer. Impasse.<\/p>\n<p><strong>Lana Henry, driver : <\/strong><\/p>\n<p style=\"text-align: justify;\">\u00ab Happyjo de Ligny (14) est sur la montante, mais il a encore besoin de temps. La courte distance va lui faire du bien pour \u00ab l&rsquo;ouvrir \u00bb avant ses prochains objectifs. Cette fois plaqu\u00e9, il devrait aller un peu plus loin que la semaine derni\u00e8re, mais il n&rsquo;est pas encore comp\u00e9titif dans ce type de tournois. \u00bb<\/p>\n<p id=\"ch_JE REVE DU BOIS\" style=\"margin-bottom: 1%;\"><a href=\"https:\/\/www.equidia.fr\/chevaux\/je-reve-du-bois?horse_uuid=cc0c4b8a-aba3-4d47-a517-15c90031309e\" target=\"_blank\" rel=\"noopener\">15 &#8211; \u00a0<img decoding=\"async\" alt=\"casaque_JE REVE DU BOIS\" src=\"https:\/\/www.europesays.com\/fr\/wp-content\/uploads\/2025\/12\/1765573060_51_20251213-r1c4p15-png.png\" style=\"width: 4.5%; margin :0; vertical-align : middle;\"\/>\u00a0\u00a0JE REVE DU BOIS<\/a><\/p>\n<p style=\"text-align: justify;\">Brillant laur\u00e9at du Prix Charley Mills le 3 octobre, il a ensuite \u00e9t\u00e9 distanc\u00e9 pour contr\u00f4le positif. Il est absent depuis et effectue donc une petite rentr\u00e9e, mais il se pr\u00e9sentera dans la m\u00eame configuration ce samedi. Confirm\u00e9 sur ce parcours de vitesse (deux podiums, dont un succ\u00e8s), il s&rsquo;annonce dangereux.<\/p>\n<p><strong>Charles Bruneau, entra\u00eeneur : <\/strong><\/p>\n<p style=\"text-align: justify;\">\u00ab Je R\u00eave du Bois (15) a \u00e9t\u00e9 contamin\u00e9 \u00e0 l&rsquo;aliment, ce qui explique sa disqualification apr\u00e8s sa victoire du 3 octobre. Cela a chamboul\u00e9 tout son programme. Il est absent depuis et peut manquer d&rsquo;une vraie course, m\u00eame s&rsquo;il para\u00eet bien le matin \u00e0 l&rsquo;entra\u00eenement. Sur sa classe, il peut bien faire, mais je manque de garanties pour le moment. \u00bb<\/p>\n<p id=\"ch_HABIT DE SOIREE\" style=\"margin-bottom: 1%;\"><a href=\"https:\/\/www.equidia.fr\/chevaux\/habit-de-soiree?horse_uuid=17bf4738-228c-4097-ba51-2c59aa7266ea\" target=\"_blank\" rel=\"noopener\">16 &#8211; \u00a0<img decoding=\"async\" alt=\"casaque_HABIT DE SOIREE\" src=\"https:\/\/www.europesays.com\/fr\/wp-content\/uploads\/2025\/12\/20251213-r1c4p16-png.png\" style=\"width: 4.5%; margin :0; vertical-align : middle;\"\/>\u00a0\u00a0HABIT DE SOIREE<\/a><\/p>\n<p style=\"text-align: justify;\">Ce prot\u00e9g\u00e9 de Fr\u00e9d\u00e9ric Senet a lanc\u00e9 son meeting d&rsquo;hiver par une probante troisi\u00e8me place dans le Prix d&rsquo;Argentan, qui a donn\u00e9 lieu \u00e0 une arriv\u00e9e tr\u00e8s serr\u00e9e. Il a repris de la fra\u00eecheur et se montre performant ainsi, mais il n&rsquo;a pas la moindre marge face \u00e0 une telle opposition, surtout avec un tel num\u00e9ro. Une question de parcours.<\/p>\n<p><strong>Fr\u00e9d\u00e9ric Senet, entra\u00eeneur : <\/strong><\/p>\n<p style=\"text-align: justify;\">\u00ab Habit de Soir\u00e9e (16) vient de montrer sa forme. Il est rest\u00e9 tr\u00e8s bien depuis. Malheureusement, sa position initiale en seconde ligne n&rsquo;est pas \u00e9vidente. Tout sera une question de d\u00e9roulement de course, mais il a les moyens de compl\u00e9ter la combinaison gagnante. \u00bb<\/p>\n<p><strong>Les favoris de la presse<\/strong><\/p>\n<p class=\"synthese\"><strong>SYNTH\u00c8SE \u00a0\u00a0\u00a0\u00a012\u00a0\u00a0&#8211;\u00a0\u00a015\u00a0\u00a0&#8211;\u00a0\u00a08\u00a0\u00a0&#8211;\u00a0\u00a07\u00a0\u00a0&#8211;\u00a0\u00a05\u00a0\u00a0&#8211;\u00a0\u00a010\u00a0\u00a0&#8211;\u00a0\u00a01\u00a0\u00a0&#8211;\u00a0\u00a013<\/strong><\/p>\n<p><a href=\"https:\/\/servedby.revive-adserver.net\/ck.php?n=aa10a822&amp;cb=1234\" target=\"_blank\" rel=\"noopener\"><img decoding=\"async\" alt=\"\" border=\"0\" src=\"https:\/\/www.europesays.com\/fr\/wp-content\/uploads\/2025\/12\/1765573062_753_avw\"\/><\/a><\/p>\n<p><strong>Les stats du jour<\/strong><\/p>\n<p><img decoding=\"async\" src=\"https:\/\/www.europesays.com\/fr\/wp-content\/uploads\/2025\/12\/1213_stats-web-jpg\"\/><\/p>\n","protected":false},"excerpt":{"rendered":"Les partants du Quint\u00e9+ de ce samedi 13 d\u00e9cembrePRIX MICHEL THOURYSAMEDI 13 D\u00c9CEMBREPARIS-VINCENNES &#8211; 2100 METRES &#8211; \u00a0D\u00c9PART&hellip;\n","protected":false},"author":2,"featured_media":595580,"comment_status":"","ping_status":"","sticky":false,"template":"","format":"standard","meta":{"footnotes":""},"categories":[8],"tags":[7635,58,59,1011,27,1821,3015,7637],"class_list":{"0":"post-595579","1":"post","2":"type-post","3":"status-publish","4":"format-standard","5":"has-post-thumbnail","7":"category-divertissement","8":"tag-attele","9":"tag-divertissement","10":"tag-entertainment","11":"tag-fr","12":"tag-france","13":"tag-pronostics","14":"tag-qrcode","15":"tag-trot"},"share_on_mastodon":{"url":"https:\/\/pubeurope.com\/@fr\/115708608630965538","error":""},"_links":{"self":[{"href":"https:\/\/www.europesays.com\/fr\/wp-json\/wp\/v2\/posts\/595579","targetHints":{"allow":["GET"]}}],"collection":[{"href":"https:\/\/www.europesays.com\/fr\/wp-json\/wp\/v2\/posts"}],"about":[{"href":"https:\/\/www.europesays.com\/fr\/wp-json\/wp\/v2\/types\/post"}],"author":[{"embeddable":true,"href":"https:\/\/www.europesays.com\/fr\/wp-json\/wp\/v2\/users\/2"}],"replies":[{"embeddable":true,"href":"https:\/\/www.europesays.com\/fr\/wp-json\/wp\/v2\/comments?post=595579"}],"version-history":[{"count":0,"href":"https:\/\/www.europesays.com\/fr\/wp-json\/wp\/v2\/posts\/595579\/revisions"}],"wp:featuredmedia":[{"embeddable":true,"href":"https:\/\/www.europesays.com\/fr\/wp-json\/wp\/v2\/media\/595580"}],"wp:attachment":[{"href":"https:\/\/www.europesays.com\/fr\/wp-json\/wp\/v2\/media?parent=595579"}],"wp:term":[{"taxonomy":"category","embeddable":true,"href":"https:\/\/www.europesays.com\/fr\/wp-json\/wp\/v2\/categories?post=595579"},{"taxonomy":"post_tag","embeddable":true,"href":"https:\/\/www.europesays.com\/fr\/wp-json\/wp\/v2\/tags?post=595579"}],"curies":[{"name":"wp","href":"https:\/\/api.w.org\/{rel}","templated":true}]}}