{"id":595581,"date":"2025-12-12T20:59:35","date_gmt":"2025-12-12T20:59:35","guid":{"rendered":"https:\/\/www.europesays.com\/fr\/595581\/"},"modified":"2025-12-12T20:59:35","modified_gmt":"2025-12-12T20:59:35","slug":"apres-sa-visite-chez-intermarche-le-constat-brutal-de-michel-edouard-leclerc-franchement-ils-ont","status":"publish","type":"post","link":"https:\/\/www.europesays.com\/fr\/595581\/","title":{"rendered":"Apr\u00e8s sa visite chez Intermarch\u00e9, le constat brutal de Michel-Edouard Leclerc : \u00ab\u00a0Franchement, ils ont&#8230;\u00a0\u00bb"},"content":{"rendered":"<p>Le paysage des grands noms de la distribution r\u00e9serve quelques<br \/>\nsurprises cette ann\u00e9e. <strong>Alexandre Bompard<\/strong> arrive en<br \/>\nt\u00eate du classement \u00e9tabli par Advent pour LSA et son image s\u00e9duit<br \/>\nparticuli\u00e8rement gr\u00e2ce \u00e0 un profil jug\u00e9 \u00ab visionnaire \u00bb et<br \/>\n\u00ab strat\u00e8ge \u00bb. <strong>Michel Edouard Leclerc<\/strong> suit<br \/>\nde pr\u00e8s. Sa pr\u00e9sence m\u00e9diatique de longue date nourrit une<br \/>\nr\u00e9putation riche en contrastes, allant de \u00ab sympathique \u00bb<br \/>\net \u00ab moderne \u00bb \u00e0 \u00ab cynique \u00bb. Une popularit\u00e9<br \/>\naffirm\u00e9e peut parfois diviser, comme le montre ce m\u00e9lange<br \/>\nd\u2019appr\u00e9ciations.<\/p>\n<p>Dans un contexte o\u00f9 les figures montantes se multiplient,<br \/>\n<strong>Philippe Palazz<\/strong>i cr\u00e9e la surprise en atteignant<br \/>\ndirectement la troisi\u00e8me place, alors qu\u2019il a pris la direction<br \/>\ng\u00e9n\u00e9rale de Casino en mars 2024. Ce trio devance <strong>Dominique<br \/>\nSchelcher<\/strong> ou encore <strong>Thierry Cotillard<\/strong>,<br \/>\ndont la vision particuli\u00e8rement innovante fait beaucoup parler ces<br \/>\nderniers jours.<\/p>\n<p>Intermarch\u00e9 fait le buzz avec son animation de No\u00ebl<\/p>\n<p>Les publicit\u00e9s de No\u00ebl rivalisent de cr\u00e9ativit\u00e9 cette ann\u00e9e.<br \/>\nAlors que certaines marques choisissent l\u2019IA pour produire leurs<br \/>\nspots, Intermarch\u00e9 joue la carte des studios d\u2019animation et frappe<br \/>\nfort. Son dernier court-m\u00e9trage, o\u00f9 un loup modifie son r\u00e9gime pour<br \/>\nrejoindre le r\u00e9veillon de la for\u00eat, <strong>d\u00e9passe d\u00e9j\u00e0 les 20<br \/>\nmillions de vues et s\u00e9duit \u00e0 l\u2019international<\/strong>. Thierry<br \/>\nCotillard, invit\u00e9 du 8 h 30 sur franceinfo ce jeudi 11 d\u00e9cembre, a<br \/>\nexpliqu\u00e9 les raisons de ce succ\u00e8s, soulignant la force de la<br \/>\nnarration et l\u2019impact visuel du film.<\/p>\n<p>Le sujet a aussi soulev\u00e9 des questions sur le message v\u00e9hicul\u00e9.<br \/>\n<strong>Paul Larrouturou<\/strong> a interrog\u00e9 le PDG : \u00ab Il<br \/>\nfaut \u00eatre gentil ? Faut-il ne plus manger de viande ? \u00bb Le<br \/>\npatron du groupe Les Mousquetaires a clarifi\u00e9 sa position en<br \/>\naffirmant que la publicit\u00e9 ne cherche pas \u00e0 promouvoir le<br \/>\nv\u00e9g\u00e9tarisme. L\u2019objectif, insiste-t-il, reste le \u00ab vivre<br \/>\nensemble \u00bb : \u00ab No\u00ebl est un moment de convivialit\u00e9. L\u2019id\u00e9e<br \/>\nest qu\u2019on exclut personne et m\u00eame pas le loup qui ne va pas manger<br \/>\nses nouveaux amis ! \u00bb<\/p>\n<p>Thierry Cotillard d\u00e9fie l\u00a0\u00bbIA<\/p>\n<p>Le businessman n\u2019a pas h\u00e9sit\u00e9 \u00e0 ajouter une touche d\u2019humour<br \/>\npolitique en s\u2019adressant aux d\u00e9put\u00e9s : \u00ab Il faudrait peut-\u00eatre<br \/>\nqu\u2019on la passe [la publicit\u00e9] \u00e0 l\u2019Assembl\u00e9e nationale afin qu\u2019il y<br \/>\nait un vivre ensemble politique, qui n\u2019existe pas ! \u00bb<br \/>\nContrairement aux derni\u00e8res publicit\u00e9s de Coca-Cola et McDonald\u2019s,<br \/>\nenti\u00e8rement cr\u00e9\u00e9es par l\u2019IA et parfois critiqu\u00e9es au point d\u2019\u00eatre<br \/>\nretir\u00e9es, <strong>Intermarch\u00e9 a choisi un chemin<br \/>\ndiff\u00e9rent<\/strong>. Le patron se dit fier de \u00ab donner une le\u00e7on<br \/>\naux Am\u00e9ricains, les grandes marques sortent toutes leurs pubs avec<br \/>\nl\u2019intelligence artificielle : on joue le contrepied \u00bb.<\/p>\n<p>Pour mener \u00e0 bien cette initiative, les \u00e9quipes ont travaill\u00e9 un<br \/>\nan sur ce court-m\u00e9trage de deux minutes, mobilisant 70 personnes.<br \/>\nFace \u00e0 l\u2019incertitude du secteur et aux <a href=\"https:\/\/www.melty.fr\/divers\/lia-frappe-fort-ces-metiers-bientot-remplaces-et-peu-seront-epargnes-2213340.html\" target=\"_blank\" rel=\"noopener\"><br \/>\ncraintes li\u00e9es \u00e0 l\u2019IA<\/a>, Thierry Cotillard se montre enthousiaste<br \/>\net souligne sa satisfaction : il se dit \u00ab super fier \u00bb de<br \/>\ncette d\u00e9marche qui m\u00eale cr\u00e9ativit\u00e9 et <strong>engagement<br \/>\nhumain<\/strong>.<\/p>\n<p>Michel-Edouard Leclerc encense Thierry<br \/>\nCotillard<\/p>\n<p>Thierry Cotillard est un homme d\u2019affaires qui force le respect.<br \/>\nSa r\u00e9ussite se dessinait d\u00e9j\u00e0 depuis longtemps et a m\u00eame \u00e9t\u00e9 salu\u00e9e<br \/>\npar un concurrent de renom. Michel-Edouard Leclerc, pr\u00e9sident du<br \/>\ncomit\u00e9 strat\u00e9gique des centres E. Leclerc, avait visit\u00e9 l\u2019un des<br \/>\nmagasins r\u00e9cemment ouverts par Cotillard \u00e0 Boulogne-Billancourt.<br \/>\nSur son blog et son compte Facebook, il avait comment\u00e9 : \u00ab Un<br \/>\njoli supermarch\u00e9 sous immeuble, qui traduit les choix personnels de<br \/>\nl&rsquo;ex-pr\u00e9sident d&rsquo;Intermarch\u00e9 Alimentaire (2015 &#8211; 2020) \u00bb. Il<br \/>\navait soulign\u00e9 l\u2019inspiration am\u00e9ricaine du magasin, <strong>la<br \/>\nqualit\u00e9 des produits frais<\/strong>, et l\u2019\u00e9nergie des<br \/>\ncollaborateurs, comparant leur dynamisme \u00e0 celui des Bleus.<\/p>\n<p>Malgr\u00e9 la concurrence et la crise sanitaire, <a href=\"https:\/\/www.melty.fr\/divers\/michel-edouard-leclerc-fustige-le-gouvernement-macron-le-spectacle-est-affligeant-2282271.html\" target=\"_blank\" rel=\"noopener\"><br \/>\ncelui qui fustige le gouvernement de Macron<\/a> reconnaissait les<br \/>\nefforts des enseignes et leur capacit\u00e9 \u00e0 rebondir <strong>en pleine<br \/>\np\u00e9riode de Covid-21<\/strong> : \u00ab Franchement, m\u00eame si Carrefour<br \/>\nest de retour, m\u00eame si la transformation de Lidl est spectaculaire,<br \/>\nles trois r\u00e9seaux d&rsquo;Intermarch\u00e9, E.Leclerc et Syst\u00e8me U ont su tr\u00e8s<br \/>\nbien rebondir et mener la croissance de la distribution ces<br \/>\nderniers mois \u00bb. Mais au-del\u00e0 de l\u2019admiration professionnelle,<br \/>\nLeclerc a salu\u00e9 l\u2019homme et l\u2019ami : \u00ab Sur son scooter, Thierry<br \/>\nest un vrai warrior ! Dans son magasin, c&rsquo;est un gamin qui<br \/>\ns&rsquo;\u00e9merveille constamment de la qualit\u00e9 et la diversit\u00e9 des beaux<br \/>\nproduits \u00bb. Il rappelait aussi le \u00ab legs historique \u00bb<br \/>\nqui lie les deux familles \u00e0 travers les magasins<br \/>\nd\u2019Issy-les-Moulineaux et l\u2019histoire de la distribution<br \/>\nfran\u00e7aise.<\/p>\n","protected":false},"excerpt":{"rendered":"Le paysage des grands noms de la distribution r\u00e9serve quelques surprises cette ann\u00e9e. Alexandre Bompard arrive en t\u00eate&hellip;\n","protected":false},"author":2,"featured_media":595582,"comment_status":"","ping_status":"","sticky":false,"template":"","format":"standard","meta":{"footnotes":""},"categories":[7],"tags":[1011,27,70826,43,40,41,39,42,44,65861],"class_list":{"0":"post-595581","1":"post","2":"type-post","3":"status-publish","4":"format-standard","5":"has-post-thumbnail","7":"category-sciences-et-technologies","8":"tag-fr","9":"tag-france","10":"tag-michel-edouard-leclerc","11":"tag-science","12":"tag-science-and-technology","13":"tag-sciences","14":"tag-sciences-et-technologies","15":"tag-technologies","16":"tag-technology","17":"tag-trend"},"share_on_mastodon":{"url":"https:\/\/pubeurope.com\/@fr\/115708609813138403","error":""},"_links":{"self":[{"href":"https:\/\/www.europesays.com\/fr\/wp-json\/wp\/v2\/posts\/595581","targetHints":{"allow":["GET"]}}],"collection":[{"href":"https:\/\/www.europesays.com\/fr\/wp-json\/wp\/v2\/posts"}],"about":[{"href":"https:\/\/www.europesays.com\/fr\/wp-json\/wp\/v2\/types\/post"}],"author":[{"embeddable":true,"href":"https:\/\/www.europesays.com\/fr\/wp-json\/wp\/v2\/users\/2"}],"replies":[{"embeddable":true,"href":"https:\/\/www.europesays.com\/fr\/wp-json\/wp\/v2\/comments?post=595581"}],"version-history":[{"count":0,"href":"https:\/\/www.europesays.com\/fr\/wp-json\/wp\/v2\/posts\/595581\/revisions"}],"wp:featuredmedia":[{"embeddable":true,"href":"https:\/\/www.europesays.com\/fr\/wp-json\/wp\/v2\/media\/595582"}],"wp:attachment":[{"href":"https:\/\/www.europesays.com\/fr\/wp-json\/wp\/v2\/media?parent=595581"}],"wp:term":[{"taxonomy":"category","embeddable":true,"href":"https:\/\/www.europesays.com\/fr\/wp-json\/wp\/v2\/categories?post=595581"},{"taxonomy":"post_tag","embeddable":true,"href":"https:\/\/www.europesays.com\/fr\/wp-json\/wp\/v2\/tags?post=595581"}],"curies":[{"name":"wp","href":"https:\/\/api.w.org\/{rel}","templated":true}]}}