{"id":595585,"date":"2025-12-12T21:02:28","date_gmt":"2025-12-12T21:02:28","guid":{"rendered":"https:\/\/www.europesays.com\/fr\/595585\/"},"modified":"2025-12-12T21:02:28","modified_gmt":"2025-12-12T21:02:28","slug":"pourquoi-lue-a-decide-de-geler-les-actifs-souverains-russes-en-europe-jusqua-la-fin-de-la-guerre-en-ukraine","status":"publish","type":"post","link":"https:\/\/www.europesays.com\/fr\/595585\/","title":{"rendered":"Pourquoi l\u2019UE a d\u00e9cid\u00e9 de geler les actifs souverains russes en Europe jusqu\u2019\u00e0 la fin de la guerre en Ukraine"},"content":{"rendered":"<p>                     <img loading=\"lazy\" decoding=\"async\" src=\"https:\/\/www.europesays.com\/fr\/wp-content\/uploads\/2025\/12\/8922a23_ftp-1-npgggcr5bgjp-e8ca03f8be6a47a1aab70fbd27ff7581-0-65aa98c15a354ebfae51fb5abec4ed82.jpg\" alt=\"La haut repr\u00e9sentante de l\u2019Union europ\u00e9enne pour les affaires \u00e9trang\u00e8res et la politique de s\u00e9curit\u00e9, Kaja Kallas, \u00e0 Lviv (Ukraine), le 9\u00a0mai\u00a02025.\"   width=\"664\" height=\"443\"\/>    La haut repr\u00e9sentante de l\u2019Union europ\u00e9enne pour les affaires \u00e9trang\u00e8res et la politique de s\u00e9curit\u00e9, Kaja Kallas, \u00e0 Lviv (Ukraine), le 9\u00a0mai\u00a02025.  MYKOLA TYS \/ AP                 <\/p>\n<p class=\"article__paragraph  \">Alors que les Europ\u00e9ens luttent pour ne pas \u00eatre marginalis\u00e9s par les Etats-Unis dans les n\u00e9gociations sur un plan de paix en Ukraine et qu\u2019ils cherchent comment continuer \u00e0 soutenir Kiev financi\u00e8rement, ils ont pris, vendredi 12\u00a0d\u00e9cembre, une d\u00e9cision importante qui devrait les y aider. En effet, ils ont act\u00e9 l\u2019immobilisation, jusqu\u2019\u00e0 la fin de la guerre en Ukraine, des actifs que la banque centrale russe avait plac\u00e9s sur le Vieux Continent avant le conflit.<\/p>\n<p class=\"article__paragraph  \">Jusqu\u2019ici, comme pour les autres sanctions contre Moscou, il leur fallait en renouveler le principe \u00e0 l\u2019unanimit\u00e9, et ce, tous les six mois. Avec le risque, \u00e0 chaque fois, que la tr\u00e8s russophile Hongrie, voire la Slovaquie, mette son veto et que les 210\u00a0milliards d\u2019euros d\u2019avoirs concern\u00e9s repartent dans les coffres de l\u2019institution russe. Depuis l\u2019invasion russe, en f\u00e9vrier\u00a02022, Budapest a certes jou\u00e9 le jeu de l\u2019Union europ\u00e9enne (UE), mais, ces derniers mois, le premier ministre hongrois, Viktor Orban, en campagne \u00e9lectorale avant les l\u00e9gislatives de 2026, a durci ses positions et r\u00e9p\u00e9t\u00e9 qu\u2019il ne voulait plus aider l\u2019Ukraine.<\/p>\n<p class=\"reading-mode-only \"><strong>Il vous reste 81.36% de cet article \u00e0 lire. La suite est r\u00e9serv\u00e9e aux abonn\u00e9s.<\/strong><\/p>\n","protected":false},"excerpt":{"rendered":"La haut repr\u00e9sentante de l\u2019Union europ\u00e9enne pour les affaires \u00e9trang\u00e8res et la politique de s\u00e9curit\u00e9, Kaja Kallas, \u00e0&hellip;\n","protected":false},"author":2,"featured_media":595586,"comment_status":"","ping_status":"","sticky":false,"template":"","format":"standard","meta":{"footnotes":""},"categories":[5],"tags":[11,1011,27,14,12,28],"class_list":{"0":"post-595585","1":"post","2":"type-post","3":"status-publish","4":"format-standard","5":"has-post-thumbnail","7":"category-international","8":"tag-actualites","9":"tag-fr","10":"tag-france","11":"tag-international","12":"tag-news","13":"tag-world"},"share_on_mastodon":{"url":"https:\/\/pubeurope.com\/@fr\/115708622795944716","error":""},"_links":{"self":[{"href":"https:\/\/www.europesays.com\/fr\/wp-json\/wp\/v2\/posts\/595585","targetHints":{"allow":["GET"]}}],"collection":[{"href":"https:\/\/www.europesays.com\/fr\/wp-json\/wp\/v2\/posts"}],"about":[{"href":"https:\/\/www.europesays.com\/fr\/wp-json\/wp\/v2\/types\/post"}],"author":[{"embeddable":true,"href":"https:\/\/www.europesays.com\/fr\/wp-json\/wp\/v2\/users\/2"}],"replies":[{"embeddable":true,"href":"https:\/\/www.europesays.com\/fr\/wp-json\/wp\/v2\/comments?post=595585"}],"version-history":[{"count":0,"href":"https:\/\/www.europesays.com\/fr\/wp-json\/wp\/v2\/posts\/595585\/revisions"}],"wp:featuredmedia":[{"embeddable":true,"href":"https:\/\/www.europesays.com\/fr\/wp-json\/wp\/v2\/media\/595586"}],"wp:attachment":[{"href":"https:\/\/www.europesays.com\/fr\/wp-json\/wp\/v2\/media?parent=595585"}],"wp:term":[{"taxonomy":"category","embeddable":true,"href":"https:\/\/www.europesays.com\/fr\/wp-json\/wp\/v2\/categories?post=595585"},{"taxonomy":"post_tag","embeddable":true,"href":"https:\/\/www.europesays.com\/fr\/wp-json\/wp\/v2\/tags?post=595585"}],"curies":[{"name":"wp","href":"https:\/\/api.w.org\/{rel}","templated":true}]}}