{"id":595595,"date":"2025-12-12T21:16:03","date_gmt":"2025-12-12T21:16:03","guid":{"rendered":"https:\/\/www.europesays.com\/fr\/595595\/"},"modified":"2025-12-12T21:16:03","modified_gmt":"2025-12-12T21:16:03","slug":"le-mans-continue-sa-folle-serie-nancy-sort-la-tete-de-leau-ligue-2-j17-resume","status":"publish","type":"post","link":"https:\/\/www.europesays.com\/fr\/595595\/","title":{"rendered":"Le Mans continue sa folle s\u00e9rie, Nancy sort la t\u00eate de l&rsquo;eau &#8211; Ligue 2 &#8211; J17 &#8211; R\u00e9sum\u00e9"},"content":{"rendered":"<p>Plus d\u2019informations \u00e0 venir\u2026<\/p>\n<p><img decoding=\"async\" loading=\"lazy\" class=\"blason blason-petit\" src=\"https:\/\/www.europesays.com\/fr\/wp-content\/uploads\/2025\/12\/logo_fc_annecy_-_2022.jpg\"\/> Annecy 1-2 Le Mans <img decoding=\"async\" loading=\"lazy\" class=\"blason blason-petit\" src=\"https:\/\/www.europesays.com\/fr\/wp-content\/uploads\/2025\/12\/le-mans.jpg\"\/><\/p>\n<p>Buts : Larose (52e) pour Annecy \/\/ Rabillard (20e, SP) et Yohou (61e) pour Le Mans<\/p>\n<p><img decoding=\"async\" loading=\"lazy\" class=\"blason blason-petit\" src=\"https:\/\/www.europesays.com\/fr\/wp-content\/uploads\/2025\/12\/laval.jpg\"\/> Laval 1-2 Dunkerque <img decoding=\"async\" loading=\"lazy\" class=\"blason blason-petit\" src=\"https:\/\/www.europesays.com\/fr\/wp-content\/uploads\/2025\/12\/dunkerque.jpg\"\/><\/p>\n<p>Buts : Clavreul (18e) pour Laval \/\/ Robinet (35e, SP et 58e) pour Dunkerque<\/p>\n<p>Exclusion : Tavares (44e) pour Laval<\/p>\n<p><img decoding=\"async\" loading=\"lazy\" class=\"blason blason-petit\" src=\"https:\/\/www.europesays.com\/fr\/wp-content\/uploads\/2025\/12\/nancy.jpg\"\/> Nancy 1-0 Clermont <img decoding=\"async\" loading=\"lazy\" class=\"blason blason-petit\" src=\"https:\/\/www.europesays.com\/fr\/wp-content\/uploads\/2025\/12\/logo_clermont_foot_63_2013.jpg\"\/><\/p>\n<p>But : G\u00e9lin (36e) pour Nancy<\/p>\n<p><img decoding=\"async\" loading=\"lazy\" class=\"blason blason-petit\" src=\"https:\/\/www.europesays.com\/fr\/wp-content\/uploads\/2025\/12\/pau.jpg\"\/> Pau 1-2 Amiens <img decoding=\"async\" loading=\"lazy\" class=\"blason blason-petit\" src=\"https:\/\/www.europesays.com\/fr\/wp-content\/uploads\/2025\/12\/amiens-ac.jpg\"\/><\/p>\n<p>Buts : Versini (57e) pour Pau \/\/ Hamache (20e) et Ka\u00efbou\u00e9 (90e+5) pour Amiens<\/p>\n<p><img decoding=\"async\" loading=\"lazy\" class=\"blason blason-petit\" src=\"https:\/\/www.europesays.com\/fr\/wp-content\/uploads\/2025\/12\/1200px-logo_rodez_af_2017.jpg\"\/> Rodez 2-1 Guingamp <img decoding=\"async\" loading=\"lazy\" class=\"blason blason-petit\" src=\"https:\/\/www.europesays.com\/fr\/wp-content\/uploads\/2025\/12\/logo_ea_guingamp_2019.jpg\"\/><\/p>\n<p>Buts : Lipinski (39e) et Bald\u00e9 (73e, SP) pour Rodez \/\/ Kielt (87e, SP) pour Guingamp<\/p>\n<p>Exclusion : Hatchi (33e) pour Guingamp<\/p>\n<p>\t\t\t\t\t\t\t\t\t\t<a class=\"lien-connexe\" href=\"https:\/\/www.sofoot.com\/breves\/en-ligue-2-saint-etienne-conserve-sa-place-de-leader-messi-buteur-avec-pau-bastia-toujours-pas-vainqueur\" target=\"_blank\" rel=\"noopener\">Les Verts encore leaders, Messi buteur, Bastia toujours pas vainqueur <\/a>\t\t\t\t\t<\/p>\n","protected":false},"excerpt":{"rendered":"Plus d\u2019informations \u00e0 venir\u2026 Annecy 1-2 Le Mans Buts : Larose (52e) pour Annecy \/\/ Rabillard (20e, SP)&hellip;\n","protected":false},"author":2,"featured_media":595596,"comment_status":"","ping_status":"","sticky":false,"template":"","format":"standard","meta":{"footnotes":""},"categories":[9635],"tags":[1111,47,11,61,69,65,64,1777,674,63,1011,27,775,68,66,1702,12,62,70,25,67],"class_list":{"0":"post-595595","1":"post","2":"type-post","3":"status-publish","4":"format-standard","5":"has-post-thumbnail","7":"category-nancy","8":"tag-actu","9":"tag-actualite","10":"tag-actualites","11":"tag-actus-football","12":"tag-bundesliga","13":"tag-championnats-europeens","14":"tag-equipe-de-france","15":"tag-eu","16":"tag-europe","17":"tag-football","18":"tag-fr","19":"tag-france","20":"tag-grand-est","21":"tag-ligua","22":"tag-ligue-1","23":"tag-nancy","24":"tag-news","25":"tag-news-foot","26":"tag-premier-league","27":"tag-republique-francaise","28":"tag-serie-a"},"share_on_mastodon":{"url":"https:\/\/pubeurope.com\/@fr\/115708678013015854","error":""},"_links":{"self":[{"href":"https:\/\/www.europesays.com\/fr\/wp-json\/wp\/v2\/posts\/595595","targetHints":{"allow":["GET"]}}],"collection":[{"href":"https:\/\/www.europesays.com\/fr\/wp-json\/wp\/v2\/posts"}],"about":[{"href":"https:\/\/www.europesays.com\/fr\/wp-json\/wp\/v2\/types\/post"}],"author":[{"embeddable":true,"href":"https:\/\/www.europesays.com\/fr\/wp-json\/wp\/v2\/users\/2"}],"replies":[{"embeddable":true,"href":"https:\/\/www.europesays.com\/fr\/wp-json\/wp\/v2\/comments?post=595595"}],"version-history":[{"count":0,"href":"https:\/\/www.europesays.com\/fr\/wp-json\/wp\/v2\/posts\/595595\/revisions"}],"wp:featuredmedia":[{"embeddable":true,"href":"https:\/\/www.europesays.com\/fr\/wp-json\/wp\/v2\/media\/595596"}],"wp:attachment":[{"href":"https:\/\/www.europesays.com\/fr\/wp-json\/wp\/v2\/media?parent=595595"}],"wp:term":[{"taxonomy":"category","embeddable":true,"href":"https:\/\/www.europesays.com\/fr\/wp-json\/wp\/v2\/categories?post=595595"},{"taxonomy":"post_tag","embeddable":true,"href":"https:\/\/www.europesays.com\/fr\/wp-json\/wp\/v2\/tags?post=595595"}],"curies":[{"name":"wp","href":"https:\/\/api.w.org\/{rel}","templated":true}]}}