{"id":595597,"date":"2025-12-12T21:17:13","date_gmt":"2025-12-12T21:17:13","guid":{"rendered":"https:\/\/www.europesays.com\/fr\/595597\/"},"modified":"2025-12-12T21:17:13","modified_gmt":"2025-12-12T21:17:13","slug":"rc-toulon-melvyn-jaminet-blesse-a-la-main-droite-sera-absent-huit-semaines-sport","status":"publish","type":"post","link":"https:\/\/www.europesays.com\/fr\/595597\/","title":{"rendered":"RC Toulon. Melvyn Jaminet, bless\u00e9 \u00e0 la main droite, sera absent huit semaines . Sport"},"content":{"rendered":"<p>On conna\u00eet la dur\u00e9e d\u2019indisponibilit\u00e9 de Melvyn Jaminet. L\u2019arri\u00e8re du <a href=\"https:\/\/www.ouest-france.fr\/sport\/rugby\/coupe-d-europe\/direct-edimbourg-rc-toulon-suivez-le-match-de-la-premiere-journee-de-champions-cup-en-live-c669750f-fba3-4c69-a941-43cf3d1dab38\" target=\"_blank\" rel=\"noopener\">RC Toulon<\/a>, bless\u00e9 \u00e0 la main droite, a \u00e9t\u00e9 op\u00e9r\u00e9 cette semaine et sera absent huit semaines, a annonc\u00e9 le club varois ce vendredi 12\u00a0d\u00e9cembre.<\/p>\n<p>Un retour esp\u00e9r\u00e9 d\u00e9but f\u00e9vrier<\/p>\n<p>Touch\u00e9 dimanche lors de la d\u00e9faite des Toulonnais sur la pelouse d\u2019Edimbourg (33-20) en Champions Cup, l\u2019arri\u00e8re et buteur du RCT avait quitt\u00e9 les siens apr\u00e8s 22\u00a0minutes de jeu.\u00a0Il manquera huit semaines de comp\u00e9tition, a indiqu\u00e9 son club dans un communiqu\u00e9, laissant envisager un retour d\u00e9but f\u00e9vrier.<\/p>\n<p><strong>Lire aussi\u00a0:<\/strong> <a href=\"https:\/\/toulon.maville.com\/sport\/detail_-affaire-melvyn-jaminet-stade-toulousain.-le-conseil-de-discipline-doit-rendre-une-decision-la-semaine-prochaine-_53046-7106688_actu.Htm\" target=\"_blank\" rel=\"noopener\">Affaire Melvyn Jaminet &#8211; Stade Toulousain. Le conseil de discipline doit rendre une d\u00e9cision la semaine prochaine<\/a><\/p>\n<p>Le jeune trois-quarts polyvalent Mathis Fert\u00e9 occupera le poste d\u2019arri\u00e8re dimanche lors de la deuxi\u00e8me journ\u00e9e de Champions Cup contre Bath dimanche (16 h 15).<\/p>\n<p>\u00a0<\/p>\n","protected":false},"excerpt":{"rendered":"On conna\u00eet la dur\u00e9e d\u2019indisponibilit\u00e9 de Melvyn Jaminet. L\u2019arri\u00e8re du RC Toulon, bless\u00e9 \u00e0 la main droite, a&hellip;\n","protected":false},"author":2,"featured_media":595598,"comment_status":"","ping_status":"","sticky":false,"template":"","format":"standard","meta":{"footnotes":""},"categories":[9619],"tags":[1111,11,3809,1465,1777,674,63,1011,27,1792,1922,12,882,25,479,517,2310,1470],"class_list":{"0":"post-595597","1":"post","2":"type-post","3":"status-publish","4":"format-standard","5":"has-post-thumbnail","7":"category-toulon","8":"tag-actu","9":"tag-actualites","10":"tag-ball","11":"tag-basket","12":"tag-eu","13":"tag-europe","14":"tag-football","15":"tag-fr","16":"tag-france","17":"tag-handball","18":"tag-info","19":"tag-news","20":"tag-provence-alpes-cote-dazur","21":"tag-republique-francaise","22":"tag-rugby","23":"tag-sport","24":"tag-toulon","25":"tag-volley"},"share_on_mastodon":{"url":"https:\/\/pubeurope.com\/@fr\/115708680257715482","error":""},"_links":{"self":[{"href":"https:\/\/www.europesays.com\/fr\/wp-json\/wp\/v2\/posts\/595597","targetHints":{"allow":["GET"]}}],"collection":[{"href":"https:\/\/www.europesays.com\/fr\/wp-json\/wp\/v2\/posts"}],"about":[{"href":"https:\/\/www.europesays.com\/fr\/wp-json\/wp\/v2\/types\/post"}],"author":[{"embeddable":true,"href":"https:\/\/www.europesays.com\/fr\/wp-json\/wp\/v2\/users\/2"}],"replies":[{"embeddable":true,"href":"https:\/\/www.europesays.com\/fr\/wp-json\/wp\/v2\/comments?post=595597"}],"version-history":[{"count":0,"href":"https:\/\/www.europesays.com\/fr\/wp-json\/wp\/v2\/posts\/595597\/revisions"}],"wp:featuredmedia":[{"embeddable":true,"href":"https:\/\/www.europesays.com\/fr\/wp-json\/wp\/v2\/media\/595598"}],"wp:attachment":[{"href":"https:\/\/www.europesays.com\/fr\/wp-json\/wp\/v2\/media?parent=595597"}],"wp:term":[{"taxonomy":"category","embeddable":true,"href":"https:\/\/www.europesays.com\/fr\/wp-json\/wp\/v2\/categories?post=595597"},{"taxonomy":"post_tag","embeddable":true,"href":"https:\/\/www.europesays.com\/fr\/wp-json\/wp\/v2\/tags?post=595597"}],"curies":[{"name":"wp","href":"https:\/\/api.w.org\/{rel}","templated":true}]}}