{"id":595605,"date":"2025-12-12T21:21:12","date_gmt":"2025-12-12T21:21:12","guid":{"rendered":"https:\/\/www.europesays.com\/fr\/595605\/"},"modified":"2025-12-12T21:21:12","modified_gmt":"2025-12-12T21:21:12","slug":"foires-a-tout-et-marches-de-noel-ou-trouve-t-on-les-meilleures-affaires-ce-week-end-en-seine-maritime","status":"publish","type":"post","link":"https:\/\/www.europesays.com\/fr\/595605\/","title":{"rendered":"Foires \u00e0 tout et march\u00e9s de No\u00ebl&#8230; O\u00f9 trouve-t-on les meilleures affaires ce week-end en Seine-Maritime\u00a0?"},"content":{"rendered":"<p>                    Par<br \/>\n        <strong><br \/>\n            <a href=\"https:\/\/actu.fr\/auteur\/louise-boutard\" title=\"Consulter tous les articles de Louise Boutard\" target=\"_blank\" rel=\"noopener\">Louise Boutard<\/a><br \/>\n                    <\/strong><\/p>\n<p>        Publi\u00e9 le<\/p>\n<p>            12 d\u00e9c. 2025 \u00e0 20h44        <\/p>\n<p>Pas de tr\u00eave pour les chineurs\u2009! C\u2019est le moment de trouver de belles affaires dans les brocantes, foires \u00e0 tout, vide-greniers sans oublier les <strong>march\u00e9s de No\u00ebl<\/strong> de Seine-Maritime <a href=\"https:\/\/actu.fr\/normandie\/le-havre_76351\/des-cadeaux-d-occasion-pour-noel-bonne-ou-mauvaise-idee-on-a-peur-de-passer-pour-des-radins_63493058.html\" target=\"_blank\" rel=\"noopener\">pour mettre sous le sapin<\/a> ou pour d\u00e9corer son chez-soi. Voici les lieux o\u00f9 se rendre ces samedis\u00a013 et dimanche 14\u00a0d\u00e9cembre 2025.<\/p>\n<p>Samedi 13\u00a0d\u00e9cembre<\/p>\n<p class=\" wall-content\"><strong>Allouville-Bellefosse<\/strong>\u2009: march\u00e9 de No\u00ebl sur la place Paul-Levieux, sous des chapiteaux chauff\u00e9s. De 10\u2009h \u00e0 18\u2009h\u200930.<\/p>\n<p class=\" wall-content\"><strong>Auberville-la-Manuel<\/strong>\u2009: march\u00e9 de No\u00ebl dans la salle polyvalente de 10\u2009h \u00e0 18\u2009h. C\u2019est le premier march\u00e9 de no\u00ebl de l\u2019\u00e9cole Pierre-Georges de Saint-Martin-aux-Buneaux. Le p\u00e8re no\u00ebl sera pr\u00e9sent de 11\u2009h \u00e0 12\u2009h et de 15\u2009h \u00e0 17\u2009h. Chasse aux lutins, photos, food-truck\u2026<\/p>\n<p class=\" wall-content\"><strong>Buchy<\/strong>\u2009: march\u00e9 de No\u00ebl rue des Halles, de 9\u2009h \u00e0 18\u2009h. Restauration, buvette, animations et man\u00e8ge.<\/p>\n<p class=\" wall-content\"><strong>Dieppe<\/strong>\u2009: march\u00e9 de No\u00ebl boulevard de Verdun, dans la salle des congr\u00e8s. Animations, petite restauration et ambiance f\u00e9erique. C\u2019est la 5e \u00e9dition de la magie de no\u00ebl du collectif octobre rose dieppois 76.<strong><br \/><\/strong><\/p>\n<p>Vid\u00e9os : en ce moment sur Actu<\/p>\n<p class=\" wall-content\"><strong>Doudeville<\/strong>\u2009: march\u00e9 de No\u00ebl place du g\u00e9n\u00e9ral de Gaulle, de 9\u2009h\u200930 \u00e0 19\u2009h par l\u2019association Doudeville en f\u00eate. Artisanat et producteurs, animations.<\/p>\n<p class=\" wall-content\"><strong>Fresquiennes<\/strong>\u2009: march\u00e9 de No\u00ebl dans la salle des f\u00eates, 41 rue du centre de 9\u2009h \u00e0 18\u2009h. Deux salles chauff\u00e9es, une cinquantaine d\u2019exposants, buvette et food-truck.<\/p>\n<p>Votre r\u00e9gion, votre actu !<\/p>\n<p>Recevez chaque jour les infos qui comptent pour vous.<\/p>\n<p>\t<a href=\"https:\/\/actu.fr\/newsletter\" class=\"ac-btn ac-btn--corner ac-btn--medium ac-btn--blue800\" target=\"_blank\" rel=\"noopener\">S&rsquo;incrire<\/a><\/p>\n<p class=\" wall-content\"><strong>Heuqueville<\/strong>\u2009: march\u00e9 de No\u00ebl dans les salles Panorama et Pressoir \u00e0 l\u2019\u00e9cole de 14\u2009h \u00e0 18\u2009h.<\/p>\n<p class=\" wall-content\"><strong>Le\u00a0Havre<\/strong>\u2009: march\u00e9 de No\u00ebl, place de l\u2019h\u00f4tel de ville de 11\u2009h \u00e0 21\u2009h. Id\u00e9es cadeaux et food-trucks.<\/p>\n<p class=\" wall-content\"><strong>La Vaupali\u00e8re<\/strong>\u2009: march\u00e9 de No\u00ebl zen et artisanal, 2e \u00e9dition dans le gymnase La Vaupali\u00e8re, all\u00e9e du Val Saint-L\u00e9onard de 10\u2009h \u00e0 19\u2009h.<\/p>\n<p class=\" wall-content\"><strong>Longueville-sur-Scie<\/strong>\u2009: march\u00e9 de No\u00ebl dans la salle des f\u00eates, route de Newton Longville de 9\u2009h\u200930 \u00e0 18\u2009h\u200930.<\/p>\n<p class=\" wall-content\"><strong>Rouen<\/strong>\u2009: 4 rue du Pont de l\u2019Arquet, entre vintage et bar, un \u00e9v\u00e9nement organis\u00e9 par Chinerie sauvage et Le Perchoir de 14\u2009h \u00e0 20\u2009h.<\/p>\n<p class=\" wall-content\"><strong>Serqueux<\/strong>\u2009: march\u00e9 de No\u00ebl dans la salle des f\u00eates de 9\u2009h \u00e0 18\u2009h.<\/p>\n<p>Dimanche 14\u00a0d\u00e9cembre<\/p>\n<p class=\" wall-content\"><strong>Allouville-Bellefosse<\/strong>\u2009: march\u00e9 de No\u00ebl sur la place Paul-Levieux, sous des chapiteaux chauff\u00e9s. De 10\u2009h \u00e0 18\u2009h\u200930.<\/p>\n<p class=\" wall-content\"><strong>Bailly-en-Rivi\u00e8re<\/strong>\u2009: foire \u00e0 tout dans la salle des f\u00eates rue des \u00c9coles de 7\u2009h \u00e0 19\u2009h.<\/p>\n<p class=\" wall-content\"><strong>Buchy<\/strong>\u2009: march\u00e9 de No\u00ebl rue des Halles, de 9\u2009h \u00e0 18\u2009h. Restauration, buvette, animations et man\u00e8ge.<\/p>\n<p class=\" wall-content\"><strong>Dieppe<\/strong>\u2009: march\u00e9 de No\u00ebl boulevard de Verdun, dans la salle des congr\u00e8s. Animations, petite restauration et ambiance f\u00e9erique. C\u2019est la 5e \u00e9dition de la magie de no\u00ebl du collectif octobre rose dieppois 76.<\/p>\n<p class=\" wall-content\"><strong>Doudeville<\/strong>\u2009: march\u00e9 de No\u00ebl place du g\u00e9n\u00e9ral de Gaulle, de 9\u2009h\u200930 \u00e0 19\u2009h par l\u2019association Doudeville en f\u00eate. Artisanat et producteurs, animations.<\/p>\n<p class=\" wall-content\"><strong>\u00c9toutteville<\/strong>\u2009: march\u00e9 de No\u00ebl par l\u2019association de nos\u00a03 \u00e9coles dans la salle des f\u00eates, 520 rue du Prieur\u00e9 de 10\u2009h \u00e0 17\u2009h. Restauration, activit\u00e9s pour les enfants. Photos avec le p\u00e8re No\u00ebl.<\/p>\n<p class=\" wall-content\"><strong>Fontaine-le-Bourg\u2009:<\/strong> march\u00e9 de No\u00ebl dans la salle Arnaud-Girard, rue Delamare Deboutteville de 10\u2009h \u00e0 18\u2009h. Restauration sur place<\/p>\n<p class=\" wall-content\"><strong>Fresquiennes<\/strong>\u2009: march\u00e9 de No\u00ebl dans la salle des f\u00eates, 41 rue du centre de 9\u2009h \u00e0 18\u2009h. Deux salles chauff\u00e9es, une cinquantaine d\u2019exposants, buvette et food-truck.<\/p>\n<p class=\" wall-content\"><strong>Heuqueville<\/strong>\u2009: march\u00e9 de No\u00ebl dans les salles Panorama et Pressoir \u00e0 l\u2019\u00e9cole de 10\u2009h \u00e0 18\u2009h.<\/p>\n<p class=\" wall-content\"><strong>La Vaupali\u00e8re<\/strong>\u2009: march\u00e9 de No\u00ebl zen et artisanal, 2e \u00e9dition dans le gymnase La Vaupali\u00e8re, all\u00e9e du Val Saint-L\u00e9onard de 10\u2009h \u00e0 18\u2009h.<\/p>\n<p class=\" wall-content\"><strong>Les Trois-Pierres<\/strong>\u2009: vide-grenier de No\u00ebl et bourse aux v\u00eatements enfants et jouets dans la salle polyvalente de 9\u2009h \u00e0 14\u2009h. Entr\u00e9e 1\u00a0\u20ac. Organis\u00e9 par l\u2019association des parents de l\u2019\u00e9cole. Vente de cr\u00eapes.<\/p>\n<p class=\" wall-content\"><strong>Longueville-sur-Scie<\/strong>\u2009: march\u00e9 de No\u00ebl dans la salle des f\u00eates, route de Newton Longville de 9\u2009h\u200930 \u00e0 18\u2009h\u200930.<\/p>\n<p class=\" wall-content\"><strong>Martigny<\/strong>\u2009: march\u00e9 de No\u00ebl dans la salle des f\u00eates Simone Veil.<\/p>\n<p class=\" wall-content\"><strong>Pissy-P\u00f4ville<\/strong>\u2009: march\u00e9 de No\u00ebl dans la salle des f\u00eates Jean-Claude Fretigny, rue de l\u2019\u00e9cole, de 10\u2009h \u00e0 17\u2009h\u200930. Par l\u2019association des v\u00e9hicules anciens de Pissy-P\u00f4ville.<\/p>\n<p class=\" wall-content\"><strong>Saint-Jacques-sur-Darn\u00e9tal<\/strong>\u2009: march\u00e9 de No\u00ebl dans la salle de l\u2019Entre-Seine 1, passage de la chaudi\u00e8re de 10\u2009h \u00e0 18\u2009h. Visite du p\u00e8re No\u00ebl.<\/p>\n<p class=\" wall-content\"><strong>Saint-Pierre-de-Manneville<\/strong>\u2009: march\u00e9 de No\u00ebl artisanal, salle Henri-Joly, de 10\u2009h \u00e0 18\u2009h. Restauration.<\/p>\n<p class=\" wall-content\"><strong>Serqueux<\/strong>\u2009: march\u00e9 de No\u00ebl dans la salle des f\u00eates de 9\u2009h \u00e0 18\u2009h.<\/p>\n<p>Vous souhaitez annoncer un \u00e9v\u00e9nement festif ou associatif, une initiative locale\u2009? Rendez-vous sur notre plateforme <a href=\"https:\/\/www.infolocale.fr\/decouvrir\/actu\/\" target=\"_blank\" rel=\"noopener\">Infolocale.<\/a><\/p>\n<p class=\" wall-content\">Personnalisez votre actualit\u00e9 en ajoutant vos villes et m\u00e9dias en favori avec <a href=\"https:\/\/moncompte.actu.fr\" title=\"D\u00e9couvez Mon Actu\" rel=\"nofollow noopener\" data-trk=\"{&quot;cta&quot;:{&quot;action&quot;:&quot;https:\\\/\\\/moncompte.actu.fr&quot;,&quot;category&quot;:&quot;mon compte&quot;,&quot;from&quot;:&quot;article footer&quot;,&quot;name&quot;:&quot;Mon actu&quot;,&quot;type&quot;:&quot;cta&quot;}}\" target=\"_blank\">Mon Actu<\/a>.<\/p>\n","protected":false},"excerpt":{"rendered":"Par Louise Boutard Publi\u00e9 le 12 d\u00e9c. 2025 \u00e0 20h44 Pas de tr\u00eave pour les chineurs\u2009! C\u2019est le&hellip;\n","protected":false},"author":2,"featured_media":595606,"comment_status":"","ping_status":"","sticky":false,"template":"","format":"standard","meta":{"footnotes":""},"categories":[9587],"tags":[1111,11,6961,1777,674,10087,1011,27,1652,12,5161,25,9590,3365],"class_list":{"0":"post-595605","1":"post","2":"type-post","3":"status-publish","4":"format-standard","5":"has-post-thumbnail","7":"category-rouen","8":"tag-actu","9":"tag-actualites","10":"tag-brocante","11":"tag-eu","12":"tag-europe","13":"tag-foires-a-tout","14":"tag-fr","15":"tag-france","16":"tag-loisirs-culture","17":"tag-news","18":"tag-normandie","19":"tag-republique-francaise","20":"tag-rouen","21":"tag-vide-greniers"},"share_on_mastodon":{"url":"https:\/\/pubeurope.com\/@fr\/115708696038658912","error":""},"_links":{"self":[{"href":"https:\/\/www.europesays.com\/fr\/wp-json\/wp\/v2\/posts\/595605","targetHints":{"allow":["GET"]}}],"collection":[{"href":"https:\/\/www.europesays.com\/fr\/wp-json\/wp\/v2\/posts"}],"about":[{"href":"https:\/\/www.europesays.com\/fr\/wp-json\/wp\/v2\/types\/post"}],"author":[{"embeddable":true,"href":"https:\/\/www.europesays.com\/fr\/wp-json\/wp\/v2\/users\/2"}],"replies":[{"embeddable":true,"href":"https:\/\/www.europesays.com\/fr\/wp-json\/wp\/v2\/comments?post=595605"}],"version-history":[{"count":0,"href":"https:\/\/www.europesays.com\/fr\/wp-json\/wp\/v2\/posts\/595605\/revisions"}],"wp:featuredmedia":[{"embeddable":true,"href":"https:\/\/www.europesays.com\/fr\/wp-json\/wp\/v2\/media\/595606"}],"wp:attachment":[{"href":"https:\/\/www.europesays.com\/fr\/wp-json\/wp\/v2\/media?parent=595605"}],"wp:term":[{"taxonomy":"category","embeddable":true,"href":"https:\/\/www.europesays.com\/fr\/wp-json\/wp\/v2\/categories?post=595605"},{"taxonomy":"post_tag","embeddable":true,"href":"https:\/\/www.europesays.com\/fr\/wp-json\/wp\/v2\/tags?post=595605"}],"curies":[{"name":"wp","href":"https:\/\/api.w.org\/{rel}","templated":true}]}}