{"id":595611,"date":"2025-12-12T21:24:17","date_gmt":"2025-12-12T21:24:17","guid":{"rendered":"https:\/\/www.europesays.com\/fr\/595611\/"},"modified":"2025-12-12T21:24:17","modified_gmt":"2025-12-12T21:24:17","slug":"pro-d2-valence-romans-poursuit-son-parcours-irresistible-face-a-grenoble-et-saccroche-a-la-2e-place","status":"publish","type":"post","link":"https:\/\/www.europesays.com\/fr\/595611\/","title":{"rendered":"Pro D2 \u2013 Valence Romans poursuit son parcours irr\u00e9sistible face \u00e0 Grenoble et s\u2019accroche \u00e0 la 2e place"},"content":{"rendered":"<p>\n                Cette 14e livr\u00e9e de Pro D2 avait la bonne id\u00e9e d\u2019opposer Valence Romans \u00e0 Grenoble au stade Georges Pompidou. Le nouveau trublion du championnat face \u00e0 son ancien ogre, le triple vice-champion de France en titre. Avant le match, les Damiers \u00e9taient 2e avec seulement 3 d\u00e9faites alors que les Is\u00e9rois en comptaient plus du double (7). Ce duel intervenait en plus dans un des stades imprenables de Pro D2 avec des h\u00f4tes restant sur une s\u00e9rie de 4 victoires de suite. Tout annon\u00e7ait une issue d\u00e9licate \u00e0 des Grenoblois 11e et peu souverains loin des Alpes m\u00eame si dans un derby, les cartes sont souvent rebattues. Grenoble a longtemps fait douter Valence Romans mais la machine \u00e0 Damiers s\u2019est mise en route apr\u00e8s la pause pour une 5e victoire de rang (33-15). Les Valentino-romanais confirment encore et toujours.\n            <\/p>\n<p>Pour ce dernier match de l\u2019ann\u00e9e 2025 devant leur public, les Valentino-romanais \u00e9taient s\u00fbrement loin de cette id\u00e9e de passage de flambeau entre la nouvelle \u00e9quipe qui n\u2019en finit plus de monter\u00a0face \u00e0 l\u2019\u00e9quipe ultra-dominatrice des derni\u00e8res ann\u00e9es. Juste l\u2019id\u00e9e de terminer cette ann\u00e9e \u00e0 Georges-Pompidou en beaut\u00e9, qui plus est dans un derby rhodanien. Le public de <strong><a href=\"https:\/\/www.rugbyrama.fr\/2025\/12\/12\/direct-valence-romans-grenoble-suivez-le-derby-de-la-14e-journee-de-pro-d2-entre-un-vdrd-en-pleine-accession-et-un-fcg-en-plein-doute-13106982.php\" target=\"_self\" rel=\"noopener\">Valence Romans a d\u00fb \u00eatre combl\u00e9 par ce dernier cadeau de l\u2019ann\u00e9e gr\u00e2ce \u00e0 une belle victoire acquise\u00a0contre Grenoble<\/a><\/strong>. Il reste un dernier match avant la tr\u00eave des confiseurs mais quelle que soit son issue, le VRDR est l\u2019un des grands gagnants de cette premi\u00e8re moiti\u00e9 de saison.<\/p>\n<p>\u00a0<\/p>\n<p>Une entame id\u00e9ale pour le VRDR<\/p>\n<p>\u00a0<\/p>\n<p>La rencontre n\u2019aurait pas pu mieux d\u00e9marrer pour Valence Romans dans ce derby face \u00e0 un grand fr\u00e8re si l\u2019on peut dire. Au bout de 6 minutes de jeu, les co\u00e9quipiers de Louis Marrou menaient d\u00e9j\u00e0 10-0. Le temps pour Lucas Meret de profiter d\u2019une faute \u00e9vitable (3e, 3-0) et pour Andrea Pontanier de montrer des qualit\u00e9s de course impressionnantes pour un premi\u00e8re ligne. Sur un jeu rapide en rupture des Damiers, Rodor lance Pontanier depuis l\u2019axe pour une perc\u00e9e de 35m au milieu de la d\u00e9fense adverse (6e, 10-0). De quoi sonner logiquement des Is\u00e9rois battus \u00e0 plates coutures en conqu\u00eate. Le tournant du premier acte se jouait peu avant la demi-heure de jeu. Alors que Valence Romans dominait sereinement les d\u00e9bats, l\u2019essai du break \u00e9tait tout proche d\u2019intervenir sur un long temps de jeu jusqu\u2019aux 5m du FCG. Le ballon perdu allait se transformer en un essai pour Grenoble 100m plus loin.<\/p>\n<p>Thompson au grattage d\u2019abord, c\u2019est Couilloud qui allait parfaitement orchestrer ce contre pour se retrouver sur l\u2019aile gauche en surnombre \u00e0 l\u2019oppos\u00e9 avec l\u2019essai du Portugais Raffaele\u00a0Costa Storti (28e, 10-5). En dedans de longues minutes apr\u00e8s ce renversement de momentum, les Dr\u00f4mois r\u00e9agissaient cependant juste avant la pause gr\u00e2ce \u00e0 la p\u00e9nalit\u00e9 de 40m de Lucas Meret, toujours meilleur r\u00e9alisateur du championnat (40e, 13-5).<\/p>\n<p>Valence Romans red\u00e9marre fort et tient<\/p>\n<p>La volont\u00e9 des Damiers au retour des vestiaires s\u2019est vite constat\u00e9e. Repartir fort \u00e0 l\u2019attaque et surtout ne pas faire esp\u00e9rer Grenoble. Apr\u00e8s 4 minutes de jeu, on imaginait bien la causerie de la mi-temps. Sur la premi\u00e8re opportunit\u00e9 de marquer, Ryan McCauley trouvait l\u2019espace. Une faute adverse, une touche \u00e0 5m bien n\u00e9goci\u00e9e et un retour petit c\u00f4t\u00e9 parfaitement jou\u00e9 par Rodor pour son deuxi\u00e8me ligne (44e, 18-5). Il fallait pourtant cette fois encore moins de temps aux Grenoblois pour r\u00e9agir puisque Hanru Sirgel concr\u00e9tisait lui aussi une touche \u00e0 5m des siens avec des pick-and-go solides jusqu\u2019\u00e0 l\u2019essai (52e, 18-12). Peu avant l\u2019heure de jeu, les buteurs Meret et Romain Trouilloud se r\u00e9pondaient sur des p\u00e9nalit\u00e9s lointaines (56e, 21-15). Les Is\u00e9rois \u00e9taient toujours bien attach\u00e9s au score, pr\u00eats \u00e0 surgir de l\u2019ombre.<\/p>\n<p>Mais la fin de match \u00e9tait \u00e0 sens unique, celui de l\u2019\u00e9quipe qui monte. Du National jusqu\u2019aux hautes sph\u00e8res de Pro D2 en 3 ans. \u00c0 l\u2019heure de jeu, c\u2019est l\u2019entrant ailier Calum Randle qui trouvait le chemin du 3e essai des Damiers sur un lancement de jeu limpide vers la droite avec des passes pr\u00e9cises (59e, 26-15). Quelques minutes plus tard, un autre entrant, Thomas Lhusero, le demi de m\u00eal\u00e9e, \u00e9tait \u00e0 la concr\u00e9tisation d\u2019un ballon port\u00e9 pourtant bien d\u00e9fendu par le FCG (67e, 33-15). Les Valentino-romanais g\u00e9raient bien les derniers instants pourtant r\u00e9duits \u00e0 14 apr\u00e8s le jaune de leur capitaine Marrou lors d\u2019une opportunit\u00e9 adverse. Le bonus offensif n\u2019\u00e9tait pas coch\u00e9 mais ce n\u2019\u00e9tait pas le plus important pour la derni\u00e8re de l\u2019ann\u00e9e \u00e0 Georges-Pompidou.<\/p>\n","protected":false},"excerpt":{"rendered":"Cette 14e livr\u00e9e de Pro D2 avait la bonne id\u00e9e d\u2019opposer Valence Romans \u00e0 Grenoble au stade Georges&hellip;\n","protected":false},"author":2,"featured_media":595612,"comment_status":"","ping_status":"","sticky":false,"template":"","format":"standard","meta":{"footnotes":""},"categories":[9566],"tags":[1111,11,2430,1777,674,1011,27,2731,12,2308,25,68796],"class_list":{"0":"post-595611","1":"post","2":"type-post","3":"status-publish","4":"format-standard","5":"has-post-thumbnail","7":"category-grenoble","8":"tag-actu","9":"tag-actualites","10":"tag-auvergne-rhone-alpes","11":"tag-eu","12":"tag-europe","13":"tag-fr","14":"tag-france","15":"tag-grenoble","16":"tag-news","17":"tag-pro-d2","18":"tag-republique-francaise","19":"tag-rugby-u00e0-xv"},"share_on_mastodon":{"url":"https:\/\/pubeurope.com\/@fr\/115708707680085731","error":""},"_links":{"self":[{"href":"https:\/\/www.europesays.com\/fr\/wp-json\/wp\/v2\/posts\/595611","targetHints":{"allow":["GET"]}}],"collection":[{"href":"https:\/\/www.europesays.com\/fr\/wp-json\/wp\/v2\/posts"}],"about":[{"href":"https:\/\/www.europesays.com\/fr\/wp-json\/wp\/v2\/types\/post"}],"author":[{"embeddable":true,"href":"https:\/\/www.europesays.com\/fr\/wp-json\/wp\/v2\/users\/2"}],"replies":[{"embeddable":true,"href":"https:\/\/www.europesays.com\/fr\/wp-json\/wp\/v2\/comments?post=595611"}],"version-history":[{"count":0,"href":"https:\/\/www.europesays.com\/fr\/wp-json\/wp\/v2\/posts\/595611\/revisions"}],"wp:featuredmedia":[{"embeddable":true,"href":"https:\/\/www.europesays.com\/fr\/wp-json\/wp\/v2\/media\/595612"}],"wp:attachment":[{"href":"https:\/\/www.europesays.com\/fr\/wp-json\/wp\/v2\/media?parent=595611"}],"wp:term":[{"taxonomy":"category","embeddable":true,"href":"https:\/\/www.europesays.com\/fr\/wp-json\/wp\/v2\/categories?post=595611"},{"taxonomy":"post_tag","embeddable":true,"href":"https:\/\/www.europesays.com\/fr\/wp-json\/wp\/v2\/tags?post=595611"}],"curies":[{"name":"wp","href":"https:\/\/api.w.org\/{rel}","templated":true}]}}