{"id":595615,"date":"2025-12-12T21:27:14","date_gmt":"2025-12-12T21:27:14","guid":{"rendered":"https:\/\/www.europesays.com\/fr\/595615\/"},"modified":"2025-12-12T21:27:14","modified_gmt":"2025-12-12T21:27:14","slug":"le-pere-noel-de-la-grande-loge-traditionnelle-de-france-gate-les-enfants-hospitalises-au-chu-de","status":"publish","type":"post","link":"https:\/\/www.europesays.com\/fr\/595615\/","title":{"rendered":"Le P\u00e8re No\u00ebl de la Grande loge traditionnelle de France g\u00e2te les enfants hospitalis\u00e9s au CHU de"},"content":{"rendered":"<p>Il en a fallu des bras, vendredi 12\u00a0d\u00e9cembre 2025, pour d\u00e9charger tous les cadeaux \u00e0 destination des enfants hospitalis\u00e9s de l\u2019h\u00f4pital sud, \u00e0 Rennes (Ille-et-Vilaine). Plus d\u2019une centaine, entass\u00e9s dans une camionnette et qui ont \u00e9t\u00e9 transport\u00e9s au second \u00e9tage avec l\u2019aide d\u2019un P\u00e8re No\u00ebl portant un signe distinctif. Celui de la Province Bretagne atlantique de la Grande loge traditionnelle de France.<\/p>\n<p>Une loge ma\u00e7onnique qui compte 250\u00a0adh\u00e9rents en Bretagne et dont les membres tiennent \u00e0 rester discrets. \u00a0Nous avions organis\u00e9 une journ\u00e9e solidarit\u00e9 destin\u00e9e \u00e0 soutenir les enfants hospitalis\u00e9s en service d\u2019oncologie de l\u2019h\u00f4pital sud\u00a0\u00bb, explique le Grand ma\u00eetre provincial. Cet \u00e9v\u00e9nement a rassembl\u00e9 de nombreux Fr\u00e8res autour d\u2019un objectif simple et essentiel\u00a0: offrir un moment de joie \u00e0 des enfants confront\u00e9s \u00e0 la maladie. <strong> \u00a0Plus qu\u2019un don mat\u00e9riel, c\u2019est un espace de sourire, de douceur et d\u2019enfance pour ces jeunes patients et leurs familles.\u00a0<\/strong> <\/p>\n<p>Une centaine d\u2019enfants, de quelques jours \u00e0 16\u00a0ans, sont actuellement hospitalis\u00e9s \u00e0 l\u2019h\u00f4pital sud dont plus d\u2019une vingtaine souffrant de cancer dans le service d\u2019h\u00e9mato-oncologie.<\/p>\n<p>\u00a0<\/p>\n","protected":false},"excerpt":{"rendered":"Il en a fallu des bras, vendredi 12\u00a0d\u00e9cembre 2025, pour d\u00e9charger tous les cadeaux \u00e0 destination des enfants&hellip;\n","protected":false},"author":2,"featured_media":595616,"comment_status":"","ping_status":"","sticky":false,"template":"","format":"standard","meta":{"footnotes":""},"categories":[2821],"tags":[1111,11,829,4309,1719,1777,674,1011,27,12695,4027,16870,70827,12,15830,6552,3086,584,25,26581],"class_list":{"0":"post-595615","1":"post","2":"type-post","3":"status-publish","4":"format-standard","5":"has-post-thumbnail","7":"category-rennes","8":"tag-actu","9":"tag-actualites","10":"tag-bretagne","11":"tag-chu","12":"tag-enfants","13":"tag-eu","14":"tag-europe","15":"tag-fr","16":"tag-france","17":"tag-gate","18":"tag-grande","19":"tag-hospitalises","20":"tag-loge","21":"tag-news","22":"tag-noel","23":"tag-pere","24":"tag-redon","25":"tag-rennes","26":"tag-republique-francaise","27":"tag-traditionnelle"},"share_on_mastodon":{"url":"https:\/\/pubeurope.com\/@fr\/115708719662892654","error":""},"_links":{"self":[{"href":"https:\/\/www.europesays.com\/fr\/wp-json\/wp\/v2\/posts\/595615","targetHints":{"allow":["GET"]}}],"collection":[{"href":"https:\/\/www.europesays.com\/fr\/wp-json\/wp\/v2\/posts"}],"about":[{"href":"https:\/\/www.europesays.com\/fr\/wp-json\/wp\/v2\/types\/post"}],"author":[{"embeddable":true,"href":"https:\/\/www.europesays.com\/fr\/wp-json\/wp\/v2\/users\/2"}],"replies":[{"embeddable":true,"href":"https:\/\/www.europesays.com\/fr\/wp-json\/wp\/v2\/comments?post=595615"}],"version-history":[{"count":0,"href":"https:\/\/www.europesays.com\/fr\/wp-json\/wp\/v2\/posts\/595615\/revisions"}],"wp:featuredmedia":[{"embeddable":true,"href":"https:\/\/www.europesays.com\/fr\/wp-json\/wp\/v2\/media\/595616"}],"wp:attachment":[{"href":"https:\/\/www.europesays.com\/fr\/wp-json\/wp\/v2\/media?parent=595615"}],"wp:term":[{"taxonomy":"category","embeddable":true,"href":"https:\/\/www.europesays.com\/fr\/wp-json\/wp\/v2\/categories?post=595615"},{"taxonomy":"post_tag","embeddable":true,"href":"https:\/\/www.europesays.com\/fr\/wp-json\/wp\/v2\/tags?post=595615"}],"curies":[{"name":"wp","href":"https:\/\/api.w.org\/{rel}","templated":true}]}}