{"id":595621,"date":"2025-12-12T21:31:36","date_gmt":"2025-12-12T21:31:36","guid":{"rendered":"https:\/\/www.europesays.com\/fr\/595621\/"},"modified":"2025-12-12T21:31:36","modified_gmt":"2025-12-12T21:31:36","slug":"cet-hotel-nicois-se-hisse-parmi-les-plus-beaux-hotels-du-monde-en-2025","status":"publish","type":"post","link":"https:\/\/www.europesays.com\/fr\/595621\/","title":{"rendered":"Cet h\u00f4tel ni\u00e7ois se hisse parmi les plus beaux h\u00f4tels du monde en 2025"},"content":{"rendered":"<p data-start=\"897\" data-end=\"1323\">C\u2019est officiel\u00a0: l\u2019H\u00f4tel du Couvent, joyau fra\u00eechement install\u00e9 dans le c\u0153ur du Vieux-Nice, vient de rafler un <strong data-start=\"1008\" data-end=\"1041\">Special Prize for an Interior<\/strong> au tr\u00e8s respect\u00e9 <strong data-start=\"1059\" data-end=\"1083\">Prix Versailles 2025<\/strong>, la comp\u00e9tition internationale qui c\u00e9l\u00e8bre le meilleur de l\u2019architecture et du design dans le monde. Pas juste une petite mention polie, non\u00a0: une vraie distinction, r\u00e9serv\u00e9e aux lieux capables de cr\u00e9er une \u00e9motion \u00e0 travers leurs espaces. Cette r\u00e9compense place l\u2019h\u00f4tel ni\u00e7ois aux c\u00f4t\u00e9s d\u2019adresses iconiques s\u00e9lectionn\u00e9es sur tous les continents, preuve que la C\u00f4te d\u2019Azur ne brille pas seulement par sa mer turquoise, mais aussi par son sens du style.<\/p>\n<blockquote class=\"instagram-media\" data-instgrm-permalink=\"https:\/\/www.instagram.com\/p\/DP324HDjJM3\/?utm_source=ig_embed&amp;utm_campaign=loading\" data-instgrm-version=\"14\" style=\"background: #FFF; border: 0; border-radius: 3px; box-shadow: 0 0 1px 0 rgba(0,0,0,0.5),0 1px 10px 0 rgba(0,0,0,0.15); margin: 1px; max-width: 540px; min-width: 326px; padding: 0; width: calc(100% - 2px);\">\n<\/blockquote>\n<p><strong data-start=\"1586\" data-end=\"1642\">Un ancien couvent transform\u00e9 en sanctuaire du design<\/strong><\/p>\n<p data-start=\"1644\" data-end=\"1978\">Si l\u2019H\u00f4tel du Couvent s\u00e9duit autant, c\u2019est parce qu\u2019il r\u00e9ussit un pari audacieux\u00a0: <strong>r\u00e9inventer un couvent historique du XVII\u1d49 si\u00e8cle sans jamais trahir son \u00e2me.<\/strong> Les architectes ont mis\u00e9 sur une <strong data-start=\"1837\" data-end=\"1858\">sobri\u00e9t\u00e9 \u00e9l\u00e9gante<\/strong>, des mat\u00e9riaux nobles, une lumi\u00e8re d\u00e9licatement travaill\u00e9e et des volumes qui respirent encore la spiritualit\u00e9 du lieu. Le r\u00e9sultat\u00a0? Des espaces qui oscillent entre douceur m\u00e9diterran\u00e9enne et modernit\u00e9 assum\u00e9e. D\u00e9cor, ambiance, d\u00e9tails\u2026 tout a \u00e9t\u00e9 soign\u00e9 pour cr\u00e9er un <strong data-start=\"2285\" data-end=\"2314\">cocon luxueux et apaisant<\/strong>, capable de rivaliser avec les plus belles adresses internationales. Et visiblement, le jury du Prix Versailles a eu un coup de c\u0153ur aussi net qu\u2019imm\u00e9diat.<\/p>\n<p><strong data-start=\"2481\" data-end=\"2528\">Une distinction qui fait rayonner tout Nice<\/strong><\/p>\n<blockquote class=\"instagram-media\" data-instgrm-permalink=\"https:\/\/www.instagram.com\/p\/DP32AcGjCpf\/?utm_source=ig_embed&amp;utm_campaign=loading\" data-instgrm-version=\"14\" style=\"background: #FFF; border: 0; border-radius: 3px; box-shadow: 0 0 1px 0 rgba(0,0,0,0.5),0 1px 10px 0 rgba(0,0,0,0.15); margin: 1px; max-width: 540px; min-width: 326px; padding: 0; width: calc(100% - 2px);\">\n<\/blockquote>\n<p data-start=\"2530\" data-end=\"2846\">Au-del\u00e0 de l\u2019h\u00f4tel lui-m\u00eame, cette r\u00e9compense est un vrai <strong data-start=\"2588\" data-end=\"2607\">boost pour Nice<\/strong>. La ville confirme son statut de destination culturelle et design, bien loin du clich\u00e9 \u201cplage-glace-touristes cram\u00e9s au soleil\u201d. Avec cette victoire, elle s\u2019inscrit sur la carte mondiale des lieux o\u00f9 l\u2019h\u00f4tellerie se r\u00e9invente avec audace. <strong>L\u2019H\u00f4tel du Couvent devient ainsi une nouvelle vitrine du savoir-faire ni\u00e7ois<\/strong>, attirant autant les voyageurs en qu\u00eate de belles histoires que les amoureux d\u2019architecture contemporaine.<\/p>\n<p>H\u00f4tel du Couvent, a Luxury Collection Hotel, Nice, France<\/p>\n<p><script async src=\"\/\/www.instagram.com\/embed.js\"><\/script><\/p>\n","protected":false},"excerpt":{"rendered":"C\u2019est officiel\u00a0: l\u2019H\u00f4tel du Couvent, joyau fra\u00eechement install\u00e9 dans le c\u0153ur du Vieux-Nice, vient de rafler un Special&hellip;\n","protected":false},"author":2,"featured_media":595622,"comment_status":"","ping_status":"","sticky":false,"template":"","format":"standard","meta":{"footnotes":""},"categories":[2819],"tags":[1111,11,1777,674,1011,27,12,2401,882,25],"class_list":{"0":"post-595621","1":"post","2":"type-post","3":"status-publish","4":"format-standard","5":"has-post-thumbnail","7":"category-nice","8":"tag-actu","9":"tag-actualites","10":"tag-eu","11":"tag-europe","12":"tag-fr","13":"tag-france","14":"tag-news","15":"tag-nice","16":"tag-provence-alpes-cote-dazur","17":"tag-republique-francaise"},"share_on_mastodon":{"url":"https:\/\/pubeurope.com\/@fr\/115708735230096582","error":""},"_links":{"self":[{"href":"https:\/\/www.europesays.com\/fr\/wp-json\/wp\/v2\/posts\/595621","targetHints":{"allow":["GET"]}}],"collection":[{"href":"https:\/\/www.europesays.com\/fr\/wp-json\/wp\/v2\/posts"}],"about":[{"href":"https:\/\/www.europesays.com\/fr\/wp-json\/wp\/v2\/types\/post"}],"author":[{"embeddable":true,"href":"https:\/\/www.europesays.com\/fr\/wp-json\/wp\/v2\/users\/2"}],"replies":[{"embeddable":true,"href":"https:\/\/www.europesays.com\/fr\/wp-json\/wp\/v2\/comments?post=595621"}],"version-history":[{"count":0,"href":"https:\/\/www.europesays.com\/fr\/wp-json\/wp\/v2\/posts\/595621\/revisions"}],"wp:featuredmedia":[{"embeddable":true,"href":"https:\/\/www.europesays.com\/fr\/wp-json\/wp\/v2\/media\/595622"}],"wp:attachment":[{"href":"https:\/\/www.europesays.com\/fr\/wp-json\/wp\/v2\/media?parent=595621"}],"wp:term":[{"taxonomy":"category","embeddable":true,"href":"https:\/\/www.europesays.com\/fr\/wp-json\/wp\/v2\/categories?post=595621"},{"taxonomy":"post_tag","embeddable":true,"href":"https:\/\/www.europesays.com\/fr\/wp-json\/wp\/v2\/tags?post=595621"}],"curies":[{"name":"wp","href":"https:\/\/api.w.org\/{rel}","templated":true}]}}