{"id":595627,"date":"2025-12-12T21:36:34","date_gmt":"2025-12-12T21:36:34","guid":{"rendered":"https:\/\/www.europesays.com\/fr\/595627\/"},"modified":"2025-12-12T21:36:34","modified_gmt":"2025-12-12T21:36:34","slug":"l1-angers-1-0-nantes-mi-tps-football","status":"publish","type":"post","link":"https:\/\/www.europesays.com\/fr\/595627\/","title":{"rendered":"L1 : Angers 1-0 Nantes (mi-tps) &#8211; Football"},"content":{"rendered":"<p class=\"par1\">\u00c0 la pause, Angers m\u00e8ne face au FC Nantes (1-0), ce vendredi, lors de l\u2019ouverture de la 16e journ\u00e9e de Ligue 1.<\/p>\n<p class=\"par1\">Tr\u00e8s entreprenants d\u00e8s le coup d\u2019envoi, les Angevins imposaient rapidement leur rythme dans un stade Raymond-Kopa bouillant. Port\u00e9 par la ma\u00eetrise du trio Abdelli\u2013Mouton\u2013Belkebla et la puissance de Cherif en point d\u2019appui, le SCO multipliait les situations dangereuses, avec des frappes de Mouton, Sba\u00ef ou Belkebla venues flirter avec le cadre. Cette domination angevine \u00e9tait finalement r\u00e9compens\u00e9e apr\u00e8s une main de Tati dans la surface, sanctionn\u00e9e apr\u00e8s intervention de la VAR. Sans trembler, Abdelli transformait le penalty avec sang-froid en croisant sa frappe sous la barre de Lopes (1-0, 17e).<\/p>\n<p class=\"par1\">Bouscul\u00e9s et tr\u00e8s bas pendant une bonne demi-heure, les Nantais avaient toutes les peines du monde \u00e0 exister collectivement. Peu servis, Mohamed et Abline vivaient surtout de ballons longs et de duels isol\u00e9s, m\u00eame si le second tentait d\u2019apporter davantage de profondeur. Nantes montrait toutefois un l\u00e9ger mieux en fin de p\u00e9riode, notamment sur une frappe cadr\u00e9e de Benhattab repouss\u00e9e par Koffi, sans parvenir \u00e0 inverser la dynamique. Solide et confiant, Angers conservait son avantage en ma\u00eetrisant les d\u00e9bats jusqu\u2019\u00e0 la pause.<\/p>\n<p><b><a target=\"_blank\" href=\"https:\/\/www.maxifoot-live.com\" rel=\"noopener\">Suivez l&rsquo;\u00e9volution du score de cette rencontre et le nom des buteurs en direct sur le Live-Score de Maxifoot.<\/a><\/b><\/p>\n<tr><img decoding=\"async\" src=\"https:\/\/www.europesays.com\/fr\/wp-content\/uploads\/2025\/12\/angers.png\"\/><a target=\"_blank\" href=\"https:\/\/www.maxifoot.fr\/club\/angers.202.htm\" rel=\"noopener\">Angers<\/a> \u00a0 \u00a0<b style=\"position:relative; left:4px;\">&#8211;<\/b><br \/>\n\u00a0 \u00a0 \u00a0<a target=\"_blank\" href=\"https:\/\/www.maxifoot.fr\/club\/nantes.113.htm\" rel=\"noopener\">Nantes<\/a><img decoding=\"async\" src=\"https:\/\/www.europesays.com\/fr\/wp-content\/uploads\/2025\/09\/nantes.png\"\/><\/tr>\n<tr>\n<td colspan=\"2\" height=\"10\" style=\"height:4px; font:1px\/1px arial;\" align=\"center\"\/><\/tr>\n<tr>\n<td align=\"center\" colspan=\"2\" class=\"pos1\">\n<p>POSSESSION (%)<\/p>\n<p>60 %<\/p>\n<p>40 %<\/p>\n<\/td>\n<\/tr>\n<tr>\n<td align=\"center\" colspan=\"2\">\n<p>PASSES (r\u00e9ussies %)<\/p>\n<p>273 (86 %)<\/p>\n<p>181 (81 %)<\/p>\n<\/td>\n<\/tr>\n<tr>\n<td align=\"center\" colspan=\"2\">\n<p>TIRS (cadr\u00e9s)<\/p>\n<p>7 (2)<\/p>\n<p>2 (1)<\/p>\n<\/td>\n<\/tr>\n<tr>\n<td align=\"center\" colspan=\"2\">\n<p>CORNERS JOUES<\/p>\n<p>0<\/p>\n<p>2<\/p>\n<\/td>\n<\/tr>\n<tr>\n<td align=\"center\" colspan=\"2\">\n<p>FAUTES SUBIES<\/p>\n<p>9<\/p>\n<p>9<\/p>\n<\/td>\n<\/tr>\n<p><b>Lu 1.653 fois<\/b> &#8211;  Youcef Touaitia &#8211; 12\/12\/25 \u00e0 21h33 <a target=\"_blank\" rel=\"nofollow noopener\" class=\"impr\" href=\"https:\/\/news.maxifoot.fr\/446340\/imprime.php\" title=\"Imprimer cette breve\">\u00a0<\/a><br class=\"aut1\"\/><\/p>\n","protected":false},"excerpt":{"rendered":"\u00c0 la pause, Angers m\u00e8ne face au FC Nantes (1-0), ce vendredi, lors de l\u2019ouverture de la 16e&hellip;\n","protected":false},"author":2,"featured_media":595628,"comment_status":"","ping_status":"","sticky":false,"template":"","format":"standard","meta":{"footnotes":""},"categories":[2818],"tags":[1111,11,1777,674,1011,27,766,12,2636,25],"class_list":{"0":"post-595627","1":"post","2":"type-post","3":"status-publish","4":"format-standard","5":"has-post-thumbnail","7":"category-nantes","8":"tag-actu","9":"tag-actualites","10":"tag-eu","11":"tag-europe","12":"tag-fr","13":"tag-france","14":"tag-nantes","15":"tag-news","16":"tag-pays-de-la-loire","17":"tag-republique-francaise"},"share_on_mastodon":{"url":"https:\/\/pubeurope.com\/@fr\/115708755686010777","error":""},"_links":{"self":[{"href":"https:\/\/www.europesays.com\/fr\/wp-json\/wp\/v2\/posts\/595627","targetHints":{"allow":["GET"]}}],"collection":[{"href":"https:\/\/www.europesays.com\/fr\/wp-json\/wp\/v2\/posts"}],"about":[{"href":"https:\/\/www.europesays.com\/fr\/wp-json\/wp\/v2\/types\/post"}],"author":[{"embeddable":true,"href":"https:\/\/www.europesays.com\/fr\/wp-json\/wp\/v2\/users\/2"}],"replies":[{"embeddable":true,"href":"https:\/\/www.europesays.com\/fr\/wp-json\/wp\/v2\/comments?post=595627"}],"version-history":[{"count":0,"href":"https:\/\/www.europesays.com\/fr\/wp-json\/wp\/v2\/posts\/595627\/revisions"}],"wp:featuredmedia":[{"embeddable":true,"href":"https:\/\/www.europesays.com\/fr\/wp-json\/wp\/v2\/media\/595628"}],"wp:attachment":[{"href":"https:\/\/www.europesays.com\/fr\/wp-json\/wp\/v2\/media?parent=595627"}],"wp:term":[{"taxonomy":"category","embeddable":true,"href":"https:\/\/www.europesays.com\/fr\/wp-json\/wp\/v2\/categories?post=595627"},{"taxonomy":"post_tag","embeddable":true,"href":"https:\/\/www.europesays.com\/fr\/wp-json\/wp\/v2\/tags?post=595627"}],"curies":[{"name":"wp","href":"https:\/\/api.w.org\/{rel}","templated":true}]}}