{"id":595635,"date":"2025-12-12T21:41:23","date_gmt":"2025-12-12T21:41:23","guid":{"rendered":"https:\/\/www.europesays.com\/fr\/595635\/"},"modified":"2025-12-12T21:41:23","modified_gmt":"2025-12-12T21:41:23","slug":"des-agriculteurs-en-colere-bloquent-lautoroute-a64-au-sud-de-toulouse","status":"publish","type":"post","link":"https:\/\/www.europesays.com\/fr\/595635\/","title":{"rendered":"Des agriculteurs en col\u00e8re bloquent l\u2019autoroute A64 au sud de Toulouse"},"content":{"rendered":"<p>Depuis vendredi apr\u00e8s-midi, une mobilisation agricole d\u2019ampleur paralyse l\u2019autoroute A64 entre <a href=\"https:\/\/www.20minutes.fr\/toulouse\/\" target=\"_blank\" class=\"c-link c-link--is-underlined\" rel=\"noopener\">Toulouse<\/a> et <a href=\"https:\/\/www.20minutes.fr\/dossier\/bayonne\" target=\"_blank\" class=\"c-link c-link--is-underlined\" rel=\"noopener\">Bayonne<\/a>. Pr\u00e8s de Carbonne, en Haute-Garonne, environ 80 tracteurs ont investi les trois voies de circulation en direction de Tarbes, transformant la chauss\u00e9e en lieu de campement. L\u2019action, entam\u00e9e vers 15h30 apr\u00e8s la fermeture officielle du tron\u00e7on par les services autoroutiers, s\u2019inscrit dans un mouvement de contestation plus large visant la politique sanitaire du gouvernement face \u00e0 la <a href=\"https:\/\/www.20minutes.fr\/societe\/4161090-20250630-elevage-quoi-dermatose-nodulaire-maladie-donne-boutons-vaches\" target=\"_blank\" class=\"c-link c-link--is-underlined\" rel=\"noopener\">dermatose nodulaire contagieuse (DNC)<\/a>.<\/p>\n<p>Sur place, les agriculteurs ont rapidement organis\u00e9 une occupation appel\u00e9e \u00e0 durer. Bottes de paille, tonnelles, groupe \u00e9lectrog\u00e8ne, brasero et vivres ont \u00e9t\u00e9 install\u00e9s, tandis que des glissi\u00e8res de s\u00e9curit\u00e9 \u00e9taient d\u00e9mont\u00e9es pour faciliter les d\u00e9placements des engins agricoles. Un feu a \u00e9galement \u00e9t\u00e9 allum\u00e9 sur le terre-plein central \u00e0 la tomb\u00e9e de la nuit, signe d\u2019une mobilisation pens\u00e9e dans la dur\u00e9e.<\/p>\n<\/p>\n<p>Les syndicats appellent \u00e0 la mobilisation<\/p>\n<p>Figure r\u00e9gionale du mouvement, <a href=\"https:\/\/www.20minutes.fr\/societe\/4072188-20240123-manifestation-agriculteurs-jerome-bayle-eleveur-taiseux-devenu-porte-voix-monde-paysan\" target=\"_blank\" class=\"c-link c-link--is-underlined\" rel=\"noopener\">J\u00e9r\u00f4me Bayle<\/a> a confirm\u00e9 la d\u00e9termination des manifestants. \u00ab\u00a0Ce soir on sera l\u00e0, demain matin on sera l\u00e0\u00a0\u00bb, a-t-il d\u00e9clar\u00e9 \u00e0 l\u2019AFP. Il a pr\u00e9cis\u00e9 avoir pr\u00e9par\u00e9 cette action en amont avec le pr\u00e9fet, soulignant une volont\u00e9 d\u2019\u00e9viter tout affrontement\u00a0: \u00ab\u00a0Parce qu\u2019on ne veut pas casser, on ne veut pas d\u2019affrontement\u00a0\u00bb, a-t-il insist\u00e9, au lendemain de <a href=\"https:\/\/www.20minutes.fr\/societe\/4191167-20251212-dermatose-nodulaire-abattage-troupeau-debute-ariege-obligation-vaccinale-etendue-occitanie\" target=\"_blank\" class=\"c-link c-link--is-underlined\" rel=\"noopener\">tensions survenues en Ari\u00e8ge entre agriculteurs et forces de l\u2019ordre<\/a>.<\/p>\n<p><a href=\"https:\/\/www.20minutes.fr\/dossier\/agriculture\" target=\"_blank\" class=\"c-link c-btn c-btn--primary\" rel=\"noopener\">Notre dossier sur l&rsquo;agriculture<\/a><\/p>\n<p>Au niveau syndical, la Conf\u00e9d\u00e9ration paysanne et la Coordination rurale appellent \u00e0 amplifier les mobilisations contre ce qu\u2019elles d\u00e9noncent comme une impasse sanitaire. La Conf\u00e9d\u00e9ration paysanne estime que \u00ab\u00a0la gestion sanitaire choisie par le gouvernement et les dirigeants de la <a href=\"https:\/\/www.20minutes.fr\/dossier\/fnsea\" target=\"_blank\" class=\"c-link c-link--is-underlined\" rel=\"noopener\">FNSEA<\/a> est plus effrayante que la maladie elle-m\u00eame\u00a0\u00bb et juge in\u00e9vitable \u00ab\u00a0l\u2019arr\u00eat de l\u2019abattage total\u00a0\u00bb, appelant \u00e0 des blocages \u00ab\u00a0partout en France\u00a0\u00bb. De son c\u00f4t\u00e9, le pr\u00e9sident de la Coordination rurale, Bertrand Venteau, re\u00e7u vendredi par la ministre de l\u2019Agriculture <a href=\"https:\/\/www.20minutes.fr\/politique\/annie-genevard\/\" target=\"_blank\" class=\"c-link c-link--is-underlined\" rel=\"noopener\">Annie Genevard<\/a>, a exhort\u00e9 \u00e0 \u00ab\u00a0continuer \u00e0 manifester\u00a0\u00bb pour obtenir une \u00ab\u00a0vaccination g\u00e9n\u00e9ralis\u00e9e\u00a0\u00bb, r\u00e9clamant aussi \u00ab\u00a0une rencontre rapide avec S\u00e9bastien Lecornu [\u2026] et avec Emmanuel Macron\u00a0\u00bb.<\/p>\n","protected":false},"excerpt":{"rendered":"Depuis vendredi apr\u00e8s-midi, une mobilisation agricole d\u2019ampleur paralyse l\u2019autoroute A64 entre Toulouse et Bayonne. Pr\u00e8s de Carbonne, en&hellip;\n","protected":false},"author":2,"featured_media":595636,"comment_status":"","ping_status":"","sticky":false,"template":"","format":"standard","meta":{"footnotes":""},"categories":[2816],"tags":[1111,47,11,327,15090,1777,674,17193,1011,27,226,10234,12,2680,25,104,11564,2312,773,4322],"class_list":{"0":"post-595635","1":"post","2":"type-post","3":"status-publish","4":"format-standard","5":"has-post-thumbnail","7":"category-toulouse","8":"tag-actu","9":"tag-actualite","10":"tag-actualites","11":"tag-agriculture","12":"tag-eleveurs","13":"tag-eu","14":"tag-europe","15":"tag-euthanasie","16":"tag-fr","17":"tag-france","18":"tag-maladie","19":"tag-mobilisation","20":"tag-news","21":"tag-occitanie","22":"tag-republique-francaise","23":"tag-societe","24":"tag-syndicat","25":"tag-toulouse","26":"tag-vaccin","27":"tag-vache"},"share_on_mastodon":{"url":"https:\/\/pubeurope.com\/@fr\/115708774625865977","error":""},"_links":{"self":[{"href":"https:\/\/www.europesays.com\/fr\/wp-json\/wp\/v2\/posts\/595635","targetHints":{"allow":["GET"]}}],"collection":[{"href":"https:\/\/www.europesays.com\/fr\/wp-json\/wp\/v2\/posts"}],"about":[{"href":"https:\/\/www.europesays.com\/fr\/wp-json\/wp\/v2\/types\/post"}],"author":[{"embeddable":true,"href":"https:\/\/www.europesays.com\/fr\/wp-json\/wp\/v2\/users\/2"}],"replies":[{"embeddable":true,"href":"https:\/\/www.europesays.com\/fr\/wp-json\/wp\/v2\/comments?post=595635"}],"version-history":[{"count":0,"href":"https:\/\/www.europesays.com\/fr\/wp-json\/wp\/v2\/posts\/595635\/revisions"}],"wp:featuredmedia":[{"embeddable":true,"href":"https:\/\/www.europesays.com\/fr\/wp-json\/wp\/v2\/media\/595636"}],"wp:attachment":[{"href":"https:\/\/www.europesays.com\/fr\/wp-json\/wp\/v2\/media?parent=595635"}],"wp:term":[{"taxonomy":"category","embeddable":true,"href":"https:\/\/www.europesays.com\/fr\/wp-json\/wp\/v2\/categories?post=595635"},{"taxonomy":"post_tag","embeddable":true,"href":"https:\/\/www.europesays.com\/fr\/wp-json\/wp\/v2\/tags?post=595635"}],"curies":[{"name":"wp","href":"https:\/\/api.w.org\/{rel}","templated":true}]}}