{"id":595645,"date":"2025-12-12T21:49:17","date_gmt":"2025-12-12T21:49:17","guid":{"rendered":"https:\/\/www.europesays.com\/fr\/595645\/"},"modified":"2025-12-12T21:49:17","modified_gmt":"2025-12-12T21:49:17","slug":"condamne-a-lyon-dans-laffaire-de-la-sextape-lancien-maire-de-saint-etienne-gael-perdriau-fait-appel","status":"publish","type":"post","link":"https:\/\/www.europesays.com\/fr\/595645\/","title":{"rendered":"Condamn\u00e9 \u00e0 Lyon dans l&rsquo;affaire de la sextape, l&rsquo;ancien maire de Saint-Etienne Ga\u00ebl Perdriau fait appel"},"content":{"rendered":"<p itemprop=\"description\"><strong>Condamn\u00e9 \u00e0 4 ans de prison ferme et \u00e0 5 ans d&rsquo;in\u00e9ligibilit\u00e9 avec ex\u00e9cution provisoire, Ga\u00ebl Perdriau a fait appel ce vendredi.<\/strong><\/p>\n<p>L&rsquo;ancien maire de Saint-Etienne, forc\u00e9 de d\u00e9missionner de son mandat et de renoncer aux municipales 2026, entend convoquer un nouveau proc\u00e8s, \u00e0 l&rsquo;instar de son ex-adjoint Samy Kefi-J\u00e9r\u00f4me et de Gilles Rossary-Langlet, qui ont \u00e9galement interjet\u00e9 appel.<\/p>\n<p>Les trois hommes, ainsi que l&rsquo;ex-directeur de cabinet Pierre Gauttieri qui a choisi de ne pas faire appel de sa peine de 2 ans ferme, avaient \u00e9t\u00e9 jug\u00e9s \u00e0 Lyon dans le cadre du proc\u00e8s du chantage \u00e0 la sextape, une affaire politique qui avait permis de museler les ambitions de l&rsquo;\u00e9lu st\u00e9phanois Gilles Artigues, pi\u00e9g\u00e9 par Samy Kefi-J\u00e9r\u00f4me et de Gilles Rossary-Langlet qui l&rsquo;avaient film\u00e9 avec un escort-boy.<\/p>\n<p>Malgr\u00e9 l&rsquo;appel de ce jugement tomb\u00e9 le 1er d\u00e9cembre dernier au tribunal correctionnel de Lyon, Ga\u00ebl Perdriau devra se rendre ce mardi au parquet de Saint-Etienne qui lui communiquera la date et le lieu de son incarc\u00e9ration \u00e0 venir.<\/p>\n<p>Contrairement aux autres pr\u00e9venus, l&rsquo;ancien \u00e9dile a toujours clam\u00e9 son innocence int\u00e9grale, ne reconnaissant aucune implication dans ce complot.<\/p>\n","protected":false},"excerpt":{"rendered":"Condamn\u00e9 \u00e0 4 ans de prison ferme et \u00e0 5 ans d&rsquo;in\u00e9ligibilit\u00e9 avec ex\u00e9cution provisoire, Ga\u00ebl Perdriau a&hellip;\n","protected":false},"author":2,"featured_media":595646,"comment_status":"","ping_status":"","sticky":false,"template":"","format":"standard","meta":{"footnotes":""},"categories":[1889],"tags":[1111,11,2813,2190,2430,1109,251,1112,2811,1777,674,118,1011,27,1922,1110,1114,2428,2810,12,241,316,25,2812,517,800],"class_list":{"0":"post-595645","1":"post","2":"type-post","3":"status-publish","4":"format-standard","5":"has-post-thumbnail","7":"category-lyon","8":"tag-actu","9":"tag-actualites","10":"tag-article","11":"tag-asvel","12":"tag-auvergne-rhone-alpes","13":"tag-breves","14":"tag-culture","15":"tag-depeches","16":"tag-economique","17":"tag-eu","18":"tag-europe","19":"tag-faits-divers","20":"tag-fr","21":"tag-france","22":"tag-info","23":"tag-informations","24":"tag-infos","25":"tag-lyon","26":"tag-lyonmag","27":"tag-news","28":"tag-ol","29":"tag-politique","30":"tag-republique-francaise","31":"tag-sociale","32":"tag-sport","33":"tag-transports"},"share_on_mastodon":{"url":"https:\/\/pubeurope.com\/@fr\/115708807393057594","error":""},"_links":{"self":[{"href":"https:\/\/www.europesays.com\/fr\/wp-json\/wp\/v2\/posts\/595645","targetHints":{"allow":["GET"]}}],"collection":[{"href":"https:\/\/www.europesays.com\/fr\/wp-json\/wp\/v2\/posts"}],"about":[{"href":"https:\/\/www.europesays.com\/fr\/wp-json\/wp\/v2\/types\/post"}],"author":[{"embeddable":true,"href":"https:\/\/www.europesays.com\/fr\/wp-json\/wp\/v2\/users\/2"}],"replies":[{"embeddable":true,"href":"https:\/\/www.europesays.com\/fr\/wp-json\/wp\/v2\/comments?post=595645"}],"version-history":[{"count":0,"href":"https:\/\/www.europesays.com\/fr\/wp-json\/wp\/v2\/posts\/595645\/revisions"}],"wp:featuredmedia":[{"embeddable":true,"href":"https:\/\/www.europesays.com\/fr\/wp-json\/wp\/v2\/media\/595646"}],"wp:attachment":[{"href":"https:\/\/www.europesays.com\/fr\/wp-json\/wp\/v2\/media?parent=595645"}],"wp:term":[{"taxonomy":"category","embeddable":true,"href":"https:\/\/www.europesays.com\/fr\/wp-json\/wp\/v2\/categories?post=595645"},{"taxonomy":"post_tag","embeddable":true,"href":"https:\/\/www.europesays.com\/fr\/wp-json\/wp\/v2\/tags?post=595645"}],"curies":[{"name":"wp","href":"https:\/\/api.w.org\/{rel}","templated":true}]}}