{"id":595665,"date":"2025-12-12T22:02:33","date_gmt":"2025-12-12T22:02:33","guid":{"rendered":"https:\/\/www.europesays.com\/fr\/595665\/"},"modified":"2025-12-12T22:02:33","modified_gmt":"2025-12-12T22:02:33","slug":"son-traitement-contre-le-cancer-va-etre-reduit-annonce-charles-iii","status":"publish","type":"post","link":"https:\/\/www.europesays.com\/fr\/595665\/","title":{"rendered":"son traitement contre le cancer va \u00eatre \u00ab\u00a0r\u00e9duit\u00a0\u00bb, annonce Charles III"},"content":{"rendered":"<p>Pr\u00e8s de deux ans <a target=\"_self\" href=\"https:\/\/www.lanouvellerepublique.fr\/a-la-une\/cancer-de-charles-iii-ce-que-l-on-sait-de-la-maladie-qui-touche-le-roi-britannique\" rel=\"nofollow noopener\">apr\u00e8s la r\u00e9v\u00e9lation de son cancer<\/a>, le roi Charles III a annonc\u00e9 avoir une \u00ab\u00a0bonne nouvelle\u00a0\u00bb \u00e0 partager avec les Britanniques dans sa lutte contre la maladie, vendredi 12\u00a0d\u00e9cembre. L\u2019\u00e9volution de sa maladie va lui permettre de suivre \u00ab\u00a0un programme de traitement r\u00e9duit\u00a0\u00bb en 2026, a-t-il indiqu\u00e9 dans un message vid\u00e9o pr\u00e9enregistr\u00e9 de six minutes, diffus\u00e9 sur la t\u00e9l\u00e9vision publique Channel 4, dans le cadre d\u2019une \u00e9mission visant \u00e0 encourager la pr\u00e9vention du cancer et \u00e0 collecter des dons pour la recherche.<\/p>\n<p>\u00ab\u00a0Ce tournant est \u00e0 la fois une b\u00e9n\u00e9diction personnelle et l\u2019illustration des avanc\u00e9es remarquables r\u00e9alis\u00e9es dans le traitement du cancer ces derni\u00e8res ann\u00e9es. Une illustration qui j\u2019esp\u00e8re donnera du courage aux 50\u00a0% d\u2019entre nous qui seront diagnostiqu\u00e9s avec cette maladie \u00e0 un moment de notre vie\u00a0\u00bb, a soulign\u00e9 le souverain britannique de 77\u00a0ans.<\/p>\n<\/p>\n<p>Il a aussi encourag\u00e9 les Britanniques \u00e0 faire les tests de d\u00e9pistage le plus t\u00f4t possible, pour se donner toutes les chances de gu\u00e9rison. Charles III s\u2019est dit \u00ab\u00a0profond\u00e9ment troubl\u00e9\u00a0\u00bb d\u2019apprendre qu&rsquo;\u00ab\u00a0au moins neuf millions de personnes dans notre pays ne font pas les tests de d\u00e9pistage qui leur sont propos\u00e9s\u00a0\u00bb. \u00ab\u00a0C\u2019est au moins neuf millions d\u2019occasions rat\u00e9es d\u2019obtenir un diagnostic pr\u00e9coce\u00a0\u00bb, a-t-il ajout\u00e9. \u00ab\u00a0Un d\u00e9pistage sauve des vies, tout simplement\u00a0\u00bb, a-t-il insist\u00e9.<\/p>\n<p>Le premier ministre Keir Starmer s\u2019est f\u00e9licit\u00e9, <a target=\"_blank\" href=\"https:\/\/x.com\/Keir_Starmer\/status\/1999578980010127406\" rel=\"nofollow\">sur X<\/a>, de ce \u00ab\u00a0puissant message\u00a0\u00bb de Charles III. \u00ab\u00a0Je sais que je parle pour le pays tout entier en disant que je suis heureux que son traitement contre le cancer soit r\u00e9duit l\u2019an prochain\u00a0\u00bb, a-t-il ajout\u00e9.<\/p>\n<p>Fin d\u2019un tabou<\/p>\n<p>Charles III, qui avait annonc\u00e9 le 5\u00a0f\u00e9vrier 2024 <a target=\"_self\" href=\"https:\/\/www.lanouvellerepublique.fr\/a-la-une\/buckingham-le-roi-charles-iii-est-atteint-d-une-forme-de-cancer\" rel=\"nofollow noopener\">qu\u2019il souffrait d\u2019un cancer sans en r\u00e9v\u00e9ler la nature<\/a>, n\u2019a cependant pas donn\u00e9 plus d\u2019indications vendredi \u00e0 ce sujet. Dans son message, il a cit\u00e9 \u00e0 deux reprises le cancer de l\u2019intestin, mais des sources royales ont soulign\u00e9 qu\u2019il ne fallait y voir aucun \u00ab\u00a0lien personnel\u00a0\u00bb avec sa maladie.<\/p>\n<p>L\u2019annonce, d\u00e9but 2024, par le palais de Buckingham de la d\u00e9tection d\u2019un cancer chez Charles III, <a target=\"_self\" href=\"https:\/\/www.lanouvellerepublique.fr\/a-la-une\/le-roi-charles-iii-bientot-hospitalise-en-raison-une-hypertrophie-de-la-prostate\" rel=\"nofollow noopener\">\u00e0 l\u2019occasion d\u2019une intervention li\u00e9e \u00e0 une hypertrophie de la prostate<\/a>, avait mis fin \u00e0 un tabou\u00a0: historiquement, les monarques britanniques restaient muets sur leur \u00e9tat de sant\u00e9.<\/p>\n<p>Le mois suivant, la princesse Kate avait, elle aussi, <a target=\"_self\" href=\"https:\/\/www.lanouvellerepublique.fr\/a-la-une\/kate-middleton-revele-etre-atteinte-d-un-cancer-aux-premiers-stades\" rel=\"nofollow noopener\">annonc\u00e9 \u00eatre atteinte d\u2019un cancer<\/a>, sans l\u00e0 encore en pr\u00e9ciser la nature. En janvier\u00a02025, elle faisait savoir qu\u2019elle \u00e9tait en r\u00e9mission.<\/p>\n<p>Pour Charles III, le palais de Buckingham avait pr\u00e9cis\u00e9, en f\u00e9vrier\u00a02024, qu\u2019il avait entam\u00e9 \u00ab\u00a0un programme de traitements r\u00e9guliers\u00a0\u00bb, pendant lequel il renoncerait aux \u00e9v\u00e9nements publics, mais continuerait \u00e0 travailler chez lui.<\/p>\n<p>\u00ab\u00a0Je tiens le bon bout\u00a0\u00bb<\/p>\n<p>Deux mois plus tard, en avril\u00a02024, il renouait avec les sorties, en se rendant dans un centre londonien de traitement du cancer, accompagn\u00e9 de la reine Camilla. Dans un \u00e9change avec une patiente, il avait \u00e9voqu\u00e9 le \u00ab\u00a0choc\u00a0\u00bb qu\u2019avait \u00e9t\u00e9 pour lui l\u2019annonce du diagnostic. Ses m\u00e9decins s\u2019\u00e9taient dit alors \u00ab\u00a0tr\u00e8s encourag\u00e9s par ses progr\u00e8s\u00a0\u00bb.<\/p>\n<p>En mars\u00a02025, Charles III <a target=\"_self\" href=\"https:\/\/www.lanouvellerepublique.fr\/a-la-une\/royaume-uni-le-roi-charles-iii-brievement-hospitalise-1743112874\" rel=\"nofollow noopener\">avait \u00e9t\u00e9 bri\u00e8vement admis \u00e0 l\u2019h\u00f4pital<\/a> apr\u00e8s avoir ressenti des \u00ab\u00a0effets secondaires\u00a0\u00bb de son traitement contre le cancer. Un \u00e9pisode qualifi\u00e9 \u00e0 l\u2019\u00e9poque de \u00ab\u00a0petit accroc\u00a0\u00bb par une source royale. Et en mai, \u00e0 l\u2019occasion d\u2019une sortie \u00e0 Bradford, interrog\u00e9 par une fleuriste sur sa sant\u00e9, il avait r\u00e9pondu d\u2019un pouce lev\u00e9, commentant\u00a0: \u00ab\u00a0J\u2019aimerais croire que je tiens le bon bout\u00a0\u00bb.<\/p>\n<p>Ces derniers mois, Charles III a encha\u00een\u00e9 les c\u00e9r\u00e9monies \u2013 recevant en particulier Donald Trump pour une visite d\u2019\u00c9tat\u00a0\u2013 et les d\u00e9placements, surtout au Royaume-Uni, mais aussi au Canada en mai ou au Vatican en octobre, pour une pri\u00e8re historique avec le pape L\u00e9on XIV.\ufeff<\/p>\n","protected":false},"excerpt":{"rendered":"Pr\u00e8s de deux ans apr\u00e8s la r\u00e9v\u00e9lation de son cancer, le roi Charles III a annonc\u00e9 avoir une&hellip;\n","protected":false},"author":2,"featured_media":595666,"comment_status":"","ping_status":"","sticky":false,"template":"","format":"standard","meta":{"footnotes":""},"categories":[1588],"tags":[328,11,1777,674,329,74,12,316,473,1853,1851,1850,1852],"class_list":{"0":"post-595665","1":"post","2":"type-post","3":"status-publish","4":"format-standard","5":"has-post-thumbnail","7":"category-royaume-uni","8":"tag-a-la-une","9":"tag-actualites","10":"tag-eu","11":"tag-europe","12":"tag-france-monde","13":"tag-monde","14":"tag-news","15":"tag-politique","16":"tag-royaume-uni","17":"tag-royaume-uni-de-grande-bretagne-et-dirlande-du-nord","18":"tag-uk","19":"tag-united-kingdom","20":"tag-united-kingdom-of-great-britain-and-northern-ireland"},"share_on_mastodon":{"url":"https:\/\/pubeurope.com\/@fr\/115708857113284337","error":""},"_links":{"self":[{"href":"https:\/\/www.europesays.com\/fr\/wp-json\/wp\/v2\/posts\/595665","targetHints":{"allow":["GET"]}}],"collection":[{"href":"https:\/\/www.europesays.com\/fr\/wp-json\/wp\/v2\/posts"}],"about":[{"href":"https:\/\/www.europesays.com\/fr\/wp-json\/wp\/v2\/types\/post"}],"author":[{"embeddable":true,"href":"https:\/\/www.europesays.com\/fr\/wp-json\/wp\/v2\/users\/2"}],"replies":[{"embeddable":true,"href":"https:\/\/www.europesays.com\/fr\/wp-json\/wp\/v2\/comments?post=595665"}],"version-history":[{"count":0,"href":"https:\/\/www.europesays.com\/fr\/wp-json\/wp\/v2\/posts\/595665\/revisions"}],"wp:featuredmedia":[{"embeddable":true,"href":"https:\/\/www.europesays.com\/fr\/wp-json\/wp\/v2\/media\/595666"}],"wp:attachment":[{"href":"https:\/\/www.europesays.com\/fr\/wp-json\/wp\/v2\/media?parent=595665"}],"wp:term":[{"taxonomy":"category","embeddable":true,"href":"https:\/\/www.europesays.com\/fr\/wp-json\/wp\/v2\/categories?post=595665"},{"taxonomy":"post_tag","embeddable":true,"href":"https:\/\/www.europesays.com\/fr\/wp-json\/wp\/v2\/tags?post=595665"}],"curies":[{"name":"wp","href":"https:\/\/api.w.org\/{rel}","templated":true}]}}