{"id":595675,"date":"2025-12-12T22:12:13","date_gmt":"2025-12-12T22:12:13","guid":{"rendered":"https:\/\/www.europesays.com\/fr\/595675\/"},"modified":"2025-12-12T22:12:13","modified_gmt":"2025-12-12T22:12:13","slug":"pro-d2-brive-retrouve-des-couleurs-dax-resiste-a-colomiers-les-resultats-de-la-soiree","status":"publish","type":"post","link":"https:\/\/www.europesays.com\/fr\/595675\/","title":{"rendered":"Pro D2 &#8211; Brive retrouve des couleurs, Dax r\u00e9siste \u00e0 Colomiers : les r\u00e9sultats de la soir\u00e9e"},"content":{"rendered":"<p class=\"article-full__chapo\">\n                La 14e journ\u00e9e de Pro D2 se poursuivait ce vendredi avec un grand multiplex. Brive a retrouv\u00e9 des couleurs en battant largement Carcassonne, pendant que Dax a su r\u00e9sister \u00e0 Colomiers. Voici les r\u00e9sultats de la soir\u00e9e.\u00a0\n            <\/p>\n<p>Soyaux-Angoul\u00eame 22 &#8211; 20 Agen<\/p>\n<p>Valence Romans 33 &#8211; 15 Grenoble<\/p>\n<p>Brive 53 &#8211; 16\u00a0Carcassonne<\/p>\n<blockquote data-class=\"twitter-tweet\">\n<p lang=\"fr\" dir=\"ltr\">Le match se termine par un 7\\u20e3\u00e8me essai et une belle r\u00e9ussite au pied pour notre jeune ouvreur Luka Keletaona \\ud83d\\udc4f<\/p>\n<p>L\u2019essentiel est fait ce soir pour cette derni\u00e8re r\u00e9ception de 2025 = 5\\u20e3 points \u00e0 la \\ud83c\\udfe0 <a href=\"https:\/\/t.co\/2v9zf06NIv\">pic.twitter.com\/2v9zf06NIv<\/a><\/p>\n<p>\u2014 CA Brive Rugby (@CABCLRUGBY) <a href=\"https:\/\/twitter.com\/CABCLRUGBY\/status\/1999574661902770185?ref_src=twsrc%5Etfw\" target=\"_blank\" rel=\"noopener\">December 12, 2025<\/a><\/p><\/blockquote>\n<p>Oyonnax 34 &#8211; 18 Nevers<\/p>\n<p>Provence Rugby 38 &#8211; 18 B\u00e9ziers<\/p>\n<p>Aurillac 32 &#8211; 19 Mont-de-Marsan<\/p>\n<p>Dax 13 &#8211; 8 Colomiers<\/p>\n<p>Vannes 38 &#8211; 20 Biarritz<\/p>\n<p>            <script async src=\"https:\/\/platform.twitter.com\/widgets.js\" charset=\"utf-8\"><\/script><\/p>\n","protected":false},"excerpt":{"rendered":"La 14e journ\u00e9e de Pro D2 se poursuivait ce vendredi avec un grand multiplex. Brive a retrouv\u00e9 des&hellip;\n","protected":false},"author":2,"featured_media":595676,"comment_status":"","ping_status":"","sticky":false,"template":"","format":"standard","meta":{"footnotes":""},"categories":[2],"tags":[11,1011,27,12,2308,25,68796],"class_list":{"0":"post-595675","1":"post","2":"type-post","3":"status-publish","4":"format-standard","5":"has-post-thumbnail","7":"category-actualites","8":"tag-actualites","9":"tag-fr","10":"tag-france","11":"tag-news","12":"tag-pro-d2","13":"tag-republique-francaise","14":"tag-rugby-u00e0-xv"},"share_on_mastodon":{"url":"https:\/\/pubeurope.com\/@fr\/115708896509737208","error":""},"_links":{"self":[{"href":"https:\/\/www.europesays.com\/fr\/wp-json\/wp\/v2\/posts\/595675","targetHints":{"allow":["GET"]}}],"collection":[{"href":"https:\/\/www.europesays.com\/fr\/wp-json\/wp\/v2\/posts"}],"about":[{"href":"https:\/\/www.europesays.com\/fr\/wp-json\/wp\/v2\/types\/post"}],"author":[{"embeddable":true,"href":"https:\/\/www.europesays.com\/fr\/wp-json\/wp\/v2\/users\/2"}],"replies":[{"embeddable":true,"href":"https:\/\/www.europesays.com\/fr\/wp-json\/wp\/v2\/comments?post=595675"}],"version-history":[{"count":0,"href":"https:\/\/www.europesays.com\/fr\/wp-json\/wp\/v2\/posts\/595675\/revisions"}],"wp:featuredmedia":[{"embeddable":true,"href":"https:\/\/www.europesays.com\/fr\/wp-json\/wp\/v2\/media\/595676"}],"wp:attachment":[{"href":"https:\/\/www.europesays.com\/fr\/wp-json\/wp\/v2\/media?parent=595675"}],"wp:term":[{"taxonomy":"category","embeddable":true,"href":"https:\/\/www.europesays.com\/fr\/wp-json\/wp\/v2\/categories?post=595675"},{"taxonomy":"post_tag","embeddable":true,"href":"https:\/\/www.europesays.com\/fr\/wp-json\/wp\/v2\/tags?post=595675"}],"curies":[{"name":"wp","href":"https:\/\/api.w.org\/{rel}","templated":true}]}}