{"id":595685,"date":"2025-12-12T22:17:12","date_gmt":"2025-12-12T22:17:12","guid":{"rendered":"https:\/\/www.europesays.com\/fr\/595685\/"},"modified":"2025-12-12T22:17:12","modified_gmt":"2025-12-12T22:17:12","slug":"open-de-caen-confrontee-a-un-nouveau-forfait-de-derniere-minute-lorganisation-est-rodee","status":"publish","type":"post","link":"https:\/\/www.europesays.com\/fr\/595685\/","title":{"rendered":"Open de Caen. Confront\u00e9e \u00e0 un nouveau forfait de derni\u00e8re minute, l&rsquo;organisation est rod\u00e9e"},"content":{"rendered":"<p>                    Par<br \/>\n        <strong><br \/>\n            <a href=\"https:\/\/actu.fr\/auteur\/aline-chatel\" title=\"Consulter tous les articles de Aline Chatel\" target=\"_blank\" rel=\"noopener\">Aline Chatel<\/a><br \/>\n                    <\/strong><\/p>\n<p>        Publi\u00e9 le<\/p>\n<p>            12 d\u00e9c. 2025 \u00e0 18h50        <\/p>\n<p>Apr\u00e8s Lo\u00efs Boisson, l\u2019Open de Caen a subi un autre forfait, ce vendredi 12 d\u00e9cembre 2025. <b>Benjamin Bonzi,<\/b> qui devait faire son entr\u00e9e en lice lundi 15 d\u00e9cembre, a \u00e9t\u00e9 contraint de renoncer en raison d\u2019une blessure. Tr\u00e8s vite, l\u2019organisation lui a trouv\u00e9 un rempla\u00e7ant en la personne de<b> Quentin Halys<\/b>, num\u00e9ro 91 mondial, pr\u00e9sent en 16\u1d49 de finale \u00e0 Roland-Garros cette saison.\u00a0<\/p>\n<p>Un r\u00e9seau de plus en plus \u00e9toff\u00e9<\/p>\n<p class=\" wall-content\"><b>Parer au plus press\u00e9 sans perdre en qualit\u00e9<\/b>, c\u2019est toute la mission d\u2019Arnaud Guimard. \u00ab\u00a0On a un carnet d\u2019adresses tr\u00e8s \u00e9toff\u00e9 aujourd\u2019hui, souligne le manager g\u00e9n\u00e9ral de l\u2019Open de Caen. On n\u2019a pas de difficult\u00e9 \u00e0 contacter d\u2019autres joueurs et joueuses <b>du fait de notre r\u00e9seau<\/b>.\u00a0\u00bb Le tournoi pr\u00e9pare sa 19\u00e8me \u00e9dition. L\u2019exp\u00e9rience facilite les choses.\u00a0<\/p>\n<blockquote class=\"ac-article-quote wall-content\">\n<p>Il faut que les joueurs soient disponibles, qu\u2019ils aient envie de venir, qu\u2019on s\u2019entende sur tous les sujets du contrat. \u00c7a va vite. On cible tr\u00e8s rapidement par rapport au profil recherch\u00e9, et on active.<\/p>\n<p>Arnaud Guimard, manager g\u00e9n\u00e9ral de l\u2019Open de Caen<\/p><\/blockquote>\n<p class=\" wall-content\">L\u2019organisation <b>anticipe la possible survenue d\u2019une mauvaise nouvelle<\/b>. Des noms sont coch\u00e9s en amont. Mais plus le tournoi est proche,<b> plus il faut faire vite<\/b>. \u00ab\u00a0On demande aux joueurs un retour dans les cinq heures\u00a0\u00bb, indique Arnaud Guimard. Pas le temps de tergiverser.<\/p>\n<p>Lo\u00efc Boisson, \u00ab\u00a0le coup dur\u00a0\u00bb\u00a0<\/p>\n<p class=\" wall-content\">Quand il y a un peu plus de marge de temps, <b>des bonnes surprises ne sont pas \u00e0 exclure<\/b>. En 2022, l\u2019Open avait fait venir Holger Rune pour remplacer F\u00e9lix Auger-Aliassime. Le Danois venait de remporter Bercy. Pour Benjamin Bonzi et Quentin Halys, on est sur un calibre similaire. <b>\u00ab\u00a0C\u2019est du poste pour poste.\u00a0\u00bb <\/b>En revanche, <a href=\"https:\/\/actu.fr\/normandie\/caen_14118\/tennis-coup-dur-pour-lopen-de-caen-une-tete-daffiche-declare-forfait_63560548.html\" target=\"_blank\" rel=\"noopener\">Anna Blinkova<\/a>, la rempla\u00e7ante de Lo\u00efs Boisson, est<b> tr\u00e8s loin de la popularit\u00e9 <\/b>de la Fran\u00e7aise.\u00a0<\/p>\n<blockquote class=\"ac-article-quote wall-content\">\n<p>Le forfait de Lo\u00efs, c\u2019est un coup dur. C\u2019est arriv\u00e9 si tard qu\u2019on n\u2019a pas eu beaucoup de temps pour se retourner. Elle s\u2019est bless\u00e9e la veille [de l\u2019annonce de son remplacement]. \u00c7a a \u00e9t\u00e9 compliqu\u00e9. Elle faisait partie des joueuses qu\u2019on voulait absolument avoir \u00e0 Caen.<\/p>\n<p>Arnaud Guimard, manager g\u00e9n\u00e9ral de l\u2019Open de Caen<\/p><\/blockquote>\n<p>Votre r\u00e9gion, votre actu !<\/p>\n<p>Recevez chaque jour les infos qui comptent pour vous.<\/p>\n<p>\t<a href=\"https:\/\/actu.fr\/newsletter\" class=\"ac-btn ac-btn--corner ac-btn--medium ac-btn--blue800\" target=\"_blank\" rel=\"noopener\">S&rsquo;incrire<\/a><\/p>\n<p class=\" wall-content\">Ne pas pouvoir compter sur ses t\u00eates d\u2019affiche, \u00ab\u00a0<b>c\u2019est toujours un stress<\/b>, bien s\u00fbr\u00a0\u00bb. \u00ab\u00a0On sait que \u00e7a peut arriver jusqu\u2019au bout, poursuit Arnaud Guimard. Je m\u2019\u00e9tais dit qu\u2019on avait fait le plus dur.<b> \u00c0 moins d\u2019une semaine, \u00e7a devient rare.<\/b> Mais rare ne veut pas dire jamais\u2026\u00a0\u00bb Les stars attendues dans le tournoi masculin seront \u2013 a priori \u2013 bien l\u00e0, \u00e0 commencer par l\u2019Italien Lorenzo Musetti, num\u00e9ro 8 mondial, qui entrera en lice mardi 16 d\u00e9cembre 2025 pour les demi-finales.\u00a0<\/p>\n<p class=\" wall-content\">Personnalisez votre actualit\u00e9 en ajoutant vos villes et m\u00e9dias en favori avec <a href=\"https:\/\/moncompte.actu.fr\" title=\"D\u00e9couvez Mon Actu\" rel=\"nofollow noopener\" data-trk=\"{&quot;cta&quot;:{&quot;action&quot;:&quot;https:\\\/\\\/moncompte.actu.fr&quot;,&quot;category&quot;:&quot;mon compte&quot;,&quot;from&quot;:&quot;article footer&quot;,&quot;name&quot;:&quot;Mon actu&quot;,&quot;type&quot;:&quot;cta&quot;}}\" target=\"_blank\">Mon Actu<\/a>.<\/p>\n","protected":false},"excerpt":{"rendered":"Par Aline Chatel Publi\u00e9 le 12 d\u00e9c. 2025 \u00e0 18h50 Apr\u00e8s Lo\u00efs Boisson, l\u2019Open de Caen a subi&hellip;\n","protected":false},"author":2,"featured_media":595686,"comment_status":"","ping_status":"","sticky":false,"template":"","format":"standard","meta":{"footnotes":""},"categories":[1415],"tags":[1011,27,1745,60,1467],"class_list":{"0":"post-595685","1":"post","2":"type-post","3":"status-publish","4":"format-standard","5":"has-post-thumbnail","7":"category-tennis","8":"tag-fr","9":"tag-france","10":"tag-sport-caen","11":"tag-sports","12":"tag-tennis"},"share_on_mastodon":{"url":"https:\/\/pubeurope.com\/@fr\/115708916101809963","error":""},"_links":{"self":[{"href":"https:\/\/www.europesays.com\/fr\/wp-json\/wp\/v2\/posts\/595685","targetHints":{"allow":["GET"]}}],"collection":[{"href":"https:\/\/www.europesays.com\/fr\/wp-json\/wp\/v2\/posts"}],"about":[{"href":"https:\/\/www.europesays.com\/fr\/wp-json\/wp\/v2\/types\/post"}],"author":[{"embeddable":true,"href":"https:\/\/www.europesays.com\/fr\/wp-json\/wp\/v2\/users\/2"}],"replies":[{"embeddable":true,"href":"https:\/\/www.europesays.com\/fr\/wp-json\/wp\/v2\/comments?post=595685"}],"version-history":[{"count":0,"href":"https:\/\/www.europesays.com\/fr\/wp-json\/wp\/v2\/posts\/595685\/revisions"}],"wp:featuredmedia":[{"embeddable":true,"href":"https:\/\/www.europesays.com\/fr\/wp-json\/wp\/v2\/media\/595686"}],"wp:attachment":[{"href":"https:\/\/www.europesays.com\/fr\/wp-json\/wp\/v2\/media?parent=595685"}],"wp:term":[{"taxonomy":"category","embeddable":true,"href":"https:\/\/www.europesays.com\/fr\/wp-json\/wp\/v2\/categories?post=595685"},{"taxonomy":"post_tag","embeddable":true,"href":"https:\/\/www.europesays.com\/fr\/wp-json\/wp\/v2\/tags?post=595685"}],"curies":[{"name":"wp","href":"https:\/\/api.w.org\/{rel}","templated":true}]}}