{"id":595687,"date":"2025-12-12T22:21:13","date_gmt":"2025-12-12T22:21:13","guid":{"rendered":"https:\/\/www.europesays.com\/fr\/595687\/"},"modified":"2025-12-12T22:21:13","modified_gmt":"2025-12-12T22:21:13","slug":"lidl-trek-ayuso-sexcuse-aupres-de-son-ancienne-equipe-sports","status":"publish","type":"post","link":"https:\/\/www.europesays.com\/fr\/595687\/","title":{"rendered":"Lidl-Trek : Ayuso s&rsquo;excuse aupr\u00e8s de son ancienne \u00e9quipe : Sports"},"content":{"rendered":"<p class=\"date\">\n                                                            Mathieu Warnier, Media365 : publi\u00e9 le vendredi 12 d\u00e9cembre 2025 \u00e0 22h10\n                                                    <\/p>\n<p>Lors de sa premi\u00e8re prise de parole avec l&rsquo;\u00e9quipe Lidl-Trek, Juan Ayuso a tenu \u00e0 envoyer un message \u00e0 son ancienne formation UAE Team Emirates-XRG. L&rsquo;Espagnol a notamment pr\u00e9sent\u00e9 des excuses apr\u00e8s les critiques \u00e9mises plus t\u00f4t cette ann\u00e9e.<\/p>\n<p>Juan Ayuso lance le nouveau chapitre de sa carri\u00e8re. Apr\u00e8s trois saisons et demie sous les couleurs de l&rsquo;\u00e9quipe UAE Team Emirates-XRG, le coureur espagnol a mis un terme pr\u00e9matur\u00e9 \u00e0 son contrat pour <a href=\"https:\/\/sports.orange.fr\/cyclisme\/article\/lidl-trek-ayuso-a-signe-CNT000002kSXU6.html\" target=\"_blank\" rel=\"noopener\">rejoindre les rangs de la formation Lidl-Trek<\/a>. Une s\u00e9paration trois ans avant le terme de l&rsquo;engagement du natif de Barcelone qui a eu lieu dans un contexte tr\u00e8s tendu, le Catalan se montrant tr\u00e8s critique vis-\u00e0-vis de ses anciens dirigeants. En effet, dans un entretien accord\u00e9 au journaliste britannique David Benson, il a \u00e9voqu\u00e9 le fait que la direction de la formation \u00e9miratie \u00ab\u00a0n&rsquo;a jamais clairement communiqu\u00e9 son message ni d\u00e9fini le r\u00f4le des coureurs\u00a0\u00bb. Il a ajout\u00e9 que cette derni\u00e8re est \u00ab\u00a0devenue tr\u00e8s agressive\u00a0\u00bb, cherchant \u00e0 \u00ab\u00a0envenimer les choses et de se donner bonne conscience\u00a0\u00bb en faisant de lui \u00ab\u00a0le m\u00e9chant de l&rsquo;histoire\u00a0\u00bb. Des propos sur lesquels Juan Ayuso est revenu ce vendredi en marge de la pr\u00e9sentation de l&rsquo;\u00e9quipe Lidl-Trek, \u00e0 l&rsquo;occasion d&rsquo;une conf\u00e9rence de presse.<\/p>\n<p>Ayuso calme le jeu apr\u00e8s les tensions<\/p>\n<p>Avant de r\u00e9pondre aux questions des journalistes, le meilleur jeune de la Vuelta 2023 a pris le temps de lire une lettre manifestement manuscrite destin\u00e9e \u00e0 son ancienne \u00e9quipe. \u00ab\u00a0Je tiens \u00e0 remercier l&rsquo;ensemble de la structure de l&rsquo;\u00e9quipe UAE, mon passage dans l&rsquo;\u00e9quipe UAE Team Emirates-XRG m&rsquo;a construit et cela restera pour toujours une partie centrale de ma carri\u00e8re sportive, a-t-il tout d&rsquo;abord d\u00e9clar\u00e9 dans des propos recueillis par le site sp\u00e9cialis\u00e9 Cyclism&rsquo;Actu. Pendant ces ann\u00e9es formidables, j&rsquo;ai r\u00e9alis\u00e9 mes ambitions personnelles.\u00a0\u00bb Il a ajout\u00e9 que \u00ab\u00a0les gens de l&rsquo;\u00e9quipe, en particulier le pr\u00e9sident Mauro Gianetti, ont contribu\u00e9 \u00e0 (son) succ\u00e8s\u00a0\u00bb, mais l&rsquo;ont \u00e9galement aid\u00e9 \u00e0 \u00ab\u00a0devenir le coureur (qu&rsquo;il est) aujourd&rsquo;hui\u00a0\u00bb. Pour ce qui est de <a href=\"https:\/\/sports.orange.fr\/cyclisme\/article\/uae-team-emirates-xrg-ayuso-tres-remonte-contre-son-equipe-exclu-CNT000002ksgCy.html\" target=\"_blank\" rel=\"noopener\">sa sortie m\u00e9diatique intervenue en septembre dernier, durant la Vuelta<\/a>, Juan Ayuso a assur\u00e9 \u00eatre all\u00e9 au-del\u00e0 de sa pens\u00e9e quand il avait affirm\u00e9 que l&rsquo;\u00e9quipe \u00e9miratie voulait \u00ab\u00a0nuire \u00e0 (son) image\u00a0\u00bb.<\/p>\n<p>Ayuso : \u00ab\u00a0Cela ne refl\u00e8te pas mes vrais sentiments\u00a0\u00bb<\/p>\n<p>\u00ab\u00a0A ce moment-l\u00e0, j&rsquo;ai dit quelque chose que je ne pensais pas, car j&rsquo;\u00e9tais sous pression et nerveux, a affirm\u00e9 le Catalan. Cela ne refl\u00e8te pas mes vrais sentiments, et je consid\u00e8re que la question est compl\u00e8tement close.\u00a0\u00bb S&rsquo;il \u00e9tait dans l&rsquo;ombre de <a href=\"https:\/\/sports.orange.fr\/cyclisme\/classiques\/article\/paris-roubaix-pogacar-deja-en-reconnaissance-exclu-CNT000002m6Gg2.html\" target=\"_blank\" rel=\"noopener\">Tadej Pogacar<\/a> ces derni\u00e8res ann\u00e9es, Juan Ayuso sera d\u00e9sormais en pleine lumi\u00e8re avec un objectif tr\u00e8s clair en t\u00eate, le Tour de France. Il \u00e9carte toutefois l&rsquo;id\u00e9e d&rsquo;\u00eatre le seul leader en juillet prochain. \u00ab\u00a0Je suis un coureur de classements g\u00e9n\u00e9raux, je suis tr\u00e8s ambitieux, et j&rsquo;ai aussi voulu commencer \u00e0 \u00eatre plus comp\u00e9titif sur les Grands Tours. Je pense que faire le Tour de France avec Mads Pedersen va m&rsquo;aider \u00e0 partager ce r\u00f4le.\u00a0Pour moi, Mads est le leader de l&rsquo;\u00e9quipe, et je pense que nous allons vraiment nous comprendre, nous aider, et j&rsquo;ai h\u00e2te de le faire.\u00a0\u00bb Une bonne volont\u00e9 qui devra \u00eatre mise \u00e0 l&rsquo;\u00e9preuve sur le chemin menant \u00e0 la Grande Boucle, qui d\u00e9butera par le Tour d&rsquo;Algarve puis Paris-Nice.<\/p>\n","protected":false},"excerpt":{"rendered":"Mathieu Warnier, Media365 : publi\u00e9 le vendredi 12 d\u00e9cembre 2025 \u00e0 22h10 Lors de sa premi\u00e8re prise de&hellip;\n","protected":false},"author":2,"featured_media":595688,"comment_status":"","ping_status":"","sticky":false,"template":"","format":"standard","meta":{"footnotes":""},"categories":[1411],"tags":[1154,207,1011,27,60],"class_list":{"0":"post-595687","1":"post","2":"type-post","3":"status-publish","4":"format-standard","5":"has-post-thumbnail","7":"category-cyclisme","8":"tag-cycling","9":"tag-cyclisme","10":"tag-fr","11":"tag-france","12":"tag-sports"},"share_on_mastodon":{"url":"https:\/\/pubeurope.com\/@fr\/115708931916869228","error":""},"_links":{"self":[{"href":"https:\/\/www.europesays.com\/fr\/wp-json\/wp\/v2\/posts\/595687","targetHints":{"allow":["GET"]}}],"collection":[{"href":"https:\/\/www.europesays.com\/fr\/wp-json\/wp\/v2\/posts"}],"about":[{"href":"https:\/\/www.europesays.com\/fr\/wp-json\/wp\/v2\/types\/post"}],"author":[{"embeddable":true,"href":"https:\/\/www.europesays.com\/fr\/wp-json\/wp\/v2\/users\/2"}],"replies":[{"embeddable":true,"href":"https:\/\/www.europesays.com\/fr\/wp-json\/wp\/v2\/comments?post=595687"}],"version-history":[{"count":0,"href":"https:\/\/www.europesays.com\/fr\/wp-json\/wp\/v2\/posts\/595687\/revisions"}],"wp:featuredmedia":[{"embeddable":true,"href":"https:\/\/www.europesays.com\/fr\/wp-json\/wp\/v2\/media\/595688"}],"wp:attachment":[{"href":"https:\/\/www.europesays.com\/fr\/wp-json\/wp\/v2\/media?parent=595687"}],"wp:term":[{"taxonomy":"category","embeddable":true,"href":"https:\/\/www.europesays.com\/fr\/wp-json\/wp\/v2\/categories?post=595687"},{"taxonomy":"post_tag","embeddable":true,"href":"https:\/\/www.europesays.com\/fr\/wp-json\/wp\/v2\/tags?post=595687"}],"curies":[{"name":"wp","href":"https:\/\/api.w.org\/{rel}","templated":true}]}}