{"id":595691,"date":"2025-12-12T22:23:14","date_gmt":"2025-12-12T22:23:14","guid":{"rendered":"https:\/\/www.europesays.com\/fr\/595691\/"},"modified":"2025-12-12T22:23:14","modified_gmt":"2025-12-12T22:23:14","slug":"qui-est-le-rappeur-masque-esdeekid-timothee-chalamet-repond-aux-rumeurs","status":"publish","type":"post","link":"https:\/\/www.europesays.com\/fr\/595691\/","title":{"rendered":"Qui est le rappeur masqu\u00e9 EsDeeKid\u00a0? Timoth\u00e9e Chalamet r\u00e9pond aux rumeurs"},"content":{"rendered":"<p>Timoth\u00e9e Chalamet a cultiv\u00e9 le suspense autour de l\u2019identit\u00e9 d\u2019EsDeeKid, un rappeur masqu\u00e9 britannique dont seuls les yeux sont visibles en public. Certains pensent en effet <a href=\"https:\/\/www.20minutes.fr\/arts-stars\/people\/4187146-20251121-timothee-chalamet-cache-derriere-rappeur-masque-esdeekid\" target=\"_blank\" class=\"c-link c-link--is-underlined\" rel=\"noopener\">qu\u2019ils ne sont qu\u2019une seule et m\u00eame personne<\/a>\u00a0! Selon plusieurs internautes, le rappeur et l\u2019acteur de <a href=\"https:\/\/www.20minutes.fr\/arts-stars\/people\/4190615-20251209-timothee-chalamet-kylie-jenner-font-taire-rumeurs-rupture-avant-premiere-marty-supreme\" target=\"_blank\" class=\"c-link c-link--is-underlined\" rel=\"noopener\">Marty Supreme<\/a> ont le m\u00eame regard. De plus, le com\u00e9dien de 29 ans n\u2019a jamais cach\u00e9 son go\u00fbt pour le rap, s\u2019y essayant m\u00eame sous le pseudonyme \u00ab\u00a0Lil Timmy Tim\u00a0\u00bb lorsqu\u2019il \u00e9tait adolescent.<\/p>\n<p>La star et le rappeur n\u2019ont pas non plus r\u00e9pondu \u00e0 ces sp\u00e9culations autour de l\u2019identit\u00e9 d\u2019EsDeeKid. Du moins jusqu\u2019\u00e0 r\u00e9cemment, puisque Timoth\u00e9e Chalamet a \u00e9t\u00e9 pris au d\u00e9pourvu par une question \u00e0 ce sujet cette semaine \u00e0 l\u2019antenne de Heart Radio au Royaume-Uni.<\/p>\n<p>\u00ab\u00a0Je n\u2019ai rien \u00e0 dire l\u00e0-dessus\u00a0\u00bb, a-t-il r\u00e9pondu, avant de changer d\u2019avis et d\u2019offrir \u00ab\u00a0deux mots\u00a0\u00bb &#8211; ou plut\u00f4t six &#8211; \u00e0 ce sujet.<\/p>\n<p>\u00ab\u00a0Lil Timmy Tim\u00a0\u00bb<\/p>\n<p>\u00ab\u00a0Tout sera r\u00e9v\u00e9l\u00e9 en temps voulu\u00a0\u00bb, a-t-il ajout\u00e9 apr\u00e8s une pause. Dans les commentaires de cet extrait de l\u2019interview sur le compte Instagram de la radio, certains internautes se sont montr\u00e9s cat\u00e9goriques\u00a0: la r\u00e9ponse vague et le comportement h\u00e9sitant de l\u2019acteur confirment leur hypoth\u00e8se. \u00ab\u00a0Eh bien, c\u2019est la seule confirmation dont j\u2019avais besoin\u00a0\u00bb, a \u00e9crit l\u2019un d\u2019entre eux. D\u2019autres, encore h\u00e9sitants, se sont dits ravis de voir l\u2019artiste pr\u00e9server le suspense, quelle que soit la v\u00e9rit\u00e9. \u00ab\u00a0Il sait qu\u2019on a besoin de myst\u00e8re\u00a0\u00bb, peut-on lire.<\/p>\n<p class=\"mb-m@xs text-l@xs\">En cliquant sur\u00ab J\u2019accepte \u00bb, vous acceptez le d\u00e9p\u00f4t de cookies par des services externes et aurez ainsi acc\u00e8s aux contenus de nos partenaires.<\/p>\n<p class=\"mb-xl@xs text-s@xs\">Plus d\u2019informations sur la page<a href=\"https:\/\/www.20minutes.fr\/gestion-cookies\" class=\"mx-xxs@xs color-ultramarine\" target=\"_blank\" rel=\"noopener\">Politique de gestion des cookies<\/a><\/p>\n<p>J\u2019accepte<\/p>\n<p>Certains indices n\u2019ont pas non plus \u00e9chapp\u00e9 aux animateurs de Heart Radio, qui ont rappel\u00e9 <a href=\"https:\/\/www.20minutes.fr\/arts-stars\/people\/4062114-20231113-taylor-swift-demande-fans-plus-rien-jeter-scene-kylie-jenner-rejoint-timothee-chalamet-after-party\" target=\"_blank\" class=\"c-link c-link--is-underlined\" rel=\"noopener\">au compagnon de Kylie Jenner<\/a> son pseudonyme de hip-hop \u00e0 l\u2019adolescence. \u00ab\u00a0Lil Timmy Tim\u00a0\u00bb, a m\u00eame corrig\u00e9 Timoth\u00e9e Chalamet apr\u00e8s avoir entendu l\u2019un de ses h\u00f4tes prononcer \u00ab\u00a0Little Timmy\u00a0\u00bb. \u00ab\u00a0Je vais vous dire une chose, \u00ab\u00a0Little Timmy\u00a0\u00bb n\u2019a pas la m\u00eame consonance\u00a0\u00bb, s\u2019est-il amus\u00e9, \u00ab\u00a0little\u00a0\u00bb signifiant \u00ab\u00a0petit\u00a0\u00bb.<\/p>\n<p>Il faudra en tout cas attendre l\u2019an prochain pour en savoir plus sur l\u2019identit\u00e9 du rappeur. EsDeeKid est annonc\u00e9 en concert en Am\u00e9rique du Nord et en Australie, avec un premier show pr\u00e9vu le 30\u00a0janvier au Th\u00e9\u00e2tre Fairmount de Montr\u00e9al au Canada.<\/p>\n","protected":false},"excerpt":{"rendered":"Timoth\u00e9e Chalamet a cultiv\u00e9 le suspense autour de l\u2019identit\u00e9 d\u2019EsDeeKid, un rappeur masqu\u00e9 britannique dont seuls les yeux&hellip;\n","protected":false},"author":2,"featured_media":595692,"comment_status":"","ping_status":"","sticky":false,"template":"","format":"standard","meta":{"footnotes":""},"categories":[1359],"tags":[58,59,1011,27,19295,973,3616,13427,133],"class_list":{"0":"post-595691","1":"post","2":"type-post","3":"status-publish","4":"format-standard","5":"has-post-thumbnail","7":"category-people","8":"tag-divertissement","9":"tag-entertainment","10":"tag-fr","11":"tag-france","12":"tag-kylie-jenner","13":"tag-people","14":"tag-rap","15":"tag-timothee-chalamet","16":"tag-video"},"share_on_mastodon":{"url":"https:\/\/pubeurope.com\/@fr\/115708939775291274","error":""},"_links":{"self":[{"href":"https:\/\/www.europesays.com\/fr\/wp-json\/wp\/v2\/posts\/595691","targetHints":{"allow":["GET"]}}],"collection":[{"href":"https:\/\/www.europesays.com\/fr\/wp-json\/wp\/v2\/posts"}],"about":[{"href":"https:\/\/www.europesays.com\/fr\/wp-json\/wp\/v2\/types\/post"}],"author":[{"embeddable":true,"href":"https:\/\/www.europesays.com\/fr\/wp-json\/wp\/v2\/users\/2"}],"replies":[{"embeddable":true,"href":"https:\/\/www.europesays.com\/fr\/wp-json\/wp\/v2\/comments?post=595691"}],"version-history":[{"count":0,"href":"https:\/\/www.europesays.com\/fr\/wp-json\/wp\/v2\/posts\/595691\/revisions"}],"wp:featuredmedia":[{"embeddable":true,"href":"https:\/\/www.europesays.com\/fr\/wp-json\/wp\/v2\/media\/595692"}],"wp:attachment":[{"href":"https:\/\/www.europesays.com\/fr\/wp-json\/wp\/v2\/media?parent=595691"}],"wp:term":[{"taxonomy":"category","embeddable":true,"href":"https:\/\/www.europesays.com\/fr\/wp-json\/wp\/v2\/categories?post=595691"},{"taxonomy":"post_tag","embeddable":true,"href":"https:\/\/www.europesays.com\/fr\/wp-json\/wp\/v2\/tags?post=595691"}],"curies":[{"name":"wp","href":"https:\/\/api.w.org\/{rel}","templated":true}]}}