{"id":5957,"date":"2025-04-06T18:36:11","date_gmt":"2025-04-06T18:36:11","guid":{"rendered":"https:\/\/www.europesays.com\/fr\/5957\/"},"modified":"2025-04-06T18:36:11","modified_gmt":"2025-04-06T18:36:11","slug":"les-tesla-doccasion-perdent-encore-de-la-valeur","status":"publish","type":"post","link":"https:\/\/www.europesays.com\/fr\/5957\/","title":{"rendered":"Les Tesla d&rsquo;occasion perdent encore de la valeur"},"content":{"rendered":"<p><strong>En Europe, la situation semble d\u00e9sormais suivre le m\u00eame sch\u00e9ma qu\u2019aux \u00c9tats-Unis, avec une d\u00e9pr\u00e9ciation notable des <a href=\"https:\/\/mobiwisy.fr\/marque\/tesla\" data-internallinksmanager029f6b8e52c=\"37\" title=\"Tesla\" data-wpel-link=\"internal\" rel=\"nofollow noopener\" target=\"_blank\">Tesla<\/a> d\u2019occasion. <\/strong><\/p>\n<p>Une \u00e9tude d\u2019<strong><a href=\"https:\/\/www.iseecars.com\/used-car-prices-study\" data-wpel-link=\"external\" target=\"_blank\" rel=\"nofollow external noopener noreferrer\">iSeeCars<\/a><\/strong>  a r\u00e9v\u00e9l\u00e9 que les prix des v\u00e9hicules Tesla d\u2019occasion ont chut\u00e9 de 13,6 % en moyenne aux \u00c9tats-Unis au cours de l\u2019ann\u00e9e \u00e9coul\u00e9e. Ce ph\u00e9nom\u00e8ne s\u2019inscrit dans un contexte plus large de baisse des prix des v\u00e9hicules \u00e9lectriques d\u2019occasion, mais Tesla se distingue par l\u2019ampleur de cette d\u00e9pr\u00e9ciation.<\/p>\n<p>Les mod\u00e8les phares de la marque, comme la Tesla Model S et la Model Y, ont vu leurs valeurs fondre respectivement de 16,2 % et 15,9 %. Bien que l\u2019arriv\u00e9e d\u2019une nouvelle g\u00e9n\u00e9ration de Model Y ait eu un impact, la baisse de la valeur est plus marqu\u00e9e que pour d\u2019autres mod\u00e8les r\u00e9cemment restyl\u00e9s. La Model 3, quant \u00e0 elle, limite la d\u00e9pr\u00e9ciation \u00e0 13,5 %. Ce ph\u00e9nom\u00e8ne indique une tendance pr\u00e9occupante pour Tesla, une marque qui fut jadis per\u00e7ue comme un symbole d\u2019<a href=\"https:\/\/mobiwisy.fr\/categorie\/innovation\" data-internallinksmanager029f6b8e52c=\"60\" title=\"Innovation\" data-wpel-link=\"internal\" rel=\"nofollow noopener\" target=\"_blank\">innovation<\/a> et de prestige.<\/p>\n<p><strong>L\u2019Europe sanctionne Elon Musk<\/strong><\/p>\n<p>En Europe, cette dynamique commence \u00e0 se faire sentir. L\u2019image de Tesla, d\u00e9j\u00e0 \u00e9corch\u00e9e par les prises de position controvers\u00e9es d\u2019Elon Musk, influence d\u00e9sormais la perception des consommateurs. Son association avec Donald Trump, qui ne passe pas inaper\u00e7ue sur le Vieux Continent, est un facteur qui p\u00e8se sur l\u2019attractivit\u00e9 de la marque. Cette situation complique la revente des v\u00e9hicules Tesla et affecte leur valeur r\u00e9siduelle.<\/p>\n<p>Ainsi, l\u2019Europe semble embo\u00eeter le pas des \u00c9tats-Unis, avec une tendance qui pourrait se renforcer \u00e0 mesure que la r\u00e9putation de la marque continue de souffrir. Tesla devra rapidement r\u00e9agir pour inverser cette dynamique et tenter de restaurer son statut de leader sur le march\u00e9 des v\u00e9hicules \u00e9lectriques. Les mois \u00e0 venir seront d\u00e9terminants pour savoir si la marque saura redresser la situation ou si cette tendance baissi\u00e8re se confirmera.<\/p>\n<p><strong>\u00c0 LIRE AUSSI : <a href=\"https:\/\/mobiwisy.fr\/voiture\/electrique\/a-berlin-tesla-fait-la-fete\" data-wpel-link=\"internal\" rel=\"nofollow noopener\" target=\"_blank\">\u00c0 Berlin, Tesla fait la f\u00eate !<\/a><\/strong><\/p>\n","protected":false},"excerpt":{"rendered":"En Europe, la situation semble d\u00e9sormais suivre le m\u00eame sch\u00e9ma qu\u2019aux \u00c9tats-Unis, avec une d\u00e9pr\u00e9ciation notable des Tesla&hellip;\n","protected":false},"author":2,"featured_media":5958,"comment_status":"","ping_status":"","sticky":false,"template":"","format":"standard","meta":{"footnotes":""},"categories":[6],"tags":[35,33,34,46,1011,27,320,3511],"class_list":{"0":"post-5957","1":"post","2":"type-post","3":"status-publish","4":"format-standard","5":"has-post-thumbnail","7":"category-economie","8":"tag-business","9":"tag-economie","10":"tag-economy","11":"tag-elon-musk","12":"tag-fr","13":"tag-france","14":"tag-tesla","15":"tag-voitures-occasion"},"share_on_mastodon":{"url":"https:\/\/pubeurope.com\/@fr\/114292469598463483","error":""},"_links":{"self":[{"href":"https:\/\/www.europesays.com\/fr\/wp-json\/wp\/v2\/posts\/5957","targetHints":{"allow":["GET"]}}],"collection":[{"href":"https:\/\/www.europesays.com\/fr\/wp-json\/wp\/v2\/posts"}],"about":[{"href":"https:\/\/www.europesays.com\/fr\/wp-json\/wp\/v2\/types\/post"}],"author":[{"embeddable":true,"href":"https:\/\/www.europesays.com\/fr\/wp-json\/wp\/v2\/users\/2"}],"replies":[{"embeddable":true,"href":"https:\/\/www.europesays.com\/fr\/wp-json\/wp\/v2\/comments?post=5957"}],"version-history":[{"count":0,"href":"https:\/\/www.europesays.com\/fr\/wp-json\/wp\/v2\/posts\/5957\/revisions"}],"wp:featuredmedia":[{"embeddable":true,"href":"https:\/\/www.europesays.com\/fr\/wp-json\/wp\/v2\/media\/5958"}],"wp:attachment":[{"href":"https:\/\/www.europesays.com\/fr\/wp-json\/wp\/v2\/media?parent=5957"}],"wp:term":[{"taxonomy":"category","embeddable":true,"href":"https:\/\/www.europesays.com\/fr\/wp-json\/wp\/v2\/categories?post=5957"},{"taxonomy":"post_tag","embeddable":true,"href":"https:\/\/www.europesays.com\/fr\/wp-json\/wp\/v2\/tags?post=5957"}],"curies":[{"name":"wp","href":"https:\/\/api.w.org\/{rel}","templated":true}]}}