{"id":595711,"date":"2025-12-12T22:34:16","date_gmt":"2025-12-12T22:34:16","guid":{"rendered":"https:\/\/www.europesays.com\/fr\/595711\/"},"modified":"2025-12-12T22:34:16","modified_gmt":"2025-12-12T22:34:16","slug":"charles-iii-une-bonne-nouvelle-le-roi-annonce-etre-sur-la-voie-de-la-guerison","status":"publish","type":"post","link":"https:\/\/www.europesays.com\/fr\/595711\/","title":{"rendered":"Charles III : \u201cune bonne nouvelle\u201d, le roi annonce \u00eatre sur la voie de la gu\u00e9rison"},"content":{"rendered":"<p class=\"p1\">La sant\u00e9 de Charles III s\u2019am\u00e9liore. Au d\u00e9but de<br \/>\nl\u2019ann\u00e9e 2024, <a href=\"https:\/\/www.closermag.fr\/royautes\/charles-iii-face-au-cancer-il-donne-des-nouvelles-de-sa-sante-et-ca-tient-en-5-mots-3566661\" target=\"_blank\" rel=\"noopener\"><br \/>\nle roi a \u00e9t\u00e9 diagnostiqu\u00e9 d\u2019une forme non divulgu\u00e9e de cancer<\/a><br \/>\net a entam\u00e9 un <strong>traitement<\/strong>. Pr\u00e8s de deux ans plus<br \/>\ntard, il a annonc\u00e9 <strong>une avanc\u00e9e positive<\/strong> \u00e0<br \/>\nl\u2019occasion de \u201cStand Up To Cancer 2025\u201d, une campagne<br \/>\nconjointe de Cancer Research UK et de Channel 4.<\/p>\n<p class=\"p1\">Enregistr\u00e9 durant la derni\u00e8re semaine de novembre et<br \/>\ndiffus\u00e9 le vendredi 12 d\u00e9cembre, le \u201cmessage personnel\u201d de<br \/>\nCharles III encourage tout d\u2019abord les citoyens \u00e0 <strong>se faire<br \/>\nd\u00e9pister<\/strong>. \u201cUn diagnostic pr\u00e9coce, tout simplement,<br \/>\nsauve des vies. J\u2019ai entendu ce message \u00e0 maintes reprises lors de<br \/>\nmes visites dans les centres de canc\u00e9rologie du pays. Je sais aussi<br \/>\n\u00e0 quel point cela a fait la diff\u00e9rence dans mon cas, me permettant<br \/>\nde continuer \u00e0 mener une vie pleine et active malgr\u00e9 mon<br \/>\ntraitement\u201d, a-t-il commenc\u00e9.<\/p>\n<p><img loading=\"lazy\" decoding=\"async\" aria-describedby=\"caption-attachment-3604436\" itemprop=\"thumbnailUrl\" class=\"size-full wp-image-3604436 img-responsive\" src=\"https:\/\/www.europesays.com\/fr\/wp-content\/uploads\/2025\/12\/le-roi-charles-iii.jpg\" alt=\"Le roi Charles III c\u00e9l\u00e8bre le deuxi\u00e8me anniversaire du Coronation Food Project chez \" fortnum=\"\" mason=\"\" londres.=\"\" width=\"1200\" height=\"1545\"\/> \u00a9 Zuma Press \/ Bestimage<\/p>\n<p id=\"caption-attachment-3604436\" class=\"wp-caption-text\">Le roi<br \/>\nCharles III c\u00e9l\u00e8bre le deuxi\u00e8me anniversaire du Coronation Food<br \/>\nProject chez \u00ab\u00a0Fortnum &amp; Mason\u00a0\u00bb \u00e0 Londres.<\/p>\n<p>Charles III annonce un all\u00e8gement de son<br \/>\ntraitement<\/p>\n<p class=\"p1\">Dans la suite de son message, Charles III a tenu \u00e0<br \/>\nfaire <strong>une mise \u00e0 jour de son \u00e9tat de sant\u00e9<\/strong>.<br \/>\n\u201cAujourd\u2019hui, je suis en mesure de partager avec vous une bonne<br \/>\nnouvelle. Gr\u00e2ce \u00e0 un diagnostic pr\u00e9coce, une intervention efficace<br \/>\net le respect des consignes m\u00e9dicales, mon propre programme de<br \/>\ntraitement contre le cancer pourra \u00eatre all\u00e9g\u00e9 d\u00e8s le d\u00e9but de<br \/>\nl\u2019ann\u00e9e prochaine\u201d, a-t-il r\u00e9v\u00e9l\u00e9.<\/p>\n<p class=\"p1\">S\u2019il n\u2019a pas utilis\u00e9 le terme \u201cr\u00e9mission\u201d,<br \/>\n<a href=\"https:\/\/www.closermag.fr\/royautes\/une-epreuve-terrifiante-charles-iii-se-confie-sur-le-cancer-alors-que-william-sapprete-a-prendre-les-renes-de-la-monarchie-3583310\" target=\"_blank\" rel=\"noopener\"><br \/>\nle p\u00e8re du prince William<\/a> serait <strong>sur la bonne<br \/>\nvoie<\/strong>. Selon le <a href=\"https:\/\/www.dailymail.co.uk\/news\/royals\/article-15379337\/Christmas-cheer-king-Charles-cancer-treatment-scaled-back.html\" target=\"_blank\" rel=\"nofollow noopener\">Daily Mail<\/a>, un<br \/>\nporte-parole du palais de Buckingham a confirm\u00e9 qu\u2019il avait<br \/>\n\u201cexceptionnellement bien\u201d r\u00e9pondu aux traitements. Ses<br \/>\nm\u00e9decins auraient donc d\u00e9cid\u00e9 de r\u00e9duire<br \/>\n\u201cconsid\u00e9rablement\u201d leur fr\u00e9quence. Une nouvelle sans doute<br \/>\nper\u00e7ue comme \u201cle meilleur cadeau de No\u00ebl\u201d de l\u2019homme de 77<br \/>\nans.<\/p>\n<blockquote class=\"twitter-tweet\"><p><a class=\"twitter-link\" rel=\"noindex, nofollow noopener\" href=\"https:\/\/twitter.com\/RoyalFamily\/status\/1999571637260234794\" target=\"_blank\"><\/p><\/blockquote>\n<p>Le roi a franchi une \u201c\u00e9tape<br \/>\nimportante\u201d<\/p>\n<p class=\"p1\">Apr\u00e8s avoir annonc\u00e9 l\u2019all\u00e8gement de son traitement,<br \/>\nCharles III a fait de <strong>rares confidences sur son \u00e9tat<br \/>\nd\u2019esprit<\/strong>. Il a r\u00e9v\u00e9l\u00e9 qu\u2019il consid\u00e9rait cette \u201c\u00e9tape<br \/>\nimportante\u201d \u00e0 la fois comme \u201cune b\u00e9n\u00e9diction<br \/>\npersonnelle\u201d et comme \u201cun t\u00e9moignage des progr\u00e8s<br \/>\nremarquables\u201d de la science.<\/p>\n<p class=\"p1\">Finalement, <a href=\"https:\/\/www.closermag.fr\/royautes\/charles-iii-face-au-cancer-il-sepanche-sur-son-combat-face-a-camilla-les-moments-les-plus-sombres-3541327\" target=\"_blank\" rel=\"noopener\"><br \/>\nle mari de Camilla<\/a> a conclu son message en faisant <strong>la<br \/>\npromotion d\u2019un nouvel outil en ligne<\/strong>. Alors que 9 millions<br \/>\nde citoyens du Royaume-Uni \u201cne sont pas \u00e0 jour dans leurs<br \/>\nd\u00e9pistages du cancer\u201d, il leur a propos\u00e9 de v\u00e9rifier s\u2019ils<br \/>\nsont \u00e9ligibles au <strong>d\u00e9pistage de certains cancers<\/strong> en<br \/>\nquelques clics. \u201cVotre vie, ou celle d\u2019un \u00eatre cher, pourrait<br \/>\nen d\u00e9pendre\u201d, a-t-il finalement conclu. Une prise de parole<br \/>\nessentielle, qui pourrait contribuer \u00e0 sensibiliser le public au<br \/>\nd\u00e9pistage, alors que l\u2019horizon s\u2019\u00e9claircit pour Charles III.<\/p>\n<p><script async src=\"https:\/\/platform.twitter.com\/widgets.js\" charset=\"utf-8\"><\/script><\/p>\n","protected":false},"excerpt":{"rendered":"La sant\u00e9 de Charles III s\u2019am\u00e9liore. Au d\u00e9but de l\u2019ann\u00e9e 2024, le roi a \u00e9t\u00e9 diagnostiqu\u00e9 d\u2019une forme&hellip;\n","protected":false},"author":2,"featured_media":595712,"comment_status":"","ping_status":"","sticky":false,"template":"","format":"standard","meta":{"footnotes":""},"categories":[5],"tags":[11,21303,1011,27,14,70426,12,4795,28],"class_list":{"0":"post-595711","1":"post","2":"type-post","3":"status-publish","4":"format-standard","5":"has-post-thumbnail","7":"category-international","8":"tag-actualites","9":"tag-buzz_nonli","10":"tag-fr","11":"tag-france","12":"tag-international","13":"tag-marfeel_news","14":"tag-news","15":"tag-roi-charles-iii","16":"tag-world"},"share_on_mastodon":{"url":"https:\/\/pubeurope.com\/@fr\/115708983249207929","error":""},"_links":{"self":[{"href":"https:\/\/www.europesays.com\/fr\/wp-json\/wp\/v2\/posts\/595711","targetHints":{"allow":["GET"]}}],"collection":[{"href":"https:\/\/www.europesays.com\/fr\/wp-json\/wp\/v2\/posts"}],"about":[{"href":"https:\/\/www.europesays.com\/fr\/wp-json\/wp\/v2\/types\/post"}],"author":[{"embeddable":true,"href":"https:\/\/www.europesays.com\/fr\/wp-json\/wp\/v2\/users\/2"}],"replies":[{"embeddable":true,"href":"https:\/\/www.europesays.com\/fr\/wp-json\/wp\/v2\/comments?post=595711"}],"version-history":[{"count":0,"href":"https:\/\/www.europesays.com\/fr\/wp-json\/wp\/v2\/posts\/595711\/revisions"}],"wp:featuredmedia":[{"embeddable":true,"href":"https:\/\/www.europesays.com\/fr\/wp-json\/wp\/v2\/media\/595712"}],"wp:attachment":[{"href":"https:\/\/www.europesays.com\/fr\/wp-json\/wp\/v2\/media?parent=595711"}],"wp:term":[{"taxonomy":"category","embeddable":true,"href":"https:\/\/www.europesays.com\/fr\/wp-json\/wp\/v2\/categories?post=595711"},{"taxonomy":"post_tag","embeddable":true,"href":"https:\/\/www.europesays.com\/fr\/wp-json\/wp\/v2\/tags?post=595711"}],"curies":[{"name":"wp","href":"https:\/\/api.w.org\/{rel}","templated":true}]}}