{"id":595717,"date":"2025-12-12T22:37:31","date_gmt":"2025-12-12T22:37:31","guid":{"rendered":"https:\/\/www.europesays.com\/fr\/595717\/"},"modified":"2025-12-12T22:37:31","modified_gmt":"2025-12-12T22:37:31","slug":"loire-il-pretextait-une-panne-de-voiture-pour-rentrer-chez-ses-victimes-et-leur-voler-de-largent-ou-des-bijoux","status":"publish","type":"post","link":"https:\/\/www.europesays.com\/fr\/595717\/","title":{"rendered":"Loire. Il pr\u00e9textait une panne de voiture pour rentrer chez ses victimes et leur voler de l\u2019argent ou des bijoux"},"content":{"rendered":"<p>Convoqu\u00e9 \u00e0 l\u2019H\u00f4tel de police de Saint-Etienne, l\u2019homme s\u2019est pr\u00e9sent\u00e9, selon nos informations, avec ses valises. C\u2019est dire si l\u2019individu avait conscience de la gravit\u00e9 des faits qui lui \u00e9taient reproch\u00e9s.<\/p>\n<p>Tout remonte au mois d\u2019ao\u00fbt\u00a02025, quand une personne \u00e2g\u00e9e de 68 ans, habitant du quartier de Bellevue \u00e0 Saint-Etienne, vient d\u00e9poser plainte.<\/p>\n<p>Cette derni\u00e8re raconte aux enqu\u00eateurs avoir \u00e9t\u00e9 victime d\u2019un vol \u00e0 son domicile alors qu\u2019un homme avait sonn\u00e9 \u00e0 son interphone, expliquant \u00eatre tomb\u00e9 en panne de voiture. Sous le choc et en cette p\u00e9riode de forte chaleur, il a besoin de s\u2019hydrater et demande un verre d\u2019eau \u00e0 son bienfaiteur.<\/p>\n<p>  Identifi\u00e9 gr\u00e2ce \u00e0 des traces papillaires et les images de vid\u00e9osurveillance<\/p>\n<p>Laiss\u00e9 seul dans le salon de sa victime, l\u2019individu aurait fouill\u00e9 un sac et d\u00e9rob\u00e9 une carte bancaire et de l\u2019argent liquide. Les policiers de la brigade des atteintes aux biens du Service local de la police judiciaire (SLPJ) entreprennent les premi\u00e8res d\u00e9marches d\u2019une enqu\u00eate qui s\u2019annonce longue et compliqu\u00e9e.<\/p>\n<p>Mais finalement, gr\u00e2ce \u00e0 des traces papillaires et l\u2019exploitation d\u2019images de vid\u00e9osurveillance, l\u2019homme \u00e2g\u00e9 de 34 ans va finalement \u00eatre identifi\u00e9 et interpell\u00e9 apr\u00e8s sa convocation dans les locaux de la police.<\/p>\n<p>Gr\u00e2ce \u00e0 leur travail de fourmis, les fins limiers du SLPJ vont parvenir \u00e0 d\u00e9couvrir que le trentenaire est impliqu\u00e9 dans sept autres faits du m\u00eame type, s\u2019\u00e9tant d\u00e9roul\u00e9s \u00e0 Saint-Etienne et dans sa p\u00e9riph\u00e9rie.<\/p>\n<p>Dans certains cas, le mis en cause aurait \u00e9galement d\u00e9rob\u00e9 des bijoux. Toujours au pr\u00e9judice de personnes \u00e2g\u00e9es ou fragiles. Apr\u00e8s avoir \u00e9t\u00e9 d\u00e9f\u00e9r\u00e9, l\u2019individu devait \u00eatre pr\u00e9sent\u00e9 devant le tribunal correctionnel de Saint-Etienne ce vendredi 12\u00a0d\u00e9cembre dans le cadre d\u2019une comparution imm\u00e9diate.<\/p>\n","protected":false},"excerpt":{"rendered":"Convoqu\u00e9 \u00e0 l\u2019H\u00f4tel de police de Saint-Etienne, l\u2019homme s\u2019est pr\u00e9sent\u00e9, selon nos informations, avec ses valises. C\u2019est dire&hellip;\n","protected":false},"author":2,"featured_media":595718,"comment_status":"","ping_status":"","sticky":false,"template":"","format":"standard","meta":{"footnotes":""},"categories":[9653],"tags":[1111,11,2430,271,272,7539,1777,674,274,1011,27,3367,12,25,4001,7538,104],"class_list":{"0":"post-595717","1":"post","2":"type-post","3":"status-publish","4":"format-standard","5":"has-post-thumbnail","7":"category-saint-etienne","8":"tag-actu","9":"tag-actualites","10":"tag-auvergne-rhone-alpes","11":"tag-crime","12":"tag-delit-et-contravention","13":"tag-edition-loire-sud","14":"tag-eu","15":"tag-europe","16":"tag-faits-divers-justice","17":"tag-fr","18":"tag-france","19":"tag-loire","20":"tag-news","21":"tag-republique-francaise","22":"tag-saint-etienne","23":"tag-saint-etienne-ville","24":"tag-societe"},"share_on_mastodon":{"url":"https:\/\/pubeurope.com\/@fr\/115708994843149314","error":""},"_links":{"self":[{"href":"https:\/\/www.europesays.com\/fr\/wp-json\/wp\/v2\/posts\/595717","targetHints":{"allow":["GET"]}}],"collection":[{"href":"https:\/\/www.europesays.com\/fr\/wp-json\/wp\/v2\/posts"}],"about":[{"href":"https:\/\/www.europesays.com\/fr\/wp-json\/wp\/v2\/types\/post"}],"author":[{"embeddable":true,"href":"https:\/\/www.europesays.com\/fr\/wp-json\/wp\/v2\/users\/2"}],"replies":[{"embeddable":true,"href":"https:\/\/www.europesays.com\/fr\/wp-json\/wp\/v2\/comments?post=595717"}],"version-history":[{"count":0,"href":"https:\/\/www.europesays.com\/fr\/wp-json\/wp\/v2\/posts\/595717\/revisions"}],"wp:featuredmedia":[{"embeddable":true,"href":"https:\/\/www.europesays.com\/fr\/wp-json\/wp\/v2\/media\/595718"}],"wp:attachment":[{"href":"https:\/\/www.europesays.com\/fr\/wp-json\/wp\/v2\/media?parent=595717"}],"wp:term":[{"taxonomy":"category","embeddable":true,"href":"https:\/\/www.europesays.com\/fr\/wp-json\/wp\/v2\/categories?post=595717"},{"taxonomy":"post_tag","embeddable":true,"href":"https:\/\/www.europesays.com\/fr\/wp-json\/wp\/v2\/tags?post=595717"}],"curies":[{"name":"wp","href":"https:\/\/api.w.org\/{rel}","templated":true}]}}