{"id":59572,"date":"2025-04-28T15:35:08","date_gmt":"2025-04-28T15:35:08","guid":{"rendered":"https:\/\/www.europesays.com\/fr\/59572\/"},"modified":"2025-04-28T15:35:08","modified_gmt":"2025-04-28T15:35:08","slug":"troubles-par-la-politique-commerciale-de-trump-les-patrons-americains-reduisent-les-couts","status":"publish","type":"post","link":"https:\/\/www.europesays.com\/fr\/59572\/","title":{"rendered":"Troubl\u00e9s par la politique commerciale de Trump, les patrons am\u00e9ricains r\u00e9duisent les co\u00fbts"},"content":{"rendered":"\n<p>Les atermoiements incessants de Donald Trump en mati\u00e8re de droits de douane mettent les nerfs des chefs d\u2019entreprise am\u00e9ricains \u00e0 rude \u00e9preuve. Contraints, en plein brouillard, de naviguer \u00e0 vue, ils reportent les grandes d\u00e9cisions strat\u00e9giques, alors que le FMI vient de revoir \u00e0 la baisse ses pr\u00e9visions de croissance en 2025\u00a0pour les \u00c9tats-Unis, \u00e0 1,8\u00a0% \u2013 il tablait encore sur 2,7\u00a0% en janvier.<\/p>\n<p>En attendant d\u2019y voir plus clair, les patrons s\u2019emploient, d\u00e8s maintenant, \u00e0 faire des \u00e9conomies au cas o\u00f9 les choses tourneraient vraiment mal, <a class=\"ithalc\" data-ithal=\"lien_externe\" data-ithalc=\"[nav_article]\" target=\"_blank\" href=\"https:\/\/www.wsj.com\/business\/tariffs-companies-spending-2025-0c84b037?mod=hp_lead_pos2\" rel=\"noopener\">constate <strong>The Wall Street Journal<\/strong><\/a><strong>. <\/strong>L\u2019impr\u00e9visibilit\u00e9 du pr\u00e9sident Trump \u201cparalyse les entreprises sur tous les fronts, \u00e0 l\u2019exception d\u2019un seul\u00a0: celui de la r\u00e9duction des co\u00fbts\u201d, r\u00e9sume ainsi le quotidien des affaires. Qui ajoute\u00a0:<\/p>\n<blockquote><p>\u201cC\u2019est le nouveau mantra des comit\u00e9s de direction\u00a0: rogner partout o\u00f9 c\u2019est possible.\u201d<\/p><\/blockquote>\n<p>De fait, c\u2019est \u00e0 peu pr\u00e8s la seule chose sur laquelle ils semblent avoir la main. Et, \u00e0 lire le Wall Street Journal, on a presque l\u2019impression qu\u2019ils se sont pass\u00e9 le mot pour employer les m\u00eames \u00e9l\u00e9ments de langage.<\/p>\n<p>                    Des projets report\u00e9s       <\/p>\n<p>Nous voulons \u201cma\u00eetriser tous les co\u00fbts ma\u00eetrisables et amortir autant que possible les effets de ce que nous ne ma\u00eetrisons pas\u201d, a d\u00e9clar\u00e9 Mark George, le PDG de la compagnie de chemins de fer Norfolk Southern, lors d\u2019une r\u00e9union avec des analystes et des investisseurs. \u201cNous nous concentrons sur les domaines que nous pouvons ma\u00eetriser\u201d, a dit, en \u00e9cho, Arvind Krishna, le PDG d\u2019IBM. Quant au patron de PepsiCo, Ramon Laguarta, il se f\u00e9licite de \u201cma\u00eetriser ce qui est sous notre contr\u00f4le\u201d, promettant d\u2019am\u00e9liorer l\u2019efficacit\u00e9 de sa cha\u00eene d\u2019approvisionnement, relate le quotidien des affaires.<\/p>\n<p>Parmi les exemples cit\u00e9s par le journal figure le groupe chimique Dow, qui a report\u00e9 un projet d\u2019usine de production d\u2019\u00e9thyl\u00e8ne \u201cz\u00e9ro \u00e9mission\u201d au Canada, et s\u2019interroge sur l\u2019opportunit\u00e9 de construire deux autres sites, en Allemagne et au Royaume-Uni. Plus modestement, Norfolk Southern compte moins faire appel \u00e0 des consultants, \u00e0 l\u2019instar de la compagnie d\u2019assurances Principal Financial Group, qui veut en outre r\u00e9duire les frais de d\u00e9placement de ses employ\u00e9s.<\/p>\n<p>Si l\u2019on en croit le Wall Street Journal, peu d\u2019entreprises vont toutefois jusqu\u2019\u00e0 proc\u00e9der \u00e0 des licenciements massifs, dans l\u2019espoir que les tensions commerciales s\u2019apaisent et que l\u2019\u00e9conomie souffre finalement moins que pr\u00e9vu. Comme l\u2019explique un observateur interrog\u00e9 par le quotidien, elles ont retenu la le\u00e7on de la crise du Covid-19, apr\u00e8s laquelle \u201celles ont eu des difficult\u00e9s \u00e0 r\u00e9embaucher quand l\u2019\u00e9conomie a red\u00e9marr\u00e9\u201d.<\/p>\n","protected":false},"excerpt":{"rendered":"Les atermoiements incessants de Donald Trump en mati\u00e8re de droits de douane mettent les nerfs des chefs d\u2019entreprise&hellip;\n","protected":false},"author":2,"featured_media":59573,"comment_status":"","ping_status":"","sticky":false,"template":"","format":"standard","meta":{"footnotes":""},"categories":[1589],"tags":[11,3822,75,2388,73,1866,1074,12,2542,770,1864,1865,1863,308],"class_list":{"0":"post-59572","1":"post","2":"type-post","3":"status-publish","4":"format-standard","5":"has-post-thumbnail","7":"category-etats-unis","8":"tag-actualites","9":"tag-amu00e9riques","10":"tag-donald-trump","11":"tag-droits-de-douane","12":"tag-etats-unis","13":"tag-etats-unis-damerique","14":"tag-guerre-commerciale","15":"tag-news","16":"tag-u00e9conomie","17":"tag-u00e9tats-unis","18":"tag-united-states","19":"tag-united-states-of-america","20":"tag-us","21":"tag-usa"},"share_on_mastodon":{"url":"https:\/\/pubeurope.com\/@fr\/114416328603780630","error":""},"_links":{"self":[{"href":"https:\/\/www.europesays.com\/fr\/wp-json\/wp\/v2\/posts\/59572","targetHints":{"allow":["GET"]}}],"collection":[{"href":"https:\/\/www.europesays.com\/fr\/wp-json\/wp\/v2\/posts"}],"about":[{"href":"https:\/\/www.europesays.com\/fr\/wp-json\/wp\/v2\/types\/post"}],"author":[{"embeddable":true,"href":"https:\/\/www.europesays.com\/fr\/wp-json\/wp\/v2\/users\/2"}],"replies":[{"embeddable":true,"href":"https:\/\/www.europesays.com\/fr\/wp-json\/wp\/v2\/comments?post=59572"}],"version-history":[{"count":0,"href":"https:\/\/www.europesays.com\/fr\/wp-json\/wp\/v2\/posts\/59572\/revisions"}],"wp:featuredmedia":[{"embeddable":true,"href":"https:\/\/www.europesays.com\/fr\/wp-json\/wp\/v2\/media\/59573"}],"wp:attachment":[{"href":"https:\/\/www.europesays.com\/fr\/wp-json\/wp\/v2\/media?parent=59572"}],"wp:term":[{"taxonomy":"category","embeddable":true,"href":"https:\/\/www.europesays.com\/fr\/wp-json\/wp\/v2\/categories?post=59572"},{"taxonomy":"post_tag","embeddable":true,"href":"https:\/\/www.europesays.com\/fr\/wp-json\/wp\/v2\/tags?post=59572"}],"curies":[{"name":"wp","href":"https:\/\/api.w.org\/{rel}","templated":true}]}}