{"id":595729,"date":"2025-12-12T22:43:14","date_gmt":"2025-12-12T22:43:14","guid":{"rendered":"https:\/\/www.europesays.com\/fr\/595729\/"},"modified":"2025-12-12T22:43:14","modified_gmt":"2025-12-12T22:43:14","slug":"depart-force-ou-accord-non-trouve-jean-varela-quitte-la-direction-generale-du-domaine-do-a-montpellier","status":"publish","type":"post","link":"https:\/\/www.europesays.com\/fr\/595729\/","title":{"rendered":"\u00ab\u00a0D\u00e9part forc\u00e9\u00a0\u00bb ou \u00ab\u00a0accord non trouv\u00e9\u00a0\u00bb\u00a0? Jean Varela quitte la direction g\u00e9n\u00e9rale du Domaine d\u2019O, \u00e0 Montpellier"},"content":{"rendered":"<p>\n                                                                Le d\u00e9part de Jean Varela de la direction g\u00e9n\u00e9rale du Domaine d\u2019O, europ\u00e9enne du th\u00e9\u00e2tre et des arts associ\u00e9s, \u00e0 Montpellier, a \u00e9t\u00e9 officialis\u00e9 vendredi. L\u2019association du festival Printemps des com\u00e9diens, a fait savoir son \u00ab\u00a0d\u00e9saccord\u00a0\u00bb.\n                            <\/p>\n<p>D\u2019aucuns le disaient dans le collimateur depuis l\u2019\u00e9t\u00e9 dernier, d\u2019autres d\u00e9j\u00e0 abattus. C\u2019est d\u00e9sormais act\u00e9 dans des termes autrement diplomatiques\u00a0: \u00ab\u00a0Dans le cadre de la cr\u00e9ation de la <a href=\"https:\/\/www.domainedo.fr\/domaine-do\/presentation-du-domaine-do\" target=\"_self\" rel=\"noopener\">Cit\u00e9 europ\u00e9enne du th\u00e9\u00e2tre et des arts associ\u00e9s \u2013 Domaine d\u2019O<\/a>, issue du rassemblement de l\u2019\u00e9tablissement public Domaine d\u2019O et de l\u2019association Printemps des Com\u00e9diens, Aucun accord contractuel n\u2019a \u00e9t\u00e9 trouv\u00e9 avec Jean Varela, pourtant pressenti pour assurer la direction g\u00e9n\u00e9rale\u00a0\u00bb, ont fait savoir vendredi, par un communiqu\u00e9 de presse, la Direction r\u00e9gionale des affaires culturelles (Drac) d\u2019Occitanie, la M\u00e9tropole Montpellier M\u00e9diterran\u00e9e et la Ville de Montpellier.<\/p>\n<p>Le deuxi\u00e8me festival\u00a0de th\u00e9\u00e2tre de France<\/p>\n<p>Cela pos\u00e9, les partenaires institutionnels ont salu\u00e9 \u2013 comme il se doit en pareilles circonstances \u2013 l\u2019engagement du partant\u00a0: \u00ab\u00a0Il a contribu\u00e9 \u00e0 affirmer le rayonnement artistique du festival Printemps des com\u00e9diens, tant \u00e0 l\u2019\u00e9chelle du territoire que sur la sc\u00e8ne nationale et internationale, participant ainsi au rayonnement culturel de Montpellier\u00a0\u00bb. Et les institutions de r\u00e9affirmer\u00a0\u00ab\u00a0leur reconnaissance pour le r\u00f4le qu\u2019il a jou\u00e9 dans le d\u00e9veloppement de ce festival, qui a permis aux habitantes et habitants du territoire de rencontrer des artistes, des compagnies et des \u0153uvres majeures de la cr\u00e9ation contemporaine\u00a0\u00bb.<\/p>\n<p>Aujourd\u2019hui \u00e2g\u00e9 de 59 ans, le com\u00e9dien biterrois aura, entre autres choses, cofond\u00e9 la compagnie In Situ, cr\u00e9\u00e9 le festival Les Nuits de la Terrasse et del Catet dans le Biterrois, dirig\u00e9 la Cigali\u00e8re, la salle de spectacles de S\u00e9rignan et initi\u00e9 pour le compte du D\u00e9partement de l\u2019H\u00e9rault, le projet sortie Ouest au domaine de Bayssan \u00e0 B\u00e9ziers (d\u00e9sormais Sc\u00e8ne de Bayssan) avant de prendre la t\u00eate du Printemps des com\u00e9diens, en 2011. Et de le hisser au rang de deuxi\u00e8me festival de th\u00e9\u00e2tre de France apr\u00e8s Avignon\u00a0; un fait qu\u2019il ne se trouvera pas une personne pour contester, m\u00eame parmi ses contempteurs.<\/p>\n<p>Quoi qu\u2019il en soit, si l\u2019on en croit la rumeur qui tourne dans la centrifugeuse du mundillo culturel (bruyamment donc) depuis la rentr\u00e9e, Jean Varela aurait \u00e9t\u00e9 avis\u00e9 oralement qu\u2019il allait \u00eatre licenci\u00e9 d\u00e8s la mi-juillet, un mois apr\u00e8s une 39e \u00e9dition raccourcie d\u2019une semaine (mais r\u00e9ussie). Une d\u00e9cision qui lui aurait \u00e9t\u00e9 r\u00e9p\u00e9t\u00e9e \u00e0 l\u2019automne sans officialisation. Jusqu\u2019\u00e0 ce jour, sous cette forme, disons, euph\u00e9mis\u00e9e.<\/p>\n<p>Un d\u00e9ficit contest\u00e9 par l\u2019association du festival<\/p>\n<p>On lui ferait grief d\u2019un important d\u00e9ficit de plusieurs centaines de milliers d\u2019euros au Domaine d\u2019O, devenu depus le 1er\u00a0janvier 2025, EPCC (\u00c9tablissement public de coop\u00e9ration culturelle) de la Cit\u00e9 europ\u00e9enne du th\u00e9\u00e2tre et des arts associ\u00e9s, apr\u00e8s la fusion de l\u2019association du festival Printemps des Com\u00e9diens et de l\u2019EPIC (\u00c9tablissement public \u00e0 caract\u00e8re industriel et commercial) Domaine d\u2019O\u00a0; sachant que lui, Jean Varela, n\u2019a jamais \u00e9t\u00e9 directeur de cet EPIC..<\/p>\n<p>Ladite association a r\u00e9pliqu\u00e9 ce m\u00eame vendredi, dans un communiqu\u00e9 de presse, dans l\u2019espoir, explique-t-elle, de \u00ab\u00a0mettre fin aux sp\u00e9culations qui entourent sa disparition programm\u00e9e et ont donn\u00e9 lieu \u00e0 des d\u00e9clarations erron\u00e9es jusqu\u2019en conseil de M\u00e9tropole\u00a0\u00bb, en rendant publiques les conclusions des experts-comptables et commissaires aux comptes qui proc\u00e8dent actuellement \u00e0 sa liquidation. Ainsi, l\u2019association en cours de dissolution serait-elle loin d\u2019\u00eatre d\u00e9ficitaire.<\/p>\n<p>Elle \u00e9num\u00e8re\u00a0: \u00ab\u00a0Comptes positifs avec un exc\u00e9dent de 183\u00a0000\u00a0\u20ac\u00a0; solde revers\u00e9 \u00e0 l\u2019EPCC du Domaine d\u2019O d\u00e9sormais en charge de la Cit\u00e9 europ\u00e9enne du th\u00e9\u00e2tre\u00a0: 60\u00a0000\u00a0\u20ac\u00a0; cession \u00e0 titre gracieux d\u2019un mat\u00e9riel sc\u00e9nique \u00e9valu\u00e9 \u00e0 320\u00a0000\u00a0\u20ac\u00a0; cession \u00e0 titre gracieux de la marque Printemps des Com\u00e9diens et d\u2019un fichier de billetterie de 30\u00a0000 noms\u00a0; revenus g\u00e9n\u00e9r\u00e9s par la reprise r\u00e9guli\u00e8re \u00e0 l\u2019international de B\u00e9r\u00e9nice avec Isabelle Huppert (ce spectacle a \u00e9t\u00e9 cr\u00e9\u00e9 \u00e0 Montpellier sous l\u2019\u00e9gide de l\u2019association Printemps des Com\u00e9diens).\u00a0\u00bb\u00a0Et l\u2019association d\u2019exprimer \u00ab\u00a0son d\u00e9saccord \u00e0 l\u2019annonce du d\u00e9part forc\u00e9 de son directeur artistique Jean Varela\u00a0\u00bb.<\/p>\n<p>Et le spectacle continue<\/p>\n<p>Un d\u00e9part qui n\u2019ob\u00e8re pas l\u2019avenir du Domaine d\u2019O, promettent la Drac, la M\u00e9tropole et la Ville de Montpellier dans leur communiqu\u00e9, la continuit\u00e9 de l\u2019activit\u00e9 du Domaine d\u2019O \u00e9tant\u00a0\u00ab\u00a0pleinement assur\u00e9e par <a href=\"https:\/\/www.domainedo.fr\/domaine-do\/equipe\" target=\"_self\" rel=\"noopener\">les \u00e9quipes en place<\/a>\u00ab\u00a0. L\u2019int\u00e9rim de la direction g\u00e9n\u00e9rale est assur\u00e9 par le directeur g\u00e9n\u00e9ral d\u00e9l\u00e9gu\u00e9 Alexis Gangloff, tandis qu\u2019Eric Bart, bras droit depuis quelques saisons et \u00e9ditions de Jean Varela pour la programmation et partant, d\u00e9j\u00e0 \u00e0 la man\u0153uvre, se voit confier la direction artistique. Un appel \u00e0 candidatures pour la direction g\u00e9n\u00e9rale sera\u00a0\u00ab\u00a0tr\u00e8s prochainement\u00a0\u00bb\u00a0rendu public, conjointement par le conseil d\u2019administration de l\u2019EPCC, la Drac Occitanie, la M\u00e9tropole et la Ville, avec l\u2019objectif de \u00ab\u00a0pourvoir ce poste d\u2019ici l\u2019\u00e9t\u00e9 2026\u00a0\u00bb.<\/p>\n<p>Derni\u00e8re assurance des institutions\u00a0: \u00ab\u00a0L\u2019ensemble des rendez-vous et actions de la saison \u00e0 venir sera maintenu\u00a0: le festival Saperlipopette et la 40e \u00e9dition du Printemps des Com\u00e9diens se tiendront comme pr\u00e9vu en 2026, de m\u00eame que les festivals accueillis et l\u2019ensemble des manifestations programm\u00e9es sur le site du Domaine d\u2019O\u00a0\u00bb. Reste \u00e0 savoir dans quel climat, avec quelle dimension et pour quelle vision. Bref, \u00e0 suivre\u2026<\/p>\n<p>NB\u00a0: la saison du Domaine d\u2019O se poursuit avec \u201cLa carotte sera sal\u00e9e\u201d , spectacle des stagiaires du centre des arts du cirque Balthazar, les 17, 18 et 19\u00a0d\u00e9cembre, sous chapiteau, \u00e0 Montpellier. <a href=\"https:\/\/www.domainedo.fr\/\" target=\"_self\" rel=\"noopener\">domainedo.fr<\/a><\/p>\n","protected":false},"excerpt":{"rendered":"Le d\u00e9part de Jean Varela de la direction g\u00e9n\u00e9rale du Domaine d\u2019O, europ\u00e9enne du th\u00e9\u00e2tre et des arts&hellip;\n","protected":false},"author":2,"featured_media":595730,"comment_status":"","ping_status":"","sticky":false,"template":"","format":"standard","meta":{"footnotes":""},"categories":[9599],"tags":[1111,11,872,1777,674,1011,27,7089,2208,12,2680,25,4698],"class_list":{"0":"post-595729","1":"post","2":"type-post","3":"status-publish","4":"format-standard","5":"has-post-thumbnail","7":"category-montpellier","8":"tag-actu","9":"tag-actualites","10":"tag-culture-et-loisirs","11":"tag-eu","12":"tag-europe","13":"tag-fr","14":"tag-france","15":"tag-herault","16":"tag-montpellier","17":"tag-news","18":"tag-occitanie","19":"tag-republique-francaise","20":"tag-thu00e9u00e2tre"},"share_on_mastodon":{"url":"https:\/\/pubeurope.com\/@fr\/115709018366389891","error":""},"_links":{"self":[{"href":"https:\/\/www.europesays.com\/fr\/wp-json\/wp\/v2\/posts\/595729","targetHints":{"allow":["GET"]}}],"collection":[{"href":"https:\/\/www.europesays.com\/fr\/wp-json\/wp\/v2\/posts"}],"about":[{"href":"https:\/\/www.europesays.com\/fr\/wp-json\/wp\/v2\/types\/post"}],"author":[{"embeddable":true,"href":"https:\/\/www.europesays.com\/fr\/wp-json\/wp\/v2\/users\/2"}],"replies":[{"embeddable":true,"href":"https:\/\/www.europesays.com\/fr\/wp-json\/wp\/v2\/comments?post=595729"}],"version-history":[{"count":0,"href":"https:\/\/www.europesays.com\/fr\/wp-json\/wp\/v2\/posts\/595729\/revisions"}],"wp:featuredmedia":[{"embeddable":true,"href":"https:\/\/www.europesays.com\/fr\/wp-json\/wp\/v2\/media\/595730"}],"wp:attachment":[{"href":"https:\/\/www.europesays.com\/fr\/wp-json\/wp\/v2\/media?parent=595729"}],"wp:term":[{"taxonomy":"category","embeddable":true,"href":"https:\/\/www.europesays.com\/fr\/wp-json\/wp\/v2\/categories?post=595729"},{"taxonomy":"post_tag","embeddable":true,"href":"https:\/\/www.europesays.com\/fr\/wp-json\/wp\/v2\/tags?post=595729"}],"curies":[{"name":"wp","href":"https:\/\/api.w.org\/{rel}","templated":true}]}}