{"id":595739,"date":"2025-12-12T22:48:16","date_gmt":"2025-12-12T22:48:16","guid":{"rendered":"https:\/\/www.europesays.com\/fr\/595739\/"},"modified":"2025-12-12T22:48:16","modified_gmt":"2025-12-12T22:48:16","slug":"pro-d2-cest-trop-difficile-de-remonter-20-ou-30-points-tous-les-matchs-souffle-julien-farnoux-apres-la-defaite-de-grenoble-contre-valence-romans","status":"publish","type":"post","link":"https:\/\/www.europesays.com\/fr\/595739\/","title":{"rendered":"Pro D2 &#8211; \u00ab\u00a0C&rsquo;est trop difficile de remonter 20 ou 30 points tous les matchs\u00a0\u00bb souffle Julien Farnoux apr\u00e8s la d\u00e9faite de Grenoble contre Valence-Romans"},"content":{"rendered":"<p>\n                Julien Farnoux et les Grenoblois ont \u00e9t\u00e9 pris \u00e0 Vamence-Romans et subissent une nouvelle d\u00e9convenue. L&rsquo;arri\u00e8re du FCG regrette les largesses d\u00e9fensives de son \u00e9quipe.\n            <\/p>\n<p align=\"justify\" class=\"western\"><strong>C\u2019est une nouvelle d\u00e9faite ce soir pour votre \u00e9quipe. Qu\u2019est-ce qui vous a manqu\u00e9 pour rivaliser et s\u2019imposer \u00e0 Valence Romans ?<\/strong><\/p>\n<p align=\"justify\" class=\"western\">Sur la totalit\u00e9 du match, on a \u00e9t\u00e9 trop sous pression. On a \u00e9t\u00e9 priv\u00e9 de munitions, on n&rsquo;arrivait pas \u00e0 tenir le ballon et on ne l&rsquo;avait pas souvent. On a beaucoup d\u00e9fendu beaucoup et on finit par l\u00e2cher. Je pense qu&rsquo;\u00e0 l&rsquo;heure d&rsquo;aujourd&rsquo;hui, on est malheureusement \u00e0 notre place. Il va falloir vraiment continuer \u00e0 travailler, ne pas l\u00e2cher, rester ensemble. On est \u00e0 la mi-championnat et on n&rsquo;a pas le droit de l\u00e2cher maintenant. Il y a eu un peu de mieux quand on a eu le ballon. On a r\u00e9ussi \u00e0 faire des mouvements plut\u00f4t sympas. Malheureusement, on est inoffensif, on ne marque pas assez. On a \u00e9t\u00e9 domin\u00e9 par une tr\u00e8s belle \u00e9quipe de Valence Romans. A l&rsquo;heure d&rsquo;aujourd&rsquo;hui, ils sont sup\u00e9rieurs \u00e0 nous. Il faut savoir l&rsquo;accepter et travailler pour recoller. Je pense que ce serait se mentir que de se dire que ce soir, on a \u00e9t\u00e9 au niveau. Maintenant, il faut savoir pourquoi et continuer \u00e0 travailler pour pr\u00e9parer la r\u00e9ception de Dax.<\/p>\n<p align=\"justify\" class=\"western\"><strong>Vous avez encaiss\u00e9 des essais en d\u00e9but de chaque mi-temps qui vous ont fait mal \u00e0 la t\u00eate. C\u2019est d\u00e9j\u00e0 la huiti\u00e8me d\u00e9faite du FCG cette saison. Avez-vous des regrets ?<\/strong><\/p>\n<p align=\"justify\" class=\"western\">Clairement, on est dans le dur, on ne s\u2019en cache pas. Mais encore une fois, je le r\u00e9p\u00e8te, il ne faut vraiment pas que le groupe l\u00e2che. Au bout d&rsquo;un moment, \u00e7a va tourner. On va avoir un point de bascule, un d\u00e9clic o\u00f9 je suis persuad\u00e9 qu&rsquo;on va remettre la marche en avant. On n\u2019est qu&rsquo;\u00e0 la mi-championnat, il va se passer encore beaucoup de choses mais c&rsquo;est vraiment primordial qu&rsquo;on continue \u00e0 y croire. Effectivement, ce qui me d\u00e9range ce sont les moments o\u00f9 nous avons conc\u00e9d\u00e9 des essais. On avait dit qu&rsquo;il fallait qu&rsquo;on enclenche bien les d\u00e9buts de p\u00e9riode et on est compl\u00e8tement pass\u00e9 \u00e0 c\u00f4t\u00e9, donc \u00e7a ce sont des signaux qui m&rsquo;alertent et me d\u00e9rangent un peu plus.\u00a0<\/p>\n<p align=\"justify\" class=\"western\"><strong>Lesquels ?<\/strong><\/p>\n<p align=\"justify\" class=\"western\">Quand on rentre au vestiaire, \u00e0 moins 8 et qu&rsquo;on dit qu&rsquo;il faut faire un gros d\u00e9but de deuxi\u00e8me p\u00e9riode et qu&rsquo;on prend cet essai trop facilement, ce sont des choses qui me d\u00e9rangent, et sur lesquelles il y a un levier autre que le rugby \u00e0 aller chercher. Je pense qu&rsquo;il faut vraiment qu&rsquo;on se concentre l\u00e0-dessus, d\u00e9j\u00e0, premi\u00e8rement, parce que la construction des matchs passe par l\u00e0. On ne peut rien faire si on encaisse trop de points facilement d\u00e8s le d\u00e9but. Apr\u00e8s, c&rsquo;est trop difficile de remonter 20 ou 30 points tous les matchs.<\/p>\n","protected":false},"excerpt":{"rendered":"Julien Farnoux et les Grenoblois ont \u00e9t\u00e9 pris \u00e0 Vamence-Romans et subissent une nouvelle d\u00e9convenue. L&rsquo;arri\u00e8re du FCG&hellip;\n","protected":false},"author":2,"featured_media":595740,"comment_status":"","ping_status":"","sticky":false,"template":"","format":"standard","meta":{"footnotes":""},"categories":[9566],"tags":[1111,11,2430,1777,674,1011,27,2731,12,2308,25,68796],"class_list":{"0":"post-595739","1":"post","2":"type-post","3":"status-publish","4":"format-standard","5":"has-post-thumbnail","7":"category-grenoble","8":"tag-actu","9":"tag-actualites","10":"tag-auvergne-rhone-alpes","11":"tag-eu","12":"tag-europe","13":"tag-fr","14":"tag-france","15":"tag-grenoble","16":"tag-news","17":"tag-pro-d2","18":"tag-republique-francaise","19":"tag-rugby-u00e0-xv"},"share_on_mastodon":{"url":"","error":""},"_links":{"self":[{"href":"https:\/\/www.europesays.com\/fr\/wp-json\/wp\/v2\/posts\/595739","targetHints":{"allow":["GET"]}}],"collection":[{"href":"https:\/\/www.europesays.com\/fr\/wp-json\/wp\/v2\/posts"}],"about":[{"href":"https:\/\/www.europesays.com\/fr\/wp-json\/wp\/v2\/types\/post"}],"author":[{"embeddable":true,"href":"https:\/\/www.europesays.com\/fr\/wp-json\/wp\/v2\/users\/2"}],"replies":[{"embeddable":true,"href":"https:\/\/www.europesays.com\/fr\/wp-json\/wp\/v2\/comments?post=595739"}],"version-history":[{"count":0,"href":"https:\/\/www.europesays.com\/fr\/wp-json\/wp\/v2\/posts\/595739\/revisions"}],"wp:featuredmedia":[{"embeddable":true,"href":"https:\/\/www.europesays.com\/fr\/wp-json\/wp\/v2\/media\/595740"}],"wp:attachment":[{"href":"https:\/\/www.europesays.com\/fr\/wp-json\/wp\/v2\/media?parent=595739"}],"wp:term":[{"taxonomy":"category","embeddable":true,"href":"https:\/\/www.europesays.com\/fr\/wp-json\/wp\/v2\/categories?post=595739"},{"taxonomy":"post_tag","embeddable":true,"href":"https:\/\/www.europesays.com\/fr\/wp-json\/wp\/v2\/tags?post=595739"}],"curies":[{"name":"wp","href":"https:\/\/api.w.org\/{rel}","templated":true}]}}