{"id":595745,"date":"2025-12-12T22:51:15","date_gmt":"2025-12-12T22:51:15","guid":{"rendered":"https:\/\/www.europesays.com\/fr\/595745\/"},"modified":"2025-12-12T22:51:15","modified_gmt":"2025-12-12T22:51:15","slug":"la-wantzenau-6-000-euros-recoltes-pour-lutter-contre-le-cancer","status":"publish","type":"post","link":"https:\/\/www.europesays.com\/fr\/595745\/","title":{"rendered":"La Wantzenau. 6\u00a0000\u00a0euros r\u00e9colt\u00e9s pour lutter contre le cancer"},"content":{"rendered":"<p>La course d\u2019Octobre rose \u201cLa Wantzenauvienne\u201d, qui a rassembl\u00e9 1\u00a0500 coureurs le 12\u00a0octobre, a permis de r\u00e9colter la somme de 6\u00a0000\u00a0euros. <\/p>\n<p>Le b\u00e9n\u00e9fice de la manifestation a \u00e9t\u00e9 partag\u00e9 entre deux associations : La Ligue contre le cancer 67 (4\u00a0000\u00a0euros), investie dans la pr\u00e9vention et l\u2019aide aux malades, et Franck, un rayon de soleil (2\u00a0000\u00a0euros), qui soutient les jeunes atteints du cancer.<\/p>\n","protected":false},"excerpt":{"rendered":"La course d\u2019Octobre rose \u201cLa Wantzenauvienne\u201d, qui a rassembl\u00e9 1\u00a0500 coureurs le 12\u00a0octobre, a permis de r\u00e9colter la&hellip;\n","protected":false},"author":2,"featured_media":595746,"comment_status":"","ping_status":"","sticky":false,"template":"","format":"standard","meta":{"footnotes":""},"categories":[2820],"tags":[1111,11,2880,1777,674,1011,27,775,9440,12,25,104,640,3265,1631],"class_list":{"0":"post-595745","1":"post","2":"type-post","3":"status-publish","4":"format-standard","5":"has-post-thumbnail","7":"category-strasbourg","8":"tag-actu","9":"tag-actualites","10":"tag-edition-strasbourg","11":"tag-eu","12":"tag-europe","13":"tag-fr","14":"tag-france","15":"tag-grand-est","16":"tag-la-wantzenau","17":"tag-news","18":"tag-republique-francaise","19":"tag-societe","20":"tag-strasbourg","21":"tag-strasbourg-nord","22":"tag-vie-associative"},"share_on_mastodon":{"url":"https:\/\/pubeurope.com\/@fr\/115709049934550964","error":""},"_links":{"self":[{"href":"https:\/\/www.europesays.com\/fr\/wp-json\/wp\/v2\/posts\/595745","targetHints":{"allow":["GET"]}}],"collection":[{"href":"https:\/\/www.europesays.com\/fr\/wp-json\/wp\/v2\/posts"}],"about":[{"href":"https:\/\/www.europesays.com\/fr\/wp-json\/wp\/v2\/types\/post"}],"author":[{"embeddable":true,"href":"https:\/\/www.europesays.com\/fr\/wp-json\/wp\/v2\/users\/2"}],"replies":[{"embeddable":true,"href":"https:\/\/www.europesays.com\/fr\/wp-json\/wp\/v2\/comments?post=595745"}],"version-history":[{"count":0,"href":"https:\/\/www.europesays.com\/fr\/wp-json\/wp\/v2\/posts\/595745\/revisions"}],"wp:featuredmedia":[{"embeddable":true,"href":"https:\/\/www.europesays.com\/fr\/wp-json\/wp\/v2\/media\/595746"}],"wp:attachment":[{"href":"https:\/\/www.europesays.com\/fr\/wp-json\/wp\/v2\/media?parent=595745"}],"wp:term":[{"taxonomy":"category","embeddable":true,"href":"https:\/\/www.europesays.com\/fr\/wp-json\/wp\/v2\/categories?post=595745"},{"taxonomy":"post_tag","embeddable":true,"href":"https:\/\/www.europesays.com\/fr\/wp-json\/wp\/v2\/tags?post=595745"}],"curies":[{"name":"wp","href":"https:\/\/api.w.org\/{rel}","templated":true}]}}