{"id":595747,"date":"2025-12-12T22:52:16","date_gmt":"2025-12-12T22:52:16","guid":{"rendered":"https:\/\/www.europesays.com\/fr\/595747\/"},"modified":"2025-12-12T22:52:16","modified_gmt":"2025-12-12T22:52:16","slug":"marche-de-noel-de-strasbourg-ou-de-colmar-lequel-vaut-plus-le-coup","status":"publish","type":"post","link":"https:\/\/www.europesays.com\/fr\/595747\/","title":{"rendered":"March\u00e9 de No\u00ebl de Strasbourg ou de Colmar ? Lequel vaut plus le coup ?"},"content":{"rendered":"<p><strong>Il est l\u2019un des plus anciens march\u00e9s de No\u00ebl d\u2019Europe<\/strong>, puisqu\u2019il existe, en partie, depuis 1570. Et se d\u00e9roule chaque ann\u00e9e dans le centre historique <a href=\"https:\/\/www.public.fr\/strasbourg-experimente-un-conge-pour-la-menopause-une-avancee-majeure-pour-les-femmes\" target=\"_blank\" rel=\"noopener\">de Strasbourg<\/a>, autour de la Cath\u00e9drale Notre-Dame et de plusieurs grandes places de la ville. \u00a0<\/p>\n<p>Strasbourg porte d\u2019ailleurs fi\u00e8rement le surnom de <strong>\u00ab Capitale de No\u00ebl \u00bb<\/strong> tant l\u2019\u00e9v\u00e9nement fait partie de l\u2019identit\u00e9 culturelle et festive de la ville.<\/p>\n<p>La ville propose une s\u00e9lection de produits artisanaux, de d\u00e9corations faites main, de sp\u00e9cialit\u00e9s locales comme les bredeles (petits biscuits de No\u00ebl), des produits du terroir et des id\u00e9es cadeaux uniques \u2014 bien loin du \u00ab made in China \u00bb qu\u2019on trouve parfois ailleurs.<\/p>\n<p>Ce que vous devez absolument tester \u00e0 Strasbourg<\/p>\n<p>Ce qu\u2019il faut absolument tester ? Le Vin chaud (vin chaud) parfum\u00e9 aux \u00e9pices \u00e9videmment. Les Bretzels g\u00e9ants. La Flammekueche. La Munstifette, une tartiflette version Munster. Les Sp\u00e4tzle gratin\u00e9s : p\u00e2tes alsaciennes gratin\u00e9es au fromage. Le Maenele (Mannele) : brioche en forme de petit bonhomme, typique de la Saint-Nicolas. Les Roestis : galettes de pommes de terre, parfois garnies fromage \/ lardons \/ cr\u00e8me. Le Pain d\u2019\u00e9pices de Gertwiller : un incontournable, parfum\u00e9 et moelleux. Le Kouglof : brioche alsacienne aux raisins et amandes. Les Gaufres traditionnelles : souvent g\u00e9n\u00e9reusement garnies.<\/p>\n<p>Et ce n\u2019est pas seulement un march\u00e9. Concerts de No\u00ebl, expositions, illuminations, activit\u00e9s pour enfants, et \u00e9v\u00e9nements festifs s\u2019encha\u00eenent tout au long de l\u2019Avent. L\u2019ambiance se m\u00eale \u00e0 la culture locale et \u00e0 l\u2019Histoire de la ville, cr\u00e9ant une exp\u00e9rience plus profonde que l\u2019image classique d\u2019un \u00ab march\u00e9 de No\u00ebl \u00bb.<\/p>\n<p>C\u00f4t\u00e9 h\u00e9bergement, les nombreux h\u00f4tels de la ville affichent souvent complets \u00e0 l\u2019approche de cette grande manifestation dont le rayonnement est international. En 2024, le March\u00e9 de No\u00ebl de Strasbourg a battu un nouveau record de fr\u00e9quentation avec environ 3,4 millions de visiteurs durant toute la p\u00e9riode des march\u00e9s (fin novembre \u00e0 fin d\u00e9cembre). C\u2019est une l\u00e9g\u00e8re progression par rapport \u00e0 2023 (qui avait attir\u00e9 environ 3,3 millions).<\/p>\n<p>Pensez plut\u00f4t \u00e0 des solutions type <a href=\"https:\/\/www.airbnb.fr\/?c=.pi0.pk90572135_4063331735&amp;gclsrc=aw.ds&amp;&amp;c=.pi0.pk90572135_4063331735&amp;localized_ghost=true&amp;gad_source=1&amp;gad_campaignid=90572135&amp;gbraid=0AAAAADz55LkBgOIhzMBzLi1e7J12ddWYu\" target=\"_blank\" rel=\"noopener\">Airbnb<\/a> ou mieux encore \u00e0 <a href=\"https:\/\/travel.hostnfly.com\/\" target=\"_blank\" rel=\"noopener\">HostnFly<\/a>, un site qui permet de vous trouver en un rien de temps, un logement digne de ce nom \u00e0 deux pas de ce rendez-vous \u00e0 ne surtout pas manquer.\u00a0<\/p>\n<p>Note de la r\u00e9daction : 8,75\/ 10\u00a0<\/p>\n<p>Et Colmar dans tout \u00e7a ? <\/p>\n<p><a href=\"https:\/\/www.public.fr\/colmar-un-condense-d-alsace\" target=\"_blank\" rel=\"noopener\">Chaque hiver, Colmar<\/a> \u2014 petite ville historique du Haut-Rhin \u2014 se transforme, elle aussi, en un v\u00e9ritable village de No\u00ebl enchant\u00e9. Et rivalise avec Strasbourg.\u00a0 Ses march\u00e9s de No\u00ebl sont r\u00e9partis dans plusieurs places pittoresques du centre-ville, autour de maisons \u00e0 colombages et de canaux qui refl\u00e8tent les lumi\u00e8res festives. Pour l\u2019\u00e9dition 2023-2024, le March\u00e9 de No\u00ebl de Colmar a attir\u00e9 environ 1,5 million de visiteurs sur toute la p\u00e9riode (fin novembre \u00e0 fin d\u00e9cembre), un chiffre en progression par rapport aux ann\u00e9es pr\u00e9c\u00e9dentes.\u00a0<\/p>\n<p>Colmar ressemble \u00e0 un village m\u00e9di\u00e9val sorti d\u2019un conte : canaux, ruelles pav\u00e9es, maisons \u00e0 colombages illumin\u00e9es\u2026 L\u2019ambiance est intime, chaleureuse et tr\u00e8s photog\u00e9nique, id\u00e9ale pour vivre l\u2019esprit des f\u00eates de fin d\u2019ann\u00e9e.\u00a0 \u00c0 faire \u00e0 tout prix pour les amoureux de No\u00ebl : Place des Dominicains, Place Jeanne d\u2019Arc, Place de l\u2019Ancienne Douane.\u00a0<\/p>\n<p>M\u00eame si Colmar garde un charme absolu et vous captive, Strasbourg reste pour nous le plus fou des march\u00e9s de No\u00ebl. Plus de chalets, plus de zones anim\u00e9es, plus d\u2019\u00e9v\u00e9nements, plus d\u2019ambiance g\u00e9n\u00e9rale.\u00a0<\/p>\n<p>Note de la r\u00e9daction : 7,5\/10<\/p>\n<p><strong>La R\u00e9daction<\/strong><\/p>\n<p>\n          Hits &amp; People en continu\n        <\/p>\n<p>\n          Public Radio\n        <\/p>\n<p>      Mentionn\u00e9s dans cet article<\/p>\n<p>      Sur le m\u00eame sujet<\/p>\n","protected":false},"excerpt":{"rendered":"Il est l\u2019un des plus anciens march\u00e9s de No\u00ebl d\u2019Europe, puisqu\u2019il existe, en partie, depuis 1570. Et se&hellip;\n","protected":false},"author":2,"featured_media":595748,"comment_status":"","ping_status":"","sticky":false,"template":"","format":"standard","meta":{"footnotes":""},"categories":[2820],"tags":[1111,11,1777,674,1011,27,775,2089,12,15830,25,640],"class_list":{"0":"post-595747","1":"post","2":"type-post","3":"status-publish","4":"format-standard","5":"has-post-thumbnail","7":"category-strasbourg","8":"tag-actu","9":"tag-actualites","10":"tag-eu","11":"tag-europe","12":"tag-fr","13":"tag-france","14":"tag-grand-est","15":"tag-marche","16":"tag-news","17":"tag-noel","18":"tag-republique-francaise","19":"tag-strasbourg"},"share_on_mastodon":{"url":"https:\/\/pubeurope.com\/@fr\/115709053893200512","error":""},"_links":{"self":[{"href":"https:\/\/www.europesays.com\/fr\/wp-json\/wp\/v2\/posts\/595747","targetHints":{"allow":["GET"]}}],"collection":[{"href":"https:\/\/www.europesays.com\/fr\/wp-json\/wp\/v2\/posts"}],"about":[{"href":"https:\/\/www.europesays.com\/fr\/wp-json\/wp\/v2\/types\/post"}],"author":[{"embeddable":true,"href":"https:\/\/www.europesays.com\/fr\/wp-json\/wp\/v2\/users\/2"}],"replies":[{"embeddable":true,"href":"https:\/\/www.europesays.com\/fr\/wp-json\/wp\/v2\/comments?post=595747"}],"version-history":[{"count":0,"href":"https:\/\/www.europesays.com\/fr\/wp-json\/wp\/v2\/posts\/595747\/revisions"}],"wp:featuredmedia":[{"embeddable":true,"href":"https:\/\/www.europesays.com\/fr\/wp-json\/wp\/v2\/media\/595748"}],"wp:attachment":[{"href":"https:\/\/www.europesays.com\/fr\/wp-json\/wp\/v2\/media?parent=595747"}],"wp:term":[{"taxonomy":"category","embeddable":true,"href":"https:\/\/www.europesays.com\/fr\/wp-json\/wp\/v2\/categories?post=595747"},{"taxonomy":"post_tag","embeddable":true,"href":"https:\/\/www.europesays.com\/fr\/wp-json\/wp\/v2\/tags?post=595747"}],"curies":[{"name":"wp","href":"https:\/\/api.w.org\/{rel}","templated":true}]}}