{"id":595749,"date":"2025-12-12T22:53:12","date_gmt":"2025-12-12T22:53:12","guid":{"rendered":"https:\/\/www.europesays.com\/fr\/595749\/"},"modified":"2025-12-12T22:53:12","modified_gmt":"2025-12-12T22:53:12","slug":"nice-cambriolages-en-serie-dans-ce-quartier-plusieurs-enquetes-ouvertes","status":"publish","type":"post","link":"https:\/\/www.europesays.com\/fr\/595749\/","title":{"rendered":"Nice. Cambriolages en s\u00e9rie dans ce quartier, plusieurs enqu\u00eates ouvertes"},"content":{"rendered":"<p>                    Par<br \/>\n        <strong><br \/>\n            <a href=\"https:\/\/actu.fr\/auteur\/arthur-frand\" title=\"Consulter tous les articles de Arthur Frand\" target=\"_blank\" rel=\"noopener\">Arthur Frand<\/a><br \/>\n                    <\/strong><\/p>\n<p>        Publi\u00e9 le<\/p>\n<p>            12 d\u00e9c. 2025 \u00e0 16h47<br \/>\n        ; mis \u00e0 jour le 12 d\u00e9c. 2025 \u00e0 16h48    <\/p>\n<p><strong>INFO ACTU NICE.<\/strong> Depuis plus d\u2019un mois, les habitants du quartier Cr\u00e9mat \u00e0 <a href=\"https:\/\/actu.fr\/nice\/\" target=\"_blank\" rel=\"noopener\">Nice<\/a>, dans les <a href=\"https:\/\/actu.fr\/provence-alpes-cote-d-azur\/alpes-maritimes_06\" target=\"_blank\" rel=\"noopener\">Alpes-Maritimes<\/a> doivent composer avec <strong>des individus mal intentionn\u00e9s<\/strong>.<\/p>\n<p>    <a href=\"https:\/\/www.google.com\/maps\/embed?pb=!1m18!1m12!1m3!1d69127.34911991007!2d7.230455854939215!3d43.71968300554503!2m3!1f0!2f0!3f0!3m2!1i1024!2i768!4f13.1!3m3!1m2!1s0x12cdce3b780b1fdd%3A0x3964dc215ce2af76!2sCr%C3%A9mat%2C%2006200%20Nice!5e0!3m2!1sfr!2sfr!4v1765554156684!5m2!1sfr!2sfr\" title=\"Ouvrie le lien\" target=\"_blank\" rel=\"noopener\">Cliquez ici pour visualiser le contenu<\/a><\/p>\n<p class=\" wall-content\">En effet, <strong>plusieurs cambriolages<\/strong> ont eu lieu dans le secteur ces derniers temps. C\u2019est ce que confirme le parquet de Nice \u00e0 actu Nice, ce vendredi 12\u00a0d\u00e9cembre 2025.<\/p>\n<p>\u00ab\u2009Cinq faits de cambriolages\u2009\u00bb<\/p>\n<p class=\" wall-content\">\u00ab\u2009Cinq faits de cambriolages, faisant l\u2019objet de proc\u00e9dures distinctes, sont intervenus dans le secteur concern\u00e9 depuis le d\u00e9but du mois de novembre\u2009\u00bb, nous pr\u00e9cise le parquet de Nice.<\/p>\n<p class=\" wall-content\">Ces cambriolages rapproch\u00e9s ont-ils \u00e9t\u00e9 effectu\u00e9s par les m\u00eames individus\u2009? C\u2019est ce que <strong>cherche \u00e0 \u00e9tablir<\/strong> la justice.\u00a0Plusieurs enqu\u00eates, diligent\u00e9es par le SLPJ de Nice, sont en cours \u00ab\u2009pour identifier les auteurs et d\u00e9termin\u00e9s un \u00e9ventuel lien entre ces faits.\u2009\u00bb<\/p>\n<p>Le comit\u00e9 de quartier appelle \u00e0 la vigilance<\/p>\n<p class=\" wall-content\">Cette information fait \u00e9cho aux <strong>craintes r\u00e9p\u00e9t\u00e9es des habitants<\/strong> du secteur Cr\u00e9mat, dans les collines ni\u00e7oises. Le comit\u00e9 de quartier avait signal\u00e9 un cambriolage le 4 d\u00e9cembre puis un autre le 7 d\u00e9cembre, en plein apr\u00e8s-midi entre 15h30 et 17h30, chemin de Cr\u00e9mat. Le comit\u00e9 de quartier appelait \u00e0 la vigilance.<\/p>\n<p class=\" wall-content\">Des patrouilles suppl\u00e9mentaires ont ensuite \u00e9t\u00e9 mises en place.<\/p>\n<p class=\" wall-content\"><strong>Avec Ugo Maillard<\/strong><\/p>\n<p class=\" wall-content\">Personnalisez votre actualit\u00e9 en ajoutant vos villes et m\u00e9dias en favori avec <a href=\"https:\/\/moncompte.actu.fr\" title=\"D\u00e9couvez Mon Actu\" rel=\"nofollow noopener\" data-trk=\"{&quot;cta&quot;:{&quot;action&quot;:&quot;https:\\\/\\\/moncompte.actu.fr&quot;,&quot;category&quot;:&quot;mon compte&quot;,&quot;from&quot;:&quot;article footer&quot;,&quot;name&quot;:&quot;Mon actu&quot;,&quot;type&quot;:&quot;cta&quot;}}\" target=\"_blank\">Mon Actu<\/a>.<\/p>\n","protected":false},"excerpt":{"rendered":"Par Arthur Frand Publi\u00e9 le 12 d\u00e9c. 2025 \u00e0 16h47 ; mis \u00e0 jour le 12 d\u00e9c. 2025&hellip;\n","protected":false},"author":2,"featured_media":595750,"comment_status":"","ping_status":"","sticky":false,"template":"","format":"standard","meta":{"footnotes":""},"categories":[2819],"tags":[1111,11,1174,1777,674,1011,27,303,12,2401,1072,882,25,104],"class_list":{"0":"post-595749","1":"post","2":"type-post","3":"status-publish","4":"format-standard","5":"has-post-thumbnail","7":"category-nice","8":"tag-actu","9":"tag-actualites","10":"tag-cambriolage","11":"tag-eu","12":"tag-europe","13":"tag-fr","14":"tag-france","15":"tag-justice","16":"tag-news","17":"tag-nice","18":"tag-police","19":"tag-provence-alpes-cote-dazur","20":"tag-republique-francaise","21":"tag-societe"},"share_on_mastodon":{"url":"https:\/\/pubeurope.com\/@fr\/115709057651635374","error":""},"_links":{"self":[{"href":"https:\/\/www.europesays.com\/fr\/wp-json\/wp\/v2\/posts\/595749","targetHints":{"allow":["GET"]}}],"collection":[{"href":"https:\/\/www.europesays.com\/fr\/wp-json\/wp\/v2\/posts"}],"about":[{"href":"https:\/\/www.europesays.com\/fr\/wp-json\/wp\/v2\/types\/post"}],"author":[{"embeddable":true,"href":"https:\/\/www.europesays.com\/fr\/wp-json\/wp\/v2\/users\/2"}],"replies":[{"embeddable":true,"href":"https:\/\/www.europesays.com\/fr\/wp-json\/wp\/v2\/comments?post=595749"}],"version-history":[{"count":0,"href":"https:\/\/www.europesays.com\/fr\/wp-json\/wp\/v2\/posts\/595749\/revisions"}],"wp:featuredmedia":[{"embeddable":true,"href":"https:\/\/www.europesays.com\/fr\/wp-json\/wp\/v2\/media\/595750"}],"wp:attachment":[{"href":"https:\/\/www.europesays.com\/fr\/wp-json\/wp\/v2\/media?parent=595749"}],"wp:term":[{"taxonomy":"category","embeddable":true,"href":"https:\/\/www.europesays.com\/fr\/wp-json\/wp\/v2\/categories?post=595749"},{"taxonomy":"post_tag","embeddable":true,"href":"https:\/\/www.europesays.com\/fr\/wp-json\/wp\/v2\/tags?post=595749"}],"curies":[{"name":"wp","href":"https:\/\/api.w.org\/{rel}","templated":true}]}}