{"id":595755,"date":"2025-12-12T22:57:15","date_gmt":"2025-12-12T22:57:15","guid":{"rendered":"https:\/\/www.europesays.com\/fr\/595755\/"},"modified":"2025-12-12T22:57:15","modified_gmt":"2025-12-12T22:57:15","slug":"on-na-pas-vu-une-equipe-qui-voulait-se-maintenir-lappel-urgent-danthony-lopes-apres-la-debacle-des-canaris","status":"publish","type":"post","link":"https:\/\/www.europesays.com\/fr\/595755\/","title":{"rendered":"\u00ab\u00a0On n&rsquo;a pas vu une \u00e9quipe qui voulait se maintenir\u00a0\u00bb, l&rsquo;appel urgent d&rsquo;Anthony Lopes apr\u00e8s la d\u00e9b\u00e2cle des Canaris"},"content":{"rendered":"<p>Pour le premier match sur le banc d&rsquo;Ahmed Kantari, le FC Nantes a affich\u00e9 ses carence habituelles et chut\u00e9 aussi lourdement que logiquement \u00e0 Angers (4-1) ce vendredi soir en ouverture de la 16e journ\u00e9e de Ligue 1. Face \u00e0 la situation de plus en plus urgente, Anthony Lopes tire la sonnette d&rsquo;alarme.<\/p>\n<p>L&rsquo;\u00e9lectrochoc n&rsquo;est pas encore pour tout de suite. Pour le premier match sur le banc d&rsquo;Ahmed Kantari, <a href=\"https:\/\/rmcsport.bfmtv.com\/football\/ligue-1\/direct-angers-nantes-suivez-le-match-d-ouverture-de-la-16e-journee-de-ligue-1-en-live_LS-202512120747.html\" title=\"Angers-Nantes: les Canaris balay\u00e9s dans le derby, premi\u00e8re sal\u00e9e pour Kantari\" class=\"internal_link\" target=\"_blank\" rel=\"noopener\">le FC Nantes a chut\u00e9 lourdement \u00e0 Angers (4-1)<\/a> vendredi soir en ouverture de la 16e journ\u00e9e de Ligue 1. Une nouvelle d\u00e9faite, la neuvi\u00e8me de la saison, qui laisse les Canaris \u00e0 une inqui\u00e9tante 17e place avec 11 points, autant que la lanterne rouge Metz, et passera la tr\u00eave en position de rel\u00e9gable quels que soient les autres r\u00e9sultats du week-end.<\/p>\n<p>\u00c0 l&rsquo;issue d&rsquo;une folle semaine, <a href=\"https:\/\/rmcsport.bfmtv.com\/football\/ligue-1\/un-coach-vire-en-ligue-1-luis-castro-prend-la-porte-au-fc-nantes_AV-202512100893.html\" title=\"Un coach vir\u00e9 en Ligue 1: Luis Castro prend la porte au FC Nantes, son rempla\u00e7ant est connu\" class=\"internal_link\" target=\"_blank\" rel=\"noopener\">au cours de laquelle Luis Castro a pris la porte<\/a>, Ahmed Kantari a donc tent\u00e9 d&rsquo;imposer ses premi\u00e8res id\u00e9es, seulement 48 heures apr\u00e8s son arriv\u00e9e. Nouveau syst\u00e8me (4-4-2), nouveaux joueurs (Centonze, Benhattab), mais m\u00eame r\u00e9sultat: z\u00e9ro point.<\/p>\n<p>\u00ab\u00a0Il y a une grosse frustration. On avait la place pour faire quelque chose de mieux. Aujourd&rsquo;hui, on a vu une \u00e9quipe qui avait l&rsquo;objectif de se maintenir. On a fait une \u00e9quipe qui veut se maintenir. Aujourd&rsquo;hui, nous, on a fait un match de foot. Ce n&rsquo;est pas pour taper sur qui que ce soit mais on n&rsquo;a pas vu une \u00e9quipe qui voulait se maintenir. Il n&rsquo;y a pas grand chose \u00e0 dire. Il n&rsquo;y a pas grand discours \u00e0 faire. Il faut se remettre la t\u00eate \u00e0 l&rsquo;endroit. On a un match de coupe le week-end prochain. On est dans l&rsquo;urgence, extr\u00eame peut-\u00eatre\u00a0\u00bb, a avou\u00e9 Anthony Lopes sur Ligue 1+.<\/p>\n<p>\u00ab\u00a0Il va nous falloir du monde\u00a0\u00bb<\/p>\n<p>L&rsquo;ancien Lyonnais (35 ans), \u00e9l\u00e9ment de l&rsquo;effectif le plus exp\u00e9riment\u00e9, a d\u00e9nonc\u00e9 l&rsquo;absence \u00ab\u00a0d&rsquo;agressivit\u00e9, d&rsquo;impact physique\u00a0\u00bb: \u00ab\u00a0Sur le deuxi\u00e8me but (&#8230;) mettre le pied parfois \u00e7a fait du bien. \u00c7a envoie un message \u00e0 l&rsquo;adversaire. Il y a des choses \u00e0 mettre en place.\u00a0\u00bb<\/p>\n<p>La patte <a href=\"https:\/\/rmcsport.bfmtv.com\/football\/ligue-1\/gentil-meneur-et-parfois-sanguin-qui-est-ahmed-kantari-le-nouvel-entraineur-qui-doit-sauver-le-fc-nantes_AV-202512110867.html\" title=\"Gentil, meneur et parfois sanguin, qui est Ahmed Kantari, le nouvel entra\u00eeneur qui doit sauver le FC Nantes?\" class=\"internal_link\" target=\"_blank\" rel=\"noopener\">Ahmed Kantari<\/a> s&rsquo;est-elle faite ressentir ce vendredi \u00e0 Raymond-Kopa? Pour Anthony Lopes, \u00ab\u00a0c&rsquo;est impossible de tout changer en 48h\u00a0\u00bb. \u00ab\u00a0On est des humains, on doit se remettre la t\u00eate \u00e0 l&rsquo;endroit. Les premiers mots, c&rsquo;est de faire quelque chose la veille de match, de travailler des principes. Il a insist\u00e9 sur l&rsquo;impact physique, mais aujourd&rsquo;hui, il n&rsquo;y avait pas assez d&rsquo;impact physique pour esp\u00e9rer quoi que ce soit.\u00a0\u00bb Le gardien envoie \u00e9galement un message \u00e0 ses dirigeants pour le mercato hivernal. \u00ab\u00a0Il va nous falloir du monde. Je ne sais pas si en restant comme \u00e7a, on peut faire quoi que ce soit. Je pr\u00e9f\u00e8re mettre les pieds dans le plat. Tout le monde est conscient au club qu&rsquo;on a besoin d&rsquo;exp\u00e9rience, de joueurs qui connaissent la Ligue 1 pour aller chercher des points.\u00a0\u00bb<\/p>\n<p>Avant la tr\u00eave, Nantes devra encore essayer d&rsquo;\u00e9viter une nouvelle d\u00e9sillusion en Coupe de France, dans neuf jours, contre Concarneau, club de National.<\/p>\n","protected":false},"excerpt":{"rendered":"Pour le premier match sur le banc d&rsquo;Ahmed Kantari, le FC Nantes a affich\u00e9 ses carence habituelles et&hellip;\n","protected":false},"author":2,"featured_media":595756,"comment_status":"","ping_status":"","sticky":false,"template":"","format":"standard","meta":{"footnotes":""},"categories":[2818],"tags":[1111,11,1777,674,1011,27,766,12,2636,25],"class_list":{"0":"post-595755","1":"post","2":"type-post","3":"status-publish","4":"format-standard","5":"has-post-thumbnail","7":"category-nantes","8":"tag-actu","9":"tag-actualites","10":"tag-eu","11":"tag-europe","12":"tag-fr","13":"tag-france","14":"tag-nantes","15":"tag-news","16":"tag-pays-de-la-loire","17":"tag-republique-francaise"},"share_on_mastodon":{"url":"https:\/\/pubeurope.com\/@fr\/115709073488494501","error":""},"_links":{"self":[{"href":"https:\/\/www.europesays.com\/fr\/wp-json\/wp\/v2\/posts\/595755","targetHints":{"allow":["GET"]}}],"collection":[{"href":"https:\/\/www.europesays.com\/fr\/wp-json\/wp\/v2\/posts"}],"about":[{"href":"https:\/\/www.europesays.com\/fr\/wp-json\/wp\/v2\/types\/post"}],"author":[{"embeddable":true,"href":"https:\/\/www.europesays.com\/fr\/wp-json\/wp\/v2\/users\/2"}],"replies":[{"embeddable":true,"href":"https:\/\/www.europesays.com\/fr\/wp-json\/wp\/v2\/comments?post=595755"}],"version-history":[{"count":0,"href":"https:\/\/www.europesays.com\/fr\/wp-json\/wp\/v2\/posts\/595755\/revisions"}],"wp:featuredmedia":[{"embeddable":true,"href":"https:\/\/www.europesays.com\/fr\/wp-json\/wp\/v2\/media\/595756"}],"wp:attachment":[{"href":"https:\/\/www.europesays.com\/fr\/wp-json\/wp\/v2\/media?parent=595755"}],"wp:term":[{"taxonomy":"category","embeddable":true,"href":"https:\/\/www.europesays.com\/fr\/wp-json\/wp\/v2\/categories?post=595755"},{"taxonomy":"post_tag","embeddable":true,"href":"https:\/\/www.europesays.com\/fr\/wp-json\/wp\/v2\/tags?post=595755"}],"curies":[{"name":"wp","href":"https:\/\/api.w.org\/{rel}","templated":true}]}}