{"id":59576,"date":"2025-04-28T15:37:08","date_gmt":"2025-04-28T15:37:08","guid":{"rendered":"https:\/\/www.europesays.com\/fr\/59576\/"},"modified":"2025-04-28T15:37:08","modified_gmt":"2025-04-28T15:37:08","slug":"coup-de-sang-de-rudiger-lallemagne-veut-le-bannir","status":"publish","type":"post","link":"https:\/\/www.europesays.com\/fr\/59576\/","title":{"rendered":"Coup de sang de R\u00fcdiger : l&rsquo;Allemagne veut le bannir"},"content":{"rendered":"<p style=\"text-align: justify;\"><strong>Samedi soir, la finale de la Coupe du Roi entre le FC Barcelone et le Real Madrid (3-2) a \u00e9t\u00e9 marqu\u00e9e par un terrible d\u00e9rapage d\u2019Antonio R\u00fcdiger. Frustr\u00e9 apr\u00e8s son remplacement en prolongation (110e minute), le d\u00e9fenseur madril\u00e8ne a craqu\u00e9 en jetant des gla\u00e7ons sur l\u2019arbitre Ricardo De Burgos Bengoechea, avant d\u2019\u00eatre ma\u00eetris\u00e9 par ses co\u00e9quipiers. R\u00e9sultat : carton rouge et indignation g\u00e9n\u00e9rale.<\/strong><\/p>\n<p style=\"text-align: justify;\">Sur ses r\u00e9seaux sociaux, R\u00fcdiger a tent\u00e9 d\u2019\u00e9teindre l\u2019incendie : \u00ab Mon comportement d\u2019hier soir est absolument inexcusable. Je suis sinc\u00e8rement d\u00e9sol\u00e9. Nous avons jou\u00e9 un tr\u00e8s bon match d\u00e8s la deuxi\u00e8me mi-temps. Apr\u00e8s 111 minutes, je n\u2019ai plus pu aider mon \u00e9quipe et, avant le coup de sifflet final, j\u2019ai commis une erreur. Je r\u00e9it\u00e8re mes excuses \u00e0 l\u2019arbitre et \u00e0 tous ceux que j\u2019ai d\u00e9\u00e7us hier soir\u00a0\u00bb.<\/p>\n<p style=\"text-align: justify;\">Mais ses regrets n\u2019ont pas suffi \u00e0 calmer la temp\u00eate. En Allemagne, son pays natal, l\u2019affaire fait grand bruit. L\u2019ancien international Dietmar Hamann a exig\u00e9 une sanction exemplaire : \u00ab Je pense que la DFB (ndlr, la F\u00e9d\u00e9ration allemande de football) devrait le suspendre. Je ne l\u2019inviterais pas \u00e0 disputer la phase finale de la Ligue des nations. Je le laisserais de c\u00f4t\u00e9 pour les deux matches \u00bb.<\/p>\n<p style=\"text-align: justify;\">La DFB n\u2019est pas rest\u00e9e silencieuse. Rudi V\u00f6ller, directeur sportif, a publiquement recadr\u00e9 R\u00fcdiger dans un communiqu\u00e9.<\/p>\n<p style=\"text-align: justify;\">\u00ab Toni est un joueur de haut niveau, mais en tant que joueur national, il doit \u00e9galement faire preuve de classe dans son comportement. Il exige \u00e0 juste titre le respect de lui-m\u00eame, et il doit \u00e9galement t\u00e9moigner ce respect \u00e0 autrui sans exception \u00bb. Plus loin, il souligne : \u00ab Dans ce cas, lui et certains de ses co\u00e9quipiers se sont laiss\u00e9s influencer par l\u2019atmosph\u00e8re extr\u00eamement tendue qui r\u00e9gnait souvent, de mani\u00e8re inexplicable, au sein du club avant le match. C\u2019est inacceptable. Surtout pas en tant qu\u2019international allemand \u00bb.<\/p>\n<p style=\"text-align: justify;\">Selon les m\u00e9dias espagnols, R\u00fcdiger risque une suspension allant de 4 \u00e0 12 matches. Un coup dur pour le d\u00e9fenseur du Real, dont l\u2019image est aujourd\u2019hui s\u00e9rieusement \u00e9corn\u00e9e<\/p>\n<p style=\"text-align: justify;\"><strong>Ledjely.com<\/strong><\/p>\n","protected":false},"excerpt":{"rendered":"Samedi soir, la finale de la Coupe du Roi entre le FC Barcelone et le Real Madrid (3-2)&hellip;\n","protected":false},"author":2,"featured_media":59577,"comment_status":"","ping_status":"","sticky":false,"template":"","format":"standard","meta":{"footnotes":""},"categories":[1587],"tags":[11,672,1804,1805,1803,1777,674,1801,15627,12,4790,1802,15628,1650,517],"class_list":{"0":"post-59576","1":"post","2":"type-post","3":"status-publish","4":"format-standard","5":"has-post-thumbnail","7":"category-allemagne","8":"tag-actualites","9":"tag-allemagne","10":"tag-bundesrepublik-deutschland","11":"tag-de","12":"tag-deutschland","13":"tag-eu","14":"tag-europe","15":"tag-germany","16":"tag-guinee","17":"tag-news","18":"tag-real-madrid","19":"tag-republique-federale-dallemagne","20":"tag-rudiger","21":"tag-selection","22":"tag-sport"},"share_on_mastodon":{"url":"https:\/\/pubeurope.com\/@fr\/114416337452394043","error":""},"_links":{"self":[{"href":"https:\/\/www.europesays.com\/fr\/wp-json\/wp\/v2\/posts\/59576","targetHints":{"allow":["GET"]}}],"collection":[{"href":"https:\/\/www.europesays.com\/fr\/wp-json\/wp\/v2\/posts"}],"about":[{"href":"https:\/\/www.europesays.com\/fr\/wp-json\/wp\/v2\/types\/post"}],"author":[{"embeddable":true,"href":"https:\/\/www.europesays.com\/fr\/wp-json\/wp\/v2\/users\/2"}],"replies":[{"embeddable":true,"href":"https:\/\/www.europesays.com\/fr\/wp-json\/wp\/v2\/comments?post=59576"}],"version-history":[{"count":0,"href":"https:\/\/www.europesays.com\/fr\/wp-json\/wp\/v2\/posts\/59576\/revisions"}],"wp:featuredmedia":[{"embeddable":true,"href":"https:\/\/www.europesays.com\/fr\/wp-json\/wp\/v2\/media\/59577"}],"wp:attachment":[{"href":"https:\/\/www.europesays.com\/fr\/wp-json\/wp\/v2\/media?parent=59576"}],"wp:term":[{"taxonomy":"category","embeddable":true,"href":"https:\/\/www.europesays.com\/fr\/wp-json\/wp\/v2\/categories?post=59576"},{"taxonomy":"post_tag","embeddable":true,"href":"https:\/\/www.europesays.com\/fr\/wp-json\/wp\/v2\/tags?post=59576"}],"curies":[{"name":"wp","href":"https:\/\/api.w.org\/{rel}","templated":true}]}}