{"id":595775,"date":"2025-12-12T23:08:19","date_gmt":"2025-12-12T23:08:19","guid":{"rendered":"https:\/\/www.europesays.com\/fr\/595775\/"},"modified":"2025-12-12T23:08:19","modified_gmt":"2025-12-12T23:08:19","slug":"carte-et-liste-des-combats-chaine-tv-et-heure","status":"publish","type":"post","link":"https:\/\/www.europesays.com\/fr\/595775\/","title":{"rendered":"Carte et liste des combats, Cha\u00eene TV et Heure"},"content":{"rendered":"<p style=\"text-align: justify;\" align=\"justify\"><strong>Retrouvez la carte des combats, l\u2019heure et la cha\u00eene TV du PFL Lyon 2025, qui se d\u00e9roule ce samedi 13 d\u00e9cembre 2025.<\/strong><\/p>\n<p style=\"text-align: justify;\">Le <strong>PFL<\/strong> fait son grand retour en France le <strong>samedi 13 d\u00e9cembre 2025<\/strong> \u00e0 la LDLC Arena de Lyon-D\u00e9cines, avec une soir\u00e9e exceptionnelle m\u00ealant titres mondiaux, finales <strong>PFL<\/strong> Europe et plusieurs combats tr\u00e8s attendus impliquant des combattants fran\u00e7ais.<\/p>\n<p>Nemkov vs Ferreira, le choc de PFL Lyon<\/p>\n<p style=\"text-align: justify;\">En combat principal, l\u2019ancien champion Bellator <strong>Vadim Nemkov<\/strong> affrontera le Br\u00e9silien <strong>Renan Ferreira<\/strong> pour le titre mondial PFL des poids lourds, dans un choc explosif entre deux des athl\u00e8tes les plus dominants de la division. En co-main event, la l\u00e9gende du MMA f\u00e9minin <strong>Cris Cyborg<\/strong> remettra sa ceinture des poids plumes f\u00e9minins en jeu face \u00e0 <strong>Sara Collins<\/strong>.<\/p>\n<p style=\"text-align: justify;\">La carte principale mettra \u00e0 l\u2019honneur plusieurs talents europ\u00e9ens et fran\u00e7ais. <strong>Patrick Habirora<\/strong> croisera le fer avec <strong>Kevin Jousset<\/strong> chez les welters, tandis que <a href=\"https:\/\/dicodusport.fr\/blog\/ufc-vegas-84-taylor-lapilus-sincline-par-decision-unanime-contre-farid-basharat\/\" target=\"_blank\" rel=\"noopener\"><strong>Taylor Lapilus<\/strong><\/a> sera oppos\u00e9 au Britannique <strong>Liam Gittins<\/strong> en poids coqs. Le Fran\u00e7ais <strong>Asa\u00ebl Adjoudj<\/strong> compl\u00e8tera cette carte principale face \u00e0 <strong>Fred Dupras<\/strong> chez les plumes.<\/p>\n<blockquote class=\"twitter-tweet\">\n<p dir=\"ltr\" lang=\"en\">\ud835\udde7\ud835\udddb\ud835\uddd8\ud835\udde5\ud835\uddd8\u2019\ud835\udde6 \ud835\udde2\ud835\udde1\ud835\udddf\ud835\uddec \ud835\udde2\ud835\udde1\ud835\uddd8 \ud835\udde3\ud835\udde5\ud835\udde2\ud835\uddd5\ud835\udddf\ud835\uddd8\ud835\udde0\ud835\uddd4 \ud83c\udde7\ud83c\uddf7\u261d\ufe0f<\/p>\n<p>Renan Ferreira ready for challenge that is Vadim Nemkov as the PFL Heavyweight World Title is on the line tomorrow in Lyon, France! <a href=\"https:\/\/twitter.com\/hashtag\/PFLLyon?src=hash&amp;ref_src=twsrc%5Etfw\" target=\"_blank\" rel=\"noopener\">#PFLLyon<\/a> | Sat Dec 13th | LDLC Arena, Lyon | \ud83d\udcfaLIVE on the ESPN app | 11AM EST | \ud83c\udf9f\ufe0f ON SALE\u2026 <a href=\"https:\/\/t.co\/SYLahz1hdD\">pic.twitter.com\/SYLahz1hdD<\/a><\/p>\n<p>\u2014 PFL (@PFLMMA) <a href=\"https:\/\/twitter.com\/PFLMMA\/status\/1999570695706046530?ref_src=twsrc%5Etfw\" target=\"_blank\" rel=\"noopener\">December 12, 2025<\/a><\/p>\n<\/blockquote>\n<p>La p\u00e9pite fran\u00e7aise Baris Adiguzel jouera un titre<\/p>\n<p style=\"text-align: justify;\">La soir\u00e9e sera \u00e9galement marqu\u00e9e par les finales PFL Europe 2025. <strong>Baris Adiguzel<\/strong> affrontera <strong>Dean Garnett<\/strong> pour le titre europ\u00e9en des poids coqs, et <strong>Connor Hughes<\/strong> d\u00e9fiera <strong>Aleksandr Chizov<\/strong> en finale des poids l\u00e9gers. Plusieurs combats \u00ab showcase \u00bb viendront enrichir l\u2019\u00e9v\u00e9nement, notamment <strong>Boris Mbarga Atangana<\/strong> vs <strong>Guilherme Soares<\/strong> chez les mi-lourds et <strong>Gustavo Oliveira<\/strong> vs <strong>Movsar Ibragimov<\/strong> en poids coqs.<\/p>\n<p style=\"text-align: justify;\">Enfin, la carte sera compl\u00e9t\u00e9e par des affrontements suppl\u00e9mentaires, dont <strong>Paulina Wisniewska<\/strong> vs <strong>Sabrinna de Sousa<\/strong> en flyweight f\u00e9minin et <strong>Rayan Balbali<\/strong> vs <strong>Levi Batchelor<\/strong> en poids coqs.<\/p>\n<p>\n<a href=\"https:\/\/dicodusport.fr\/blog\/offres\/abonnements-sans-pub\/\" target=\"_blank\" rel=\"noopener\"><img loading=\"lazy\" decoding=\"async\" class=\"alignnone size-full wp-image-501284 perfmatters-lazy\" alt=\"\" width=\"1200\" height=\"200\" src=\"https:\/\/www.europesays.com\/fr\/wp-content\/uploads\/2025\/04\/Abonnements-sans-pubs-Dicodusport.png\"\/><\/a><\/p>\n<p style=\"text-align: justify;\">Avec deux titres mondiaux, des finales europ\u00e9ennes et une forte repr\u00e9sentation fran\u00e7aise, le <strong>PFL Lyon 2025<\/strong> s\u2019annonce comme l\u2019un des plus grands \u00e9v\u00e9nements MMA jamais organis\u00e9s en France.<\/p>\n<p>Date, heure et cha\u00eene TV du PFL Lyon du 13 d\u00e9cembre 2025<\/p>\n<p style=\"text-align: justify;\">Le <strong>PFL Lyon 2025<\/strong> est pr\u00e9vu ce <strong>samedi 13 d\u00e9cembre 2025<\/strong> \u00e0 <strong>17h<\/strong> <strong>pour la carte pr\u00e9liminaire<\/strong> et <strong>20h30<\/strong> <strong>pour la carte principale<\/strong>. Concernant la <strong>diffusion<\/strong>, l\u2019int\u00e9gralit\u00e9 de l\u2019\u00e9v\u00e9nement (carte pr\u00e9liminaire et carte principale) sera retransmise en direct en France sur DAZN, accessible via abonnement sur t\u00e9l\u00e9viseur, ordinateur, tablette ou smartphone.<\/p>\n<p>Carte du PFL Lyon 2025 : la liste des combats<br \/>\nCarte pr\u00e9liminaire (d\u00e8s 17h)<\/p>\n<p style=\"text-align: justify;\"><strong>Paulina Wisniewska vs Sabrinna de Sousa<\/strong><br \/>Flyweight f\u00e9minin<\/p>\n<p style=\"text-align: justify;\"><strong>Rayan Balbali vs Levi Batchelor<\/strong><br \/>Poids coqs<\/p>\n<p style=\"text-align: justify;\"><strong>Gustavo Oliveira vs Movsar Ibragimov<\/strong><br \/>Poids coqs \u2013 Showcase<\/p>\n<p style=\"text-align: justify;\"><strong>Boris Mbarga Atangana vs Guilherme Soares<\/strong><br \/>Mi-lourds \u2013 Showcase<\/p>\n<p style=\"text-align: justify;\"><strong>Connor Hughes vs Aleksandr Chizov<\/strong><br \/>Finale PFL Europe \u2013 Poids l\u00e9gers<\/p>\n<p style=\"text-align: justify;\"><strong>Baris Adiguzel vs Dean Garnett<\/strong><br \/>Finale PFL Europe \u2013 Poids coqs<\/p>\n<p>Carte principale (d\u00e8s 20h30)<\/p>\n<p style=\"text-align: justify;\"><strong>Asa\u00ebl Adjoudj vs Fred Dupras<\/strong><br \/>Poids plumes<\/p>\n<p style=\"text-align: justify;\"><strong>Taylor Lapilus vs Liam Gittins<\/strong><br \/>Poids coqs<\/p>\n<p style=\"text-align: justify;\"><strong>Patrick Habirora vs Kevin Jousset<\/strong><br \/>Poids welters<\/p>\n<p style=\"text-align: justify;\"><strong>Cris Cyborg vs Sara Collins<\/strong><br \/>Titre mondial PFL \u2013 Poids plumes f\u00e9minins (Co-main event)<\/p>\n<p style=\"text-align: justify;\"><strong>Vadim Nemkov vs Renan Ferreira<\/strong><br \/>Titre mondial PFL \u2013 Poids lourds (Main event)<\/p>\n<p>\t\t\t\t\t\t\t\t\t\t\t\t\t<script async src=\"https:\/\/platform.twitter.com\/widgets.js\" charset=\"utf-8\"><\/script><\/p>\n","protected":false},"excerpt":{"rendered":"Retrouvez la carte des combats, l\u2019heure et la cha\u00eene TV du PFL Lyon 2025, qui se d\u00e9roule ce&hellip;\n","protected":false},"author":2,"featured_media":595776,"comment_status":"","ping_status":"","sticky":false,"template":"","format":"standard","meta":{"footnotes":""},"categories":[1889],"tags":[1111,11,2430,2113,1777,674,1011,27,2428,12,35368,25],"class_list":{"0":"post-595775","1":"post","2":"type-post","3":"status-publish","4":"format-standard","5":"has-post-thumbnail","7":"category-lyon","8":"tag-actu","9":"tag-actualites","10":"tag-auvergne-rhone-alpes","11":"tag-breve","12":"tag-eu","13":"tag-europe","14":"tag-fr","15":"tag-france","16":"tag-lyon","17":"tag-news","18":"tag-pfl","19":"tag-republique-francaise"},"share_on_mastodon":{"url":"https:\/\/pubeurope.com\/@fr\/115709116820878433","error":""},"_links":{"self":[{"href":"https:\/\/www.europesays.com\/fr\/wp-json\/wp\/v2\/posts\/595775","targetHints":{"allow":["GET"]}}],"collection":[{"href":"https:\/\/www.europesays.com\/fr\/wp-json\/wp\/v2\/posts"}],"about":[{"href":"https:\/\/www.europesays.com\/fr\/wp-json\/wp\/v2\/types\/post"}],"author":[{"embeddable":true,"href":"https:\/\/www.europesays.com\/fr\/wp-json\/wp\/v2\/users\/2"}],"replies":[{"embeddable":true,"href":"https:\/\/www.europesays.com\/fr\/wp-json\/wp\/v2\/comments?post=595775"}],"version-history":[{"count":0,"href":"https:\/\/www.europesays.com\/fr\/wp-json\/wp\/v2\/posts\/595775\/revisions"}],"wp:featuredmedia":[{"embeddable":true,"href":"https:\/\/www.europesays.com\/fr\/wp-json\/wp\/v2\/media\/595776"}],"wp:attachment":[{"href":"https:\/\/www.europesays.com\/fr\/wp-json\/wp\/v2\/media?parent=595775"}],"wp:term":[{"taxonomy":"category","embeddable":true,"href":"https:\/\/www.europesays.com\/fr\/wp-json\/wp\/v2\/categories?post=595775"},{"taxonomy":"post_tag","embeddable":true,"href":"https:\/\/www.europesays.com\/fr\/wp-json\/wp\/v2\/tags?post=595775"}],"curies":[{"name":"wp","href":"https:\/\/api.w.org\/{rel}","templated":true}]}}