{"id":595784,"date":"2025-12-12T23:18:16","date_gmt":"2025-12-12T23:18:16","guid":{"rendered":"https:\/\/www.europesays.com\/fr\/595784\/"},"modified":"2025-12-12T23:18:16","modified_gmt":"2025-12-12T23:18:16","slug":"la-mere-de-lenfant-tondu-dans-un-foyer-a-porte-plainte","status":"publish","type":"post","link":"https:\/\/www.europesays.com\/fr\/595784\/","title":{"rendered":"La m\u00e8re de l\u2019enfant tondu dans un foyer a port\u00e9 plainte"},"content":{"rendered":"<p>La m\u00e8re de <a href=\"https:\/\/www.20minutes.fr\/faits_divers\/4190682-20251209-enfant-tondu-foyer-parquet-paris-ouvre-enquete-violences-volontaires\" target=\"_blank\" class=\"c-link c-link--is-underlined\" rel=\"noopener\">l\u2019enfant de huit ans dont la t\u00eate avait \u00e9t\u00e9 ras\u00e9e<\/a> dans un foyer parisien de l\u2019Aide sociale \u00e0 l\u2019enfance a d\u00e9pos\u00e9 plainte vendredi pour violences volontaires. Selon le proc\u00e8s-verbal consult\u00e9 par l\u2019AFP, la plainte a \u00e9t\u00e9 enregistr\u00e9e au commissariat du XIIIe arrondissement, confirmant une information de <a href=\"https:\/\/www.20minutes.fr\/dossier\/france_info\" target=\"_blank\" class=\"c-link c-link--is-underlined\" rel=\"noopener\">Franceinfo<\/a>, et reprend la qualification p\u00e9nale retenue par le parquet de <a href=\"https:\/\/www.20minutes.fr\/paris\/\" target=\"_blank\" class=\"c-link c-link--is-underlined\" rel=\"noopener\">Paris<\/a>.<\/p>\n<p>Pour rappel, les faits se sont produits en f\u00e9vrier\u00a02025 au foyer \u00e9ducatif Jenner, dans le XIIIe arrondissement. Des employ\u00e9s ont ras\u00e9 la t\u00eate de l\u2019enfant tout en le filmant, des actes commis \u00ab\u00a0\u00e0 des fins d\u2019humiliation\u00a0\u00bb selon la Ville de Paris, qui a saisi la justice. La vid\u00e9o, diffus\u00e9e sur un groupe <a href=\"https:\/\/www.20minutes.fr\/dossier\/whatsapp\" target=\"_blank\" class=\"c-link c-link--is-underlined\" rel=\"noopener\">WhatsApp<\/a> d\u2019\u00e9ducateurs, montre le gar\u00e7on torse nu, assis sur une chaise, pendant qu\u2019une personne lui rase les cheveux \u00e0 la tondeuse.<\/p>\n<\/p>\n<p>La m\u00e8re de l\u2019enfant \u00ab\u00a0\u00e9prouv\u00e9e par l\u2019affaire\u00a0\u00bb<\/p>\n<p>Le parquet de Paris a ouvert une enqu\u00eate pour <a href=\"https:\/\/www.20minutes.fr\/societe\/violences-sur-mineurs\/\" target=\"_blank\" class=\"c-link c-link--is-underlined\" rel=\"noopener\">violences volontaires sur mineur<\/a> de moins de 15 ans par personne ayant autorit\u00e9. La D\u00e9fenseure des droits, Claire H\u00e9don, a annonc\u00e9 s\u2019autosaisir de cette affaire, d\u00e9non\u00e7ant une situation \u00ab\u00a0\u00e9pouvantable\u00a0\u00bb. Deux inspectrices ont \u00e9galement \u00e9t\u00e9 charg\u00e9es d\u2019une mission de contr\u00f4le du foyer \u00e0 la demande de la Ville.<\/p>\n<p><a href=\"https:\/\/www.20minutes.fr\/societe\/maltraitance-infantile\/\" target=\"_blank\" class=\"c-link c-btn c-btn--primary\" rel=\"noopener\">Notre dossier sur la maltraitance infantile<\/a><\/p>\n<p>\u00ab\u00a0Eprouv\u00e9e par l\u2019affaire\u00a0\u00bb, selon son avocat, la m\u00e8re du gar\u00e7on attend d\u00e9sormais des r\u00e9ponses rapides. \u00ab\u00a0Nous sommes port\u00e9s par la volont\u00e9 que les r\u00e9ponses arrivent vite\u00a0\u00bb, a d\u00e9clar\u00e9 \u00e0 l\u2019AFP Me Axel Delaunay-Belleville.<\/p>\n","protected":false},"excerpt":{"rendered":"La m\u00e8re de l\u2019enfant de huit ans dont la t\u00eate avait \u00e9t\u00e9 ras\u00e9e dans un foyer parisien de&hellip;\n","protected":false},"author":2,"featured_media":595785,"comment_status":"","ping_status":"","sticky":false,"template":"","format":"standard","meta":{"footnotes":""},"categories":[1888],"tags":[47,11,847,1777,674,1011,27,662,303,19232,12,626,10857,25,34347,250],"class_list":{"0":"post-595784","1":"post","2":"type-post","3":"status-publish","4":"format-standard","5":"has-post-thumbnail","7":"category-paris","8":"tag-actualite","9":"tag-actualites","10":"tag-enfant","11":"tag-eu","12":"tag-europe","13":"tag-fr","14":"tag-france","15":"tag-ile-de-france","16":"tag-justice","17":"tag-maltraitance","18":"tag-news","19":"tag-paris","20":"tag-parquet-de-paris","21":"tag-republique-francaise","22":"tag-violences-sur-mineurs","23":"tag-whatsapp"},"share_on_mastodon":{"url":"https:\/\/pubeurope.com\/@fr\/115709156015072641","error":""},"_links":{"self":[{"href":"https:\/\/www.europesays.com\/fr\/wp-json\/wp\/v2\/posts\/595784","targetHints":{"allow":["GET"]}}],"collection":[{"href":"https:\/\/www.europesays.com\/fr\/wp-json\/wp\/v2\/posts"}],"about":[{"href":"https:\/\/www.europesays.com\/fr\/wp-json\/wp\/v2\/types\/post"}],"author":[{"embeddable":true,"href":"https:\/\/www.europesays.com\/fr\/wp-json\/wp\/v2\/users\/2"}],"replies":[{"embeddable":true,"href":"https:\/\/www.europesays.com\/fr\/wp-json\/wp\/v2\/comments?post=595784"}],"version-history":[{"count":0,"href":"https:\/\/www.europesays.com\/fr\/wp-json\/wp\/v2\/posts\/595784\/revisions"}],"wp:featuredmedia":[{"embeddable":true,"href":"https:\/\/www.europesays.com\/fr\/wp-json\/wp\/v2\/media\/595785"}],"wp:attachment":[{"href":"https:\/\/www.europesays.com\/fr\/wp-json\/wp\/v2\/media?parent=595784"}],"wp:term":[{"taxonomy":"category","embeddable":true,"href":"https:\/\/www.europesays.com\/fr\/wp-json\/wp\/v2\/categories?post=595784"},{"taxonomy":"post_tag","embeddable":true,"href":"https:\/\/www.europesays.com\/fr\/wp-json\/wp\/v2\/tags?post=595784"}],"curies":[{"name":"wp","href":"https:\/\/api.w.org\/{rel}","templated":true}]}}