{"id":595786,"date":"2025-12-12T23:19:17","date_gmt":"2025-12-12T23:19:17","guid":{"rendered":"https:\/\/www.europesays.com\/fr\/595786\/"},"modified":"2025-12-12T23:19:17","modified_gmt":"2025-12-12T23:19:17","slug":"lallemagne-accuse-la-russie-de-desinformation","status":"publish","type":"post","link":"https:\/\/www.europesays.com\/fr\/595786\/","title":{"rendered":"L&rsquo;Allemagne accuse la Russie de d\u00e9sinformation"},"content":{"rendered":"<p class=\"mb-4 text-lg md:leading-8 break-words\">L\u2019Allemagne tient la Russie pour responsable d&rsquo;une cyberattaque contre la s\u00e9curit\u00e9 a\u00e9rienne allemande et de campagnes de d\u00e9sinformation cibl\u00e9es avantles derni\u00e8res \u00e9lections f\u00e9d\u00e9rales. Selon le minist\u00e8re f\u00e9d\u00e9ral des Affaires \u00e9trang\u00e8res \u00e0 Berlin, ces incidents ont pu \u00eatre clairement attribu\u00e9s au service de renseignement militaire russe, le GRU. En r\u00e9action, l&rsquo;ambassadeur russe \u00e0 Berlin a \u00e9t\u00e9 convoqu\u00e9.<\/p>\n<p class=\"mb-4 text-lg md:leading-8 break-words\">\u00ab\u00a0Nous observons depuis un certain temps une augmentation massive des activit\u00e9s hybrides mena\u00e7antes de la part de la Russie\u00a0\u00bb, a d\u00e9clar\u00e9 un porte-parole du minist\u00e8re des Affaires \u00e9trang\u00e8res. Celles-ci iraient des campagnes de d\u00e9sinformation \u00e0 l&rsquo;espionnage et aux cyberattaques, en passant par des tentatives de sabotage. L&rsquo;objectif serait de diviser la soci\u00e9t\u00e9, de semer la m\u00e9fiance et de saper la confiance dans les institutions d\u00e9mocratiques. Le porte-parole a ajout\u00e9 que par ses actions, la Russie mena\u00e7ait \u00ab\u00a0tr\u00e8s concr\u00e8tement notre s\u00e9curit\u00e9, non seulement par sa guerre d&rsquo;agression contre l&rsquo;Ukraine, mais aussi ici, chez nous, en Allemagne\u00a0\u00bb.<\/p>\n<p>Preuves irr\u00e9futables<\/p>\n<p class=\"mb-4 text-lg md:leading-8 break-words\">\u00ab\u00a0Le service de renseignement militaire russe GRU est responsable de cette attaque\u00a0\u00bb informatique commise en ao\u00fbt 2024 contre la s\u00e9curit\u00e9 a\u00e9rienne allemande, que Berlin \u00ab\u00a0attribue clairement (&#8230;) au collectif de hackers APT28, \u00e9galement connu sous le nom de Fancy Bear\u00a0\u00bb, a d\u00e9clar\u00e9 le porte-parole du minist\u00e8re allemand des Affaires \u00e9trang\u00e8res lors d&rsquo;un point de presse r\u00e9gulier. En outre, il est d\u00e9sormais \u00ab\u00a0certain\u00a0\u00bb que la Russie a tent\u00e9 \u00ab\u00a0d&rsquo;influencer et de d\u00e9stabiliser tant les derni\u00e8res \u00e9lections f\u00e9d\u00e9rales que les affaires int\u00e9rieures de la R\u00e9publique f\u00e9d\u00e9rale d&rsquo;Allemagne\u00a0\u00bb. Il existe des \u00ab\u00a0preuves irr\u00e9futables\u00a0\u00bb \u00e0 cet \u00e9gard.<\/p>\n<p class=\"mb-4 text-lg md:leading-8 break-words\">La campagne \u00ab\u00a0Storm 1516\u00a0\u00bb, lanc\u00e9e en 2024, serait orchestr\u00e9e par le groupe de r\u00e9flexion moscovite Centre pour l\u2019expertise en g\u00e9opolitique. Celui-ci b\u00e9n\u00e9ficierait \u00e9galement du soutien des services de renseignements militaires russes. L&rsquo;objectif principal serait d&rsquo;influencer les \u00e9lections d\u00e9mocratiques en Occident.<\/p>\n<p class=\"mb-4 text-lg md:leading-8 break-words\">Avant les \u00e9lections f\u00e9d\u00e9rales, l&rsquo;attention s&rsquo;\u00e9tait notamment port\u00e9e sur le candidat t\u00eate de liste des Verts, Robert Habeck, et sur l&rsquo;ancien candidat \u00e0 la chancellerie de l&rsquo;Union chr\u00e9tienne-d\u00e9mocrate (CDU), Friedrich Merz. Deux jours avant les \u00e9lections anticip\u00e9es du 23 f\u00e9vrier 2025, le gouvernement f\u00e9d\u00e9ral avait d\u00e9j\u00e0 annonc\u00e9 que les autorit\u00e9s allemandes charg\u00e9es de la s\u00e9curit\u00e9 disposaient d&rsquo;informations selon lesquelles de fausses vid\u00e9os sur de pr\u00e9tendues manipulations des bulletins de vote faisaient partie d&rsquo;une campagne de d\u00e9sinformation russe.<\/p>\n<p>Interdiction d&rsquo;entr\u00e9e sur le territoire et gel des avoirs<\/p>\n<p class=\"mb-4 text-lg md:leading-8 break-words\">Lors de sa convocation, il a \u00e9t\u00e9 clairement indiqu\u00e9 \u00e0 l&rsquo;ambassadeur russe que l&rsquo;Allemagne observait \u00ab\u00a0tr\u00e8s attentivement\u00a0\u00bb les activit\u00e9s de la Russie et prenait des mesures pour y rem\u00e9dier. L&rsquo;Allemagne prendrait \u00ab\u00a0en \u00e9troite coordination avec ses partenaires europ\u00e9ens une s\u00e9rie de contre-mesures afin de faire payer \u00e0 la Russie le prix de ses actions hybrides\u00a0\u00bb. Le gouvernement f\u00e9d\u00e9ral a soutenu de nouvelles sanctions ayant pour cons\u00e9quences des interdictions d&rsquo;entr\u00e9e sur le territoire, le gel des avoirs et l&rsquo;interdiction de fournir des ressources \u00e9conomiques.<\/p>\n<p><img alt=\"L'Allemagne fait r\u00e9guli\u00e8rement face \u00e0 des campagnes de d\u00e9sinformation en raison de son soutien \u00e0 l\u2019Ukraine&lt;span class=&quot;copyright&quot;&gt;Ukrainian Presidential Press Service\/ZUMA\/picture alliance&lt;\/span&gt;\" loading=\"lazy\" width=\"960\" height=\"540\" decoding=\"async\" data-nimg=\"1\" class=\"rounded-lg\" style=\"color:transparent\" src=\"https:\/\/www.europesays.com\/fr\/wp-content\/uploads\/2025\/12\/488cdbb487760320162d8de1b1a56797.jpeg\"\/><\/p>\n<p>L&rsquo;Allemagne fait r\u00e9guli\u00e8rement face \u00e0 des campagnes de d\u00e9sinformation en raison de son soutien \u00e0 l\u2019UkraineUkrainian Presidential Press Service\/ZUMA\/picture alliance<\/p>\n<p class=\"mb-4 text-lg md:leading-8 break-words\">Le porte-parole du minist\u00e8re des Affaires \u00e9trang\u00e8res a annonc\u00e9 qu\u2019\u00e0 partir de janvier 2026, les d\u00e9placements transfrontaliers des diplomates russes dans l&rsquo;espace Schengen europ\u00e9en seront contr\u00f4l\u00e9s. \u00ab\u00a0L&rsquo;objectif est de permettre un meilleur \u00e9change d&rsquo;informations et de minimiser les risques li\u00e9s au renseignement.\u00a0\u00bb D&rsquo;autres restrictions bilat\u00e9rales pour le personnel diplomatique russe sont \u00e9galement pr\u00e9vues. Le porte-parole n&rsquo;a pas donn\u00e9 plus de d\u00e9tails.<\/p>\n<p class=\"mb-4 text-lg md:leading-8 break-words\">Selon le minist\u00e8re f\u00e9d\u00e9ral de l&rsquo;Int\u00e9rieur, l&rsquo;Allemagne pr\u00e9voit de mettre en place une nouvelle plateforme pour \u00ab\u00a0l&rsquo;\u00e9change interinstitutionnel et la coordination des mesures de d\u00e9fense contre les menaces hybrides\u00a0\u00bb afin de se pr\u00e9munir contre de futures menaces. Il s&rsquo;agit \u00e9galement d&rsquo;\u00e9tablir un \u00e9tat des lieux et d&rsquo;\u00e9valuer chaque \u00e9v\u00e9nement au cas par cas.<\/p>\n","protected":false},"excerpt":{"rendered":"L\u2019Allemagne tient la Russie pour responsable d&rsquo;une cyberattaque contre la s\u00e9curit\u00e9 a\u00e9rienne allemande et de campagnes de d\u00e9sinformation&hellip;\n","protected":false},"author":2,"featured_media":595787,"comment_status":"","ping_status":"","sticky":false,"template":"","format":"standard","meta":{"footnotes":""},"categories":[1591],"tags":[11,70846,1887,1326,3442,261,12,1885,1886,132,51308],"class_list":{"0":"post-595786","1":"post","2":"type-post","3":"status-publish","4":"format-standard","5":"has-post-thumbnail","7":"category-russie","8":"tag-actualites","9":"tag-elections-federales","10":"tag-federation-de-russie","11":"tag-gouvernement-federal","12":"tag-lallemagne","13":"tag-ministere-des-affaires-etrangeres","14":"tag-news","15":"tag-russia","16":"tag-russian-federation","17":"tag-russie","18":"tag-securite-aerienne"},"share_on_mastodon":{"url":"https:\/\/pubeurope.com\/@fr\/115709160916244587","error":""},"_links":{"self":[{"href":"https:\/\/www.europesays.com\/fr\/wp-json\/wp\/v2\/posts\/595786","targetHints":{"allow":["GET"]}}],"collection":[{"href":"https:\/\/www.europesays.com\/fr\/wp-json\/wp\/v2\/posts"}],"about":[{"href":"https:\/\/www.europesays.com\/fr\/wp-json\/wp\/v2\/types\/post"}],"author":[{"embeddable":true,"href":"https:\/\/www.europesays.com\/fr\/wp-json\/wp\/v2\/users\/2"}],"replies":[{"embeddable":true,"href":"https:\/\/www.europesays.com\/fr\/wp-json\/wp\/v2\/comments?post=595786"}],"version-history":[{"count":0,"href":"https:\/\/www.europesays.com\/fr\/wp-json\/wp\/v2\/posts\/595786\/revisions"}],"wp:featuredmedia":[{"embeddable":true,"href":"https:\/\/www.europesays.com\/fr\/wp-json\/wp\/v2\/media\/595787"}],"wp:attachment":[{"href":"https:\/\/www.europesays.com\/fr\/wp-json\/wp\/v2\/media?parent=595786"}],"wp:term":[{"taxonomy":"category","embeddable":true,"href":"https:\/\/www.europesays.com\/fr\/wp-json\/wp\/v2\/categories?post=595786"},{"taxonomy":"post_tag","embeddable":true,"href":"https:\/\/www.europesays.com\/fr\/wp-json\/wp\/v2\/tags?post=595786"}],"curies":[{"name":"wp","href":"https:\/\/api.w.org\/{rel}","templated":true}]}}