{"id":595789,"date":"2025-12-12T23:21:16","date_gmt":"2025-12-12T23:21:16","guid":{"rendered":"https:\/\/www.europesays.com\/fr\/595789\/"},"modified":"2025-12-12T23:21:16","modified_gmt":"2025-12-12T23:21:16","slug":"entre-leurope-et-les-etats-unis-le-temps-tel-quon-la-connu-nexiste-plus-affirme-sylvain-kahn","status":"publish","type":"post","link":"https:\/\/www.europesays.com\/fr\/595789\/","title":{"rendered":"Entre l\u2019Europe et les \u00c9tats-Unis \u00ab\u00a0le temps tel qu\u2019on l\u2019a connu n\u2019existe plus\u00a0\u00bb, affirme Sylvain Kahn"},"content":{"rendered":"<p>\u00ab\u00a0Ce d\u00e9clin \u00e9conomique est \u00e9clips\u00e9 par la perspective r\u00e9elle et plus sombre de l\u2019effacement de la civilisation.\u00a0\u00bb Cette phrase est tir\u00e9e de la <a target=\"_blank\" href=\"https:\/\/www.whitehouse.gov\/wp-content\/uploads\/2025\/12\/2025-National-Security-Strategy.pdf\" rel=\"noopener\">National security strategy<\/a> (Strat\u00e9gie de s\u00e9curit\u00e9 nationale), un document officiel publi\u00e9 par le gouvernement am\u00e9ricain au mois de novembre\u00a02025. Et ce passage concerne l\u2019Europe.<\/p>\n<p>Le texte de trente pages, <a target=\"_self\" href=\"https:\/\/www.lanouvellerepublique.fr\/a-la-une\/etats-unis-donald-trump-reprend-la-route-alors-que-l-inflation-rattrape-les-americains-1765275390\" rel=\"noopener\">sign\u00e9 par Donald Trump<\/a>, r\u00e9sume la doctrine de la premi\u00e8re puissance mondiale. Elle consacre le mantra trumpien du \u00ab\u00a0America first\u00a0\u00bb (l\u2019Am\u00e9rique d\u2019abord) et l\u2019importance de la force pour maintenir la paix. Elle r\u00e9affirme aussi la croyance d\u2019une primaut\u00e9 des nations sur les ensembles supra-\u00e9tatiques \u2013 comme l\u2019Union europ\u00e9enne \u2013 et autres organisations internationales.<\/p>\n<p>Sylvain Kahn, agr\u00e9g\u00e9 d\u2019histoire et docteur en g\u00e9ographie, professeur agr\u00e9g\u00e9 \u00e0 Sciences Po, chercheur au centre d\u2019histoire de Sciences Po et auteur de <a target=\"_blank\" href=\"https:\/\/www.jean-jaures.org\/publication\/latlantisme-est-mort-vive-leurope\/\" rel=\"noopener\">L\u2019Atlantisme est mort\u00a0? Vive l\u2019Europe\u00a0!<\/a> (\u00e9ditions de l\u2019Aube, 82 pages, 6,90\u00a0\u20ac), d\u00e9crypte cette doctrine pour La Nouvelle R\u00e9publique&#8230;. <\/p>\n<p>    Cet article a \u00e9t\u00e9 tronqu\u00e9. Abonnez-vous pour lire l&rsquo;article complet sur notre site.<\/p>\n<p style=\"margin: 0 !important; padding: 0 !important; font-size: 12px !important;\">Cet article a \u00e9t\u00e9 tronqu\u00e9. Abonnez-vous pour lire l&rsquo;article complet.<\/p>\n<p>    <a href=\"https:\/\/www.lanouvellerepublique.fr\/abonnements\" style=\"display: inline-block; margin-top: 5px !important; padding: 6px 12px !important; background: #cb1c27; color: white; text-decoration: none; border-radius: 4px; font-size: 12px !important;\" target=\"_blank\" rel=\"noopener\"><br \/>\n      S&rsquo;abonner<br \/>\n    <\/a><\/p>\n","protected":false},"excerpt":{"rendered":"\u00ab\u00a0Ce d\u00e9clin \u00e9conomique est \u00e9clips\u00e9 par la perspective r\u00e9elle et plus sombre de l\u2019effacement de la civilisation.\u00a0\u00bb Cette&hellip;\n","protected":false},"author":2,"featured_media":595790,"comment_status":"","ping_status":"","sticky":false,"template":"","format":"standard","meta":{"footnotes":""},"categories":[1589],"tags":[328,11,75,73,1866,674,329,74,12,364,1864,1865,1863,308],"class_list":{"0":"post-595789","1":"post","2":"type-post","3":"status-publish","4":"format-standard","5":"has-post-thumbnail","7":"category-etats-unis","8":"tag-a-la-une","9":"tag-actualites","10":"tag-donald-trump","11":"tag-etats-unis","12":"tag-etats-unis-damerique","13":"tag-europe","14":"tag-france-monde","15":"tag-monde","16":"tag-news","17":"tag-union-europeenne","18":"tag-united-states","19":"tag-united-states-of-america","20":"tag-us","21":"tag-usa"},"share_on_mastodon":{"url":"https:\/\/pubeurope.com\/@fr\/115709167832122116","error":""},"_links":{"self":[{"href":"https:\/\/www.europesays.com\/fr\/wp-json\/wp\/v2\/posts\/595789","targetHints":{"allow":["GET"]}}],"collection":[{"href":"https:\/\/www.europesays.com\/fr\/wp-json\/wp\/v2\/posts"}],"about":[{"href":"https:\/\/www.europesays.com\/fr\/wp-json\/wp\/v2\/types\/post"}],"author":[{"embeddable":true,"href":"https:\/\/www.europesays.com\/fr\/wp-json\/wp\/v2\/users\/2"}],"replies":[{"embeddable":true,"href":"https:\/\/www.europesays.com\/fr\/wp-json\/wp\/v2\/comments?post=595789"}],"version-history":[{"count":0,"href":"https:\/\/www.europesays.com\/fr\/wp-json\/wp\/v2\/posts\/595789\/revisions"}],"wp:featuredmedia":[{"embeddable":true,"href":"https:\/\/www.europesays.com\/fr\/wp-json\/wp\/v2\/media\/595790"}],"wp:attachment":[{"href":"https:\/\/www.europesays.com\/fr\/wp-json\/wp\/v2\/media?parent=595789"}],"wp:term":[{"taxonomy":"category","embeddable":true,"href":"https:\/\/www.europesays.com\/fr\/wp-json\/wp\/v2\/categories?post=595789"},{"taxonomy":"post_tag","embeddable":true,"href":"https:\/\/www.europesays.com\/fr\/wp-json\/wp\/v2\/tags?post=595789"}],"curies":[{"name":"wp","href":"https:\/\/api.w.org\/{rel}","templated":true}]}}