{"id":595791,"date":"2025-12-12T23:22:20","date_gmt":"2025-12-12T23:22:20","guid":{"rendered":"https:\/\/www.europesays.com\/fr\/595791\/"},"modified":"2025-12-12T23:22:20","modified_gmt":"2025-12-12T23:22:20","slug":"charles-iii-annonce-une-bonne-nouvelle-sur-son-cancer","status":"publish","type":"post","link":"https:\/\/www.europesays.com\/fr\/595791\/","title":{"rendered":"Charles III annonce une\u00a0\u00ab bonne nouvelle \u00bb sur son cancer"},"content":{"rendered":"<p>Dans une rare allocution t\u00e9l\u00e9vis\u00e9e, le roi <a href=\"https:\/\/www.ledauphine.com\/p\/roi-charles-iii\" target=\"_blank\" rel=\"noopener\">Charles III<\/a> a annonc\u00e9\u00a0vendredi que son<a href=\"https:\/\/www.ledauphine.com\/societe\/2025\/03\/27\/le-roi-charles-iii-hospitalise-a-cause-d-effets-secondaires-de-son-traitement-contre-le-cancer\" target=\"_blank\" rel=\"noopener\"> traitement contre le cancer allait \u00eatre \u00ab r\u00e9duit \u00bb en 2026. <\/a>Une \u00ab bonne nouvelle \u00bb partag\u00e9e dans un message pr\u00e9-enregistr\u00e9 diffus\u00e9 sur la cha\u00eene Channel Four.<\/p>\n<p>\u00ab Je suis aujourd&rsquo;hui en mesure de vous annoncer la bonne nouvelle : gr\u00e2ce \u00e0 un diagnostic pr\u00e9coce, \u00e0 une intervention efficace et au respect des prescriptions m\u00e9dicales, mon programme de traitement contre le cancer pourra \u00eatre r\u00e9duit au cours de la nouvelle ann\u00e9e \u00bb, a d\u00e9clar\u00e9 le monarque de 77 ans, qualifiant cette nouvelle de \u00ab b\u00e9n\u00e9diction personnelle \u00bb. Il avait r\u00e9v\u00e9l\u00e9 en f\u00e9vrier 2024 souffrir d&rsquo;un cancer, sans en pr\u00e9ciser la nature.\u00a0Dans son message, il a cit\u00e9 \u00e0 deux reprises le cancer de l&rsquo;intestin mais des sources royales ont soulign\u00e9 qu&rsquo;il ne fallait y voir aucun \u00ab lien personnel \u00bb avec sa maladie. <\/p>\n<p>Une incitation \u00e0 se faire d\u00e9pister<\/p>\n<p>Le message de six minutes, enregistr\u00e9 fin novembre, a \u00e9t\u00e9 diffus\u00e9 dans le cadre d&rsquo;une \u00e9mission de la t\u00e9l\u00e9vision publique Channel 4 visant \u00e0 encourager la pr\u00e9vention du cancer et \u00e0 collecter des dons pour la recherche.\u00a0\u00ab Ce tournant est \u00e0 la fois une b\u00e9n\u00e9diction personnelle et l&rsquo;illustration des avanc\u00e9es remarquables r\u00e9alis\u00e9es dans le traitement du cancer ces derni\u00e8res ann\u00e9es. Une illustration qui j&rsquo;esp\u00e8re donnera du courage aux 50% d&rsquo;entre nous qui seront diagnostiqu\u00e9s avec cette maladie \u00e0 un moment de notre vie \u00bb, a soulign\u00e9 le souverain de 77 ans.<\/p>\n<p>Il a aussi encourag\u00e9 les Britanniques \u00e0 faire les tests de d\u00e9pistage le plus t\u00f4t possible, pour se donner toutes les chances de gu\u00e9rison. Charles III s&rsquo;est dit \u00ab profond\u00e9ment troubl\u00e9 \u00bb d&rsquo;apprendre qu&rsquo;\u00ab au moins neuf millions de personnes dans notre pays ne font pas les tests de d\u00e9pistage qui leur sont propos\u00e9s \u00bb. <\/p>\n<p>\u00ab C&rsquo;est au moins neuf millions d&rsquo;occasions rat\u00e9es d&rsquo;obtenir un diagnostic pr\u00e9coce \u00bb, a-t-il ajout\u00e9. \u00ab Un d\u00e9pistage sauve des vies, tout simplement \u00bb, a-t-il insist\u00e9.<\/p>\n<p>Le Premier ministre Keir Starmer s&rsquo;est f\u00e9licit\u00e9 sur X de ce \u00ab puissant message \u00bb de celui qui arriv\u00e9 sur le tr\u00f4ne en septembre 2022. \u00ab Je sais que je parle pour le pays tout entier en disant que je suis heureux que son traitement contre le cancer soit r\u00e9duit l&rsquo;an prochain \u00bb, a estim\u00e9 Keir Starmer.<\/p>\n","protected":false},"excerpt":{"rendered":"Dans une rare allocution t\u00e9l\u00e9vis\u00e9e, le roi Charles III a annonc\u00e9\u00a0vendredi que son traitement contre le cancer allait&hellip;\n","protected":false},"author":2,"featured_media":595792,"comment_status":"","ping_status":"","sticky":false,"template":"","format":"standard","meta":{"footnotes":""},"categories":[1588],"tags":[11,1777,674,107,329,12,973,473,1853,71,104,1851,1850,1852],"class_list":{"0":"post-595791","1":"post","2":"type-post","3":"status-publish","4":"format-standard","5":"has-post-thumbnail","7":"category-royaume-uni","8":"tag-actualites","9":"tag-eu","10":"tag-europe","11":"tag-fil-info","12":"tag-france-monde","13":"tag-news","14":"tag-people","15":"tag-royaume-uni","16":"tag-royaume-uni-de-grande-bretagne-et-dirlande-du-nord","17":"tag-sante","18":"tag-societe","19":"tag-uk","20":"tag-united-kingdom","21":"tag-united-kingdom-of-great-britain-and-northern-ireland"},"share_on_mastodon":{"url":"https:\/\/pubeurope.com\/@fr\/115709171742630826","error":""},"_links":{"self":[{"href":"https:\/\/www.europesays.com\/fr\/wp-json\/wp\/v2\/posts\/595791","targetHints":{"allow":["GET"]}}],"collection":[{"href":"https:\/\/www.europesays.com\/fr\/wp-json\/wp\/v2\/posts"}],"about":[{"href":"https:\/\/www.europesays.com\/fr\/wp-json\/wp\/v2\/types\/post"}],"author":[{"embeddable":true,"href":"https:\/\/www.europesays.com\/fr\/wp-json\/wp\/v2\/users\/2"}],"replies":[{"embeddable":true,"href":"https:\/\/www.europesays.com\/fr\/wp-json\/wp\/v2\/comments?post=595791"}],"version-history":[{"count":0,"href":"https:\/\/www.europesays.com\/fr\/wp-json\/wp\/v2\/posts\/595791\/revisions"}],"wp:featuredmedia":[{"embeddable":true,"href":"https:\/\/www.europesays.com\/fr\/wp-json\/wp\/v2\/media\/595792"}],"wp:attachment":[{"href":"https:\/\/www.europesays.com\/fr\/wp-json\/wp\/v2\/media?parent=595791"}],"wp:term":[{"taxonomy":"category","embeddable":true,"href":"https:\/\/www.europesays.com\/fr\/wp-json\/wp\/v2\/categories?post=595791"},{"taxonomy":"post_tag","embeddable":true,"href":"https:\/\/www.europesays.com\/fr\/wp-json\/wp\/v2\/tags?post=595791"}],"curies":[{"name":"wp","href":"https:\/\/api.w.org\/{rel}","templated":true}]}}