{"id":595793,"date":"2025-12-12T23:23:29","date_gmt":"2025-12-12T23:23:29","guid":{"rendered":"https:\/\/www.europesays.com\/fr\/595793\/"},"modified":"2025-12-12T23:23:29","modified_gmt":"2025-12-12T23:23:29","slug":"france-allemagne-maladroites-et-peu-inspirees-les-bleues-ne-verront-pas-la-finale-du-mondial","status":"publish","type":"post","link":"https:\/\/www.europesays.com\/fr\/595793\/","title":{"rendered":"France &#8211; Allemagne : maladroites et peu inspir\u00e9es, les Bleues ne verront pas la finale du Mondial"},"content":{"rendered":"<p>Les r\u00e9actions du coach et de Lucie Granier<\/p>\n<p><strong>S\u00e9bastien Gardillou <\/strong>: \u00ab\u00a0J&rsquo;ai consid\u00e9r\u00e9 qu&rsquo;on avait fait ce qui devait l&rsquo;\u00eatre. L&rsquo;Allemagne est ultra comp\u00e9titive, avec des joueuses qui canardent de loin. Avec nos moyens, on a essay\u00e9 de contrecarrer leurs plans mais on a pas r\u00e9ussi \u00e0 r\u00e9cup\u00e9rer les ballons, c&rsquo;est dommage. Les filles ont donn\u00e9 \u00e9norm\u00e9ment, elles ont \u00e9t\u00e9 conqu\u00e9rantes, combattantes. On tombe contre plus fort que nous, \u00e0 titre personnel, perdre contre une \u00e9quipe comme \u00e7a\u2026 Bravo \u00e0 l&rsquo;Allemagne. Le score est un peu s\u00e9v\u00e8re, on aurait du \u00eatre en dessous des 25 buts mais c&rsquo;est comme \u00e7a.\u00a0\u00bb<\/p>\n<p><strong>Lucie Granier<\/strong> : \u00ab\u00a0On est d\u00e9\u00e7ues, on aspirait \u00e0 mieux en termes de qualit\u00e9 de jeu et de r\u00e9sultat. On est tristes. On a pas r\u00e9ussi \u00e0 stopper leur jeu, on a pas \u00e9t\u00e9 \u00e0 la hauteur en d\u00e9fense, on n&rsquo;a pas mont\u00e9 les ballons, on en a perdu trop en attaque\u2026 Il en a manqu\u00e9 dans tous les secteurs. J&rsquo;ai eu le sentiment qu&rsquo;on pouvait revenir \u00e0 chaque fois mais on n&rsquo;a pas trouv\u00e9 le d\u00e9clic. Dans deux jours, on joue pour une m\u00e9daille de bronze donc il faut vite se remettre.\u00a0\u00bb<\/p>\n","protected":false},"excerpt":{"rendered":"Les r\u00e9actions du coach et de Lucie Granier S\u00e9bastien Gardillou : \u00ab\u00a0J&rsquo;ai consid\u00e9r\u00e9 qu&rsquo;on avait fait ce qui&hellip;\n","protected":false},"author":2,"featured_media":595794,"comment_status":"","ping_status":"","sticky":false,"template":"","format":"standard","meta":{"footnotes":""},"categories":[1587],"tags":[11,672,1804,1805,1803,1777,674,1801,1792,12,1802,60],"class_list":{"0":"post-595793","1":"post","2":"type-post","3":"status-publish","4":"format-standard","5":"has-post-thumbnail","7":"category-allemagne","8":"tag-actualites","9":"tag-allemagne","10":"tag-bundesrepublik-deutschland","11":"tag-de","12":"tag-deutschland","13":"tag-eu","14":"tag-europe","15":"tag-germany","16":"tag-handball","17":"tag-news","18":"tag-republique-federale-dallemagne","19":"tag-sports"},"share_on_mastodon":{"url":"https:\/\/pubeurope.com\/@fr\/115709175743968345","error":""},"_links":{"self":[{"href":"https:\/\/www.europesays.com\/fr\/wp-json\/wp\/v2\/posts\/595793","targetHints":{"allow":["GET"]}}],"collection":[{"href":"https:\/\/www.europesays.com\/fr\/wp-json\/wp\/v2\/posts"}],"about":[{"href":"https:\/\/www.europesays.com\/fr\/wp-json\/wp\/v2\/types\/post"}],"author":[{"embeddable":true,"href":"https:\/\/www.europesays.com\/fr\/wp-json\/wp\/v2\/users\/2"}],"replies":[{"embeddable":true,"href":"https:\/\/www.europesays.com\/fr\/wp-json\/wp\/v2\/comments?post=595793"}],"version-history":[{"count":0,"href":"https:\/\/www.europesays.com\/fr\/wp-json\/wp\/v2\/posts\/595793\/revisions"}],"wp:featuredmedia":[{"embeddable":true,"href":"https:\/\/www.europesays.com\/fr\/wp-json\/wp\/v2\/media\/595794"}],"wp:attachment":[{"href":"https:\/\/www.europesays.com\/fr\/wp-json\/wp\/v2\/media?parent=595793"}],"wp:term":[{"taxonomy":"category","embeddable":true,"href":"https:\/\/www.europesays.com\/fr\/wp-json\/wp\/v2\/categories?post=595793"},{"taxonomy":"post_tag","embeddable":true,"href":"https:\/\/www.europesays.com\/fr\/wp-json\/wp\/v2\/tags?post=595793"}],"curies":[{"name":"wp","href":"https:\/\/api.w.org\/{rel}","templated":true}]}}