{"id":595797,"date":"2025-12-12T23:25:19","date_gmt":"2025-12-12T23:25:19","guid":{"rendered":"https:\/\/www.europesays.com\/fr\/595797\/"},"modified":"2025-12-12T23:25:19","modified_gmt":"2025-12-12T23:25:19","slug":"a-partir-de-2026-les-petits-colis-importes-hors-ue-seront-soumis-a-de-nouvelles-taxes","status":"publish","type":"post","link":"https:\/\/www.europesays.com\/fr\/595797\/","title":{"rendered":"\u00c0 partir de 2026, les petits colis import\u00e9s hors UE seront soumis \u00e0 de nouvelles taxes"},"content":{"rendered":"<p>AA \/ Istanbul \/\u00a0Serap\u00a0Dogansoy<\/p>\n<p>Les achats r\u00e9alis\u00e9s sur les plateformes comme\u00a0Shein,\u00a0Temu\u00a0ou AliExpress devraient co\u00fbter plus cher \u00e0 partir de 2026, en raison de nouvelles taxes ciblant les \u00ab petits colis \u00bb d\u2019une valeur inf\u00e9rieure \u00e0 150 euros import\u00e9s dans l\u2019Union europ\u00e9enne. Les \u00c9tats membres ont act\u00e9 ce vendredi l\u2019instauration d\u2019un montant forfaitaire de 3 euros par colis \u00e0 compter du 1er juillet 2026, tandis que la France pr\u00e9voit sa propre taxe, allant de 2 \u00e0 5 euros selon les discussions budg\u00e9taires en cours.<\/p>\n<p>Jusqu\u2019ici exempt\u00e9s de droits de douane, ces colis, dont la majorit\u00e9 provient de Chine, seront d\u00e9sormais soumis \u00e0 une taxation europ\u00e9enne destin\u00e9e \u00e0 encadrer un afflux massif de produits \u00e0 bas prix. Cette mesure, valid\u00e9e par les ministres europ\u00e9ens de l\u2019\u00c9conomie, pourra s\u2019ajouter \u00e0 la taxe nationale envisag\u00e9e dans le cadre du projet de loi de finances (PLF) 2026. Le texte pr\u00e9voit des frais de gestion ciblant les colis import\u00e9s par des entreprises \u00e9tablies hors UE. Le S\u00e9nat a relev\u00e9 ce montant de 2 \u00e0 5 euros, malgr\u00e9 l\u2019opposition du gouvernement, mais le niveau d\u00e9finitif reste \u00e0 trancher.<\/p>\n<p>L\u2019ex\u00e9cutif europ\u00e9en avait d\u00e9j\u00e0 donn\u00e9 son feu vert, en novembre, \u00e0 la suppression de l\u2019exon\u00e9ration de droits de douane pour ces envois, appliqu\u00e9e depuis plusieurs ann\u00e9es. L\u2019objectif affich\u00e9 est de lutter contre la concurrence jug\u00e9e d\u00e9loyale des plateformes \u00e9trang\u00e8res et de renforcer la capacit\u00e9 des douanes \u00e0 contr\u00f4ler des volumes consid\u00e9rables d\u2019importations. Selon les donn\u00e9es europ\u00e9ennes, 4,6 milliards de colis de moins de 150 euros ont \u00e9t\u00e9 achemin\u00e9s vers l\u2019UE en 2024, soit 145 par seconde, dont 91 % en provenance de Chine.<\/p>\n<p>En France, le gouvernement avance que la taxe nationale vise \u00e0 s\u00e9curiser les flux d\u2019importation et \u00e0 faciliter la d\u00e9tection de produits dangereux ou non conformes. \u00c0 2 euros, Bercy estime son rendement \u00e0 environ 500 millions d\u2019euros ; un montant port\u00e9 entre 700 et 800 millions si la taxe \u00e9tait finalement fix\u00e9e \u00e0 5 euros, selon la ministre des Comptes publics.<\/p>\n<p>Les mesures europ\u00e9ennes et nationales doivent encore \u00eatre confirm\u00e9es dans les prochains mois et pourraient s\u2019appliquer de mani\u00e8re cumulative, modifiant significativement le prix final pay\u00e9 par les consommateurs d\u00e8s 2026.\u200b\u200b\u200b\u200b\u200b\u200b\u200b<\/p>\n<p>                            &#13;<br \/>\n                                <a href=\"https:\/\/www.aa.com.tr\/fr\/p\/abonnement\/1001\" target=\"_blank\" style=\"font-size:12px; color:#444; text-decoration:none;\" rel=\"noopener\">&#13;<br \/>\n                                    Seulement une partie des d\u00e9p\u00eaches, que l&rsquo;Agence Anadolu diffuse \u00e0 ses abonn\u00e9s via le Syst\u00e8me de Diffusion interne (HAS), est diffus\u00e9e sur le site de l&rsquo;AA, de mani\u00e8re r\u00e9sum\u00e9e. <b style=\"color:#1897F7\">Contactez-nous s&rsquo;il vous pla\u00eet pour vous abonner.<\/b>&#13;<br \/>\n                                <\/a>&#13;<\/p>\n","protected":false},"excerpt":{"rendered":"AA \/ Istanbul \/\u00a0Serap\u00a0Dogansoy Les achats r\u00e9alis\u00e9s sur les plateformes comme\u00a0Shein,\u00a0Temu\u00a0ou AliExpress devraient co\u00fbter plus cher \u00e0 partir&hellip;\n","protected":false},"author":2,"featured_media":595798,"comment_status":"","ping_status":"","sticky":false,"template":"","format":"standard","meta":{"footnotes":""},"categories":[1586],"tags":[11,1785,70847,1777,674,1779,1011,27,12,25,70848,1778,364],"class_list":{"0":"post-595797","1":"post","2":"type-post","3":"status-publish","4":"format-standard","5":"has-post-thumbnail","7":"category-europe","8":"tag-actualites","9":"tag-anadolu-ajansi","10":"tag-commande-en-ligne","11":"tag-eu","12":"tag-europe","13":"tag-european-union","14":"tag-fr","15":"tag-france","16":"tag-news","17":"tag-republique-francaise","18":"tag-taxe-sur-les-colis","19":"tag-ue","20":"tag-union-europeenne"},"share_on_mastodon":{"url":"https:\/\/pubeurope.com\/@fr\/115709183642490851","error":""},"_links":{"self":[{"href":"https:\/\/www.europesays.com\/fr\/wp-json\/wp\/v2\/posts\/595797","targetHints":{"allow":["GET"]}}],"collection":[{"href":"https:\/\/www.europesays.com\/fr\/wp-json\/wp\/v2\/posts"}],"about":[{"href":"https:\/\/www.europesays.com\/fr\/wp-json\/wp\/v2\/types\/post"}],"author":[{"embeddable":true,"href":"https:\/\/www.europesays.com\/fr\/wp-json\/wp\/v2\/users\/2"}],"replies":[{"embeddable":true,"href":"https:\/\/www.europesays.com\/fr\/wp-json\/wp\/v2\/comments?post=595797"}],"version-history":[{"count":0,"href":"https:\/\/www.europesays.com\/fr\/wp-json\/wp\/v2\/posts\/595797\/revisions"}],"wp:featuredmedia":[{"embeddable":true,"href":"https:\/\/www.europesays.com\/fr\/wp-json\/wp\/v2\/media\/595798"}],"wp:attachment":[{"href":"https:\/\/www.europesays.com\/fr\/wp-json\/wp\/v2\/media?parent=595797"}],"wp:term":[{"taxonomy":"category","embeddable":true,"href":"https:\/\/www.europesays.com\/fr\/wp-json\/wp\/v2\/categories?post=595797"},{"taxonomy":"post_tag","embeddable":true,"href":"https:\/\/www.europesays.com\/fr\/wp-json\/wp\/v2\/tags?post=595797"}],"curies":[{"name":"wp","href":"https:\/\/api.w.org\/{rel}","templated":true}]}}