{"id":595799,"date":"2025-12-12T23:26:14","date_gmt":"2025-12-12T23:26:14","guid":{"rendered":"https:\/\/www.europesays.com\/fr\/595799\/"},"modified":"2025-12-12T23:26:14","modified_gmt":"2025-12-12T23:26:14","slug":"menace-russe-lalarmante-cecite-dune-grande-partie-de-la-classe-politique-liberation","status":"publish","type":"post","link":"https:\/\/www.europesays.com\/fr\/595799\/","title":{"rendered":"Menace russe : l\u2019alarmante c\u00e9cit\u00e9 d\u2019une grande partie de la classe politique &#8211; Lib\u00e9ration"},"content":{"rendered":"<ol>\n<li><a href=\"https:\/\/news.google.com\/rss\/articles\/CBMi3gFBVV95cUxOMjllVnhrejFTRWQ1R2U1czh4cFN1Q0hsbWIxa0JQZURVaThJWmtmWTNBcUlSXzVqWmhsdU1hN19kSmdZWlh4a0cyeWcwQWNnVDJhaWJpYmZ3OFpHWGgyVjVka2U1Y0hfX01kRF9yTlY0MG1wVHp2bllmWUt6ZkRxZFpERlNBQW12MFNNZ2lvU2dkN25rbUpNVTF5RzQwNExJZWlHT3JCalhqNmpsaEhSNlg5Qk00SzVoaXF3anFzYUp5ODJsU3l5M2xSSE82R25uMGNOWEEzU3dfR3g0Wnc?oc=5\" target=\"_blank\" rel=\"noopener\">Menace russe : l\u2019alarmante c\u00e9cit\u00e9 d\u2019une grande partie de la classe politique<\/a>&nbsp;&nbsp;Lib\u00e9ration<\/li>\n<li><a href=\"https:\/\/news.google.com\/rss\/articles\/CBMi2wFBVV95cUxOLVBlczMzT3kyVWthLXFSRU1QNkJDRnpiSnNzbXN3TzdYbHVlYTVrNExCLS1HVkdESFY1Y3RESGtDdzNVaERGenMzbmFJQ25QMEVSZURFZDNHTEF1b0lCNk56elluSnNIN2F2bG1fdndkeVBhLVEwcGhFUkEyOTA4ektyWjQ1MWlBR2haNjA4b2xjRU1nRnpxSkptZ096eTRRT2xCSFlxWHpFMVdZazlLTnRMa3hFVDBzTG5tSWtmaDIyNjNNY3lVamlvZXM3cnE0dkJwRnpJOXFFRk0?oc=5\" target=\"_blank\" rel=\"noopener\">Guerre en Ukraine : \u00ab Il y a une v\u00e9ritable pr\u00e9occupation des Fran\u00e7ais par rapport au conflit \u00bb<\/a>&nbsp;&nbsp;Le Point<\/li>\n<li><a href=\"https:\/\/news.google.com\/rss\/articles\/CBMi4AFBVV95cUxNdnVENlhTOVVvV2l1elNnd01GLThSdUVDYzlzakJsN3lCbUVnNHhNX1lGRFhRWldtRWZLREhNMUtSc2hucEtFLVBueGNzYVE0OUc0cklFM2JGaXdZVUFPUlp5TDJNNzBiSWROc3FNNTNKdksxQXNXTUdjdzVVNFc2aTNRZEsyMXFLbHJfS3JzWE5iLTA1Tl9DaVlsZU5qZVJxcmNIdnJHcFNIdUdzOUhGb3Vuc2NWbGtZN3FIbmRUUW5fci1Iby1odUVoLV9jdUJ5MEMyRVNuVGFkV08xeENsdw?oc=5\" target=\"_blank\" rel=\"noopener\">\u00ab\u00a0N\u2019\u00e9crivons pas l\u2019avenir avec le sang de nos enfants\u00a0\u00bb: ils descendent dans la rue pour d\u00e9fendre la paix<\/a>&nbsp;&nbsp;ladepeche.fr<\/li>\n<li><a href=\"https:\/\/news.google.com\/rss\/articles\/CBMiwwFBVV95cUxObXJaYnRNNnBRZ3Z1NUFNZjRIcGdiRjNoeFd1SGZ2VTZxS1BGUFlwc1pzX2xRSTJrSVltWlhmMGF0bUlVR0ppdFhYZ25Xd1NfNk8zM3RSVW9DbXpESk51WlRjNnoxRXF3N2FzNnhWRWJOZG1UcDBEVzN6ZFRXN2VTUE45Wk9aRVd6ck85M29GZ1g5OXBIZURCWnR2QnZwZ2cyTlBLYWhLUnd6bEN0NGNUZ3ZYeU96d2lnSTcybHg0c21rUVk?oc=5\" target=\"_blank\" rel=\"noopener\">\u00ab Une guerre ne s\u2019improvise pas \u00bb : l\u2019avertissement du g\u00e9n\u00e9ral Christophe Gomart<\/a>&nbsp;&nbsp;Valeurs actuelles<\/li>\n<li><a href=\"https:\/\/news.google.com\/rss\/articles\/CBMi_wFBVV95cUxPMmlnZkdnSnlHTGRSaUU3ZXRqdnlsLU01Z1JaUW9Wa256ZV9IX2FMQnhMQ0d6elUtV0ptNVVZMUE4MzJWdkZOQXBoRWgyS1F1QzFseUM0SUxqd3A0bWF4TXhOLWRXR3RJMENaTHNUNC1WSmRvWGVKd2lzM2x3V1F3eVJNZzk0SXJLVXc3bEZrdWxhcndIUEk0X28zdTJ4enVYeHJaeGRJUkdHR2l4aEtMdTFLRTNZN1BpT0pZcHR1a3BzZXVlTGRYVG5MN3lYdXRmcUZ4REZiVlRJRjd4SUZyX3FtMlozazZ1LWlJbUN3X2V1RXQxVGZqUTNXelNjNFk?oc=5\" target=\"_blank\" rel=\"noopener\">\u00ab Accepter de perdre ses enfants \u00bb : le maire invit\u00e9 \u00e0 se positionner sur les propos du g\u00e9n\u00e9ral Mandon<\/a>&nbsp;&nbsp;Le JSL<\/li>\n<\/ol>\n","protected":false},"excerpt":{"rendered":"Menace russe : l\u2019alarmante c\u00e9cit\u00e9 d\u2019une grande partie de la classe politique&nbsp;&nbsp;Lib\u00e9ration Guerre en Ukraine : \u00ab Il&hellip;\n","protected":false},"author":2,"featured_media":595800,"comment_status":"","ping_status":"","sticky":false,"template":"","format":"standard","meta":{"footnotes":""},"categories":[2],"tags":[11,1011,27,12,25,132,135],"class_list":{"0":"post-595799","1":"post","2":"type-post","3":"status-publish","4":"format-standard","5":"has-post-thumbnail","7":"category-actualites","8":"tag-actualites","9":"tag-fr","10":"tag-france","11":"tag-news","12":"tag-republique-francaise","13":"tag-russie","14":"tag-vladimir-poutine"},"share_on_mastodon":{"url":"https:\/\/pubeurope.com\/@fr\/115709187617716520","error":""},"_links":{"self":[{"href":"https:\/\/www.europesays.com\/fr\/wp-json\/wp\/v2\/posts\/595799","targetHints":{"allow":["GET"]}}],"collection":[{"href":"https:\/\/www.europesays.com\/fr\/wp-json\/wp\/v2\/posts"}],"about":[{"href":"https:\/\/www.europesays.com\/fr\/wp-json\/wp\/v2\/types\/post"}],"author":[{"embeddable":true,"href":"https:\/\/www.europesays.com\/fr\/wp-json\/wp\/v2\/users\/2"}],"replies":[{"embeddable":true,"href":"https:\/\/www.europesays.com\/fr\/wp-json\/wp\/v2\/comments?post=595799"}],"version-history":[{"count":0,"href":"https:\/\/www.europesays.com\/fr\/wp-json\/wp\/v2\/posts\/595799\/revisions"}],"wp:featuredmedia":[{"embeddable":true,"href":"https:\/\/www.europesays.com\/fr\/wp-json\/wp\/v2\/media\/595800"}],"wp:attachment":[{"href":"https:\/\/www.europesays.com\/fr\/wp-json\/wp\/v2\/media?parent=595799"}],"wp:term":[{"taxonomy":"category","embeddable":true,"href":"https:\/\/www.europesays.com\/fr\/wp-json\/wp\/v2\/categories?post=595799"},{"taxonomy":"post_tag","embeddable":true,"href":"https:\/\/www.europesays.com\/fr\/wp-json\/wp\/v2\/tags?post=595799"}],"curies":[{"name":"wp","href":"https:\/\/api.w.org\/{rel}","templated":true}]}}