{"id":595801,"date":"2025-12-12T23:27:18","date_gmt":"2025-12-12T23:27:18","guid":{"rendered":"https:\/\/www.europesays.com\/fr\/595801\/"},"modified":"2025-12-12T23:27:18","modified_gmt":"2025-12-12T23:27:18","slug":"larmee-de-kiev-se-rebiffe-une-treve-reclamee-au-moins-sur-leau","status":"publish","type":"post","link":"https:\/\/www.europesays.com\/fr\/595801\/","title":{"rendered":"L\u2019arm\u00e9e de Kiev se rebiffe, une tr\u00eave r\u00e9clam\u00e9e au moins sur l\u2019eau"},"content":{"rendered":"<p>Vous avez rat\u00e9 les derniers \u00e9v\u00e9nements sur la <a href=\"https:\/\/www.20minutes.fr\/monde\/ukraine\/\" class=\"c-link c-link--is-underlined\" target=\"_blank\" rel=\"noopener\">guerre en Ukraine<\/a>\u00a0? 20 Minutes fait le point pour vous tous les soirs. Voici l\u2019essentiel de ce vendredi 12\u00a0d\u00e9cembre, au 1.388e jour du conflit.<\/p>\n<p>Le fait du jour<\/p>\n<p>Un sursaut bienvenu. En difficult\u00e9 ces derni\u00e8res semaines, les forces ukrainiennes ont affirm\u00e9 vendredi avoir repris aux troupes russes deux localit\u00e9s pr\u00e8s de la ville de Koupiansk, un n\u0153ud ferroviaire cl\u00e9 dans la r\u00e9gion de Kharkiv (nord-est de l\u2019Ukraine) que la Russie a affirm\u00e9 avoir captur\u00e9 en novembre. Les troupes ukrainiennes ont \u00ab\u00a0effectu\u00e9 une perc\u00e9e jusqu\u2019\u00e0 la rivi\u00e8re Oskil, coupant les lignes d\u2019approvisionnement de l\u2019ennemi\u00a0\u00bb et \u00ab\u00a0lib\u00e9r\u00e9\u00a0\u00bb les villages de Kindrachivka et de Radkivka ainsi que des quartiers au nord de Koupiansk, a annonc\u00e9 la brigade ukrainienne Khartia. Cette unit\u00e9 fait partie du groupement cr\u00e9\u00e9 par Kiev pour \u00ab\u00a0\u00e9liminer\u00a0\u00bb la perc\u00e9e russe dans cette zone, selon la m\u00eame source.<\/p>\n<p>L\u2019arm\u00e9e russe occupe actuellement 20\u00a0% du territoire de l\u2019Ukraine dans l\u2019Est et le Sud dont plusieurs zones de la r\u00e9gion de Kharkiv. Le mois dernier, la Russie avait affirm\u00e9 <a href=\"https:\/\/www.20minutes.fr\/monde\/ukraine\/4186760-20251120-direct-guerre-ukraine-etats-unis-proposent-plan-paix-particulierement-defavorable-kiev\" class=\"c-link c-link--is-underlined\" target=\"_blank\" rel=\"noopener\">avoir repris la ville cl\u00e9 de Koupiansk<\/a>, mais l\u2019arm\u00e9e ukrainienne avait d\u00e9menti.<\/p>\n<p>C\u2019est dans ce contexte que Volodymyr Zelensky s\u2019est rendu aupr\u00e8s de ses troupes ukrainiennes dans le secteur de Koupiansk (nord-est de l\u2019Ukraine). \u00ab\u00a0J\u2019ai adress\u00e9 mes f\u00e9licitations aux gars. Merci \u00e0 chaque unit\u00e9 et \u00e0 tous ceux qui combattent, tous ceux qui d\u00e9truisent l\u2019occupant\u00a0\u00bb, a d\u00e9clar\u00e9 le pr\u00e9sident ukrainien.<\/p>\n<p>La d\u00e9claration du jour<\/p>\n<blockquote class=\"mx-m@xs mx-xxl@md color-ultramarine c-citation\">\n<p class=\"font-weight-regular@xs text-italic font-source-serif-pro text-l@xs c-citation__content\">\u00ab\u00a0Nous insistons une fois de plus sur l\u2019importance d\u2019un cessez-le-feu imm\u00e9diat entre la Russie et l\u2019Ukraine et r\u00e9it\u00e9rons la n\u00e9cessit\u00e9 d\u2019un accord visant \u00e0 pr\u00e9venir toute escalade en mer Noire\u00a0\u00bb<\/p>\n<\/blockquote>\n<p>Les paroles sont sign\u00e9es du minist\u00e8re turc des Affaires \u00e9trang\u00e8res. Celui-ci a appel\u00e9 vendredi \u00e0 une \u00ab\u00a0suspension\u00a0\u00bb des attaques contre les ports et les infrastructures \u00e9nerg\u00e9tiques apr\u00e8s qu\u2019un navire de transport turc a \u00e9t\u00e9 endommag\u00e9 dans une frappe a\u00e9rienne russe pr\u00e8s de la ville portuaire ukrainienne d\u2019<a href=\"https:\/\/www.20minutes.fr\/dossier\/odessa\" class=\"c-link c-link--is-underlined\" target=\"_blank\" rel=\"noopener\">Odessa<\/a>, sur la mer Noire.<\/p>\n<p>Le pr\u00e9sident turc <a href=\"https:\/\/www.20minutes.fr\/monde\/recep_tayyip_erdogan\/\" class=\"c-link c-link--is-underlined\" target=\"_blank\" rel=\"noopener\">Recep Tayyip Erdogan<\/a>, qui entretient des liens \u00e9troits avec Kiev et Moscou, \u00ab\u00a0a sugg\u00e9r\u00e9 qu\u2019un cessez-le-feu limit\u00e9, sur les installations \u00e9nerg\u00e9tiques et des ports, serait b\u00e9n\u00e9fique\u00a0\u00bb, ont indiqu\u00e9 ses services dans un communiqu\u00e9.<\/p>\n<\/p>\n<p>La tendance<\/p>\n<p>Le chancelier allemand Friedrich Merz recevra lundi \u00e0 <a href=\"https:\/\/www.20minutes.fr\/dossier\/berlin\" class=\"c-link c-link--is-underlined\" target=\"_blank\" rel=\"noopener\">Berlin<\/a> Volodymyr Zelensky, puis de \u00ab\u00a0nombreux\u00a0\u00bb dirigeants de pays europ\u00e9ens, ceux de l\u2019Union europ\u00e9enne et de l\u2019Otan, a confirm\u00e9 ce vendredi son porte-parole. Les discussions, organis\u00e9es en deux temps, porteront sur \u00ab\u00a0l\u2019\u00e9tat des n\u00e9gociations de paix en Ukraine\u00a0\u00bb, alors que les Etats-Unis accentuent leur pression sur Kiev pour parvenir \u00e0 un accord de cessez-le-feu avec la Russie.<\/p>\n<p>Ce vendredi soir, la pr\u00e9sidence fran\u00e7aise a fait savoir que les Europ\u00e9ens et Ukrainiens demandent aux Am\u00e9ricains de leur apporter des \u00ab\u00a0garanties de s\u00e9curit\u00e9\u00a0\u00bb avant toute n\u00e9gociation territoriale dans l\u2019est de l\u2019Ukraine occup\u00e9e par les Russes. Les Ukrainiens n\u2019ont fait aucun \u00ab\u00a0deal sur les territoires\u00a0\u00bb et \u00ab\u00a0n\u2019en envisagent pas aujourd\u2019hui\u00a0\u00bb, assure l\u2019Elys\u00e9e.<\/p>\n<p><a href=\"https:\/\/www.20minutes.fr\/monde\/ukraine\/\" class=\"c-link c-btn c-btn--primary\" target=\"_blank\" rel=\"noopener\">Notre dossier sur la guerre en Ukraine<\/a><\/p>\n<p>Les discussions se sont acc\u00e9l\u00e9r\u00e9es avec le plan pr\u00e9sent\u00e9 par l\u2019administration am\u00e9ricaine il y a pr\u00e8s de trois semaines pour r\u00e9soudre la guerre, qui reprenait des exigences majeures de Moscou.<\/p>\n<p>Alors que Kiev a remis une version amend\u00e9e de ce texte comprenant des contre-propositions, le pr\u00e9sident ukrainien a confirm\u00e9 jeudi que les \u00c9tats-Unis souhaitaient conclure un accord \u00ab\u00a0le plus t\u00f4t\u00a0\u00bb possible.<\/p>\n<p>Le chiffre du jour<\/p>\n<p>30. C\u2019est le nombre de canons Caesar suppl\u00e9mentaires que la Lituanie a command\u00e9 au franco-allemand KNDS, cette commande s\u2019ajoutant \u00e0 18 pi\u00e8ces acquises en\u00a02022, a annonc\u00e9 le groupe de d\u00e9fense, sans donner de montant. Selon le quotidien La Tribune, le contrat s\u2019\u00e9l\u00e8ve \u00e0 252\u00a0millions d\u2019euros.<\/p>\n<p>Ce pays balte, ex-r\u00e9publique sovi\u00e9tique frontali\u00e8re \u00e0 la Russie, disposera ainsi d\u2019ici\u00a02030 d\u2019une division enti\u00e8re de canons Caesar, fabriqu\u00e9s par la branche fran\u00e7aise de KNDS et \u00e9prouv\u00e9s sur le front ukrainien. Les livraisons d\u00e9buteront au premier semestre\u00a02027. Ce choix \u00ab\u00a0participera \u00e0 la protection du flanc Est de l\u2019Otan\u00a0\u00bb, souligne KNDS.<\/p>\n<p>Depuis l\u2019annexion de la p\u00e9ninsule ukrainienne de la Crim\u00e9e par la Russie en\u00a02014 et le d\u00e9but de la guerre en Ukraine, la Lituanie est l\u2019un des pays europ\u00e9ens les plus en alerte face \u00e0 la menace russe.<\/p>\n","protected":false},"excerpt":{"rendered":"Vous avez rat\u00e9 les derniers \u00e9v\u00e9nements sur la guerre en Ukraine\u00a0? 20 Minutes fait le point pour vous&hellip;\n","protected":false},"author":2,"featured_media":595802,"comment_status":"","ping_status":"","sticky":false,"template":"","format":"standard","meta":{"footnotes":""},"categories":[2],"tags":[47,11,13469,1011,27,4710,131,2050,74,1916,12,23851,3497,25,132,3496,135,134],"class_list":{"0":"post-595801","1":"post","2":"type-post","3":"status-publish","4":"format-standard","5":"has-post-thumbnail","7":"category-actualites","8":"tag-actualite","9":"tag-actualites","10":"tag-crimee","11":"tag-fr","12":"tag-france","13":"tag-friedrich-merz","14":"tag-guerre-en-ukraine","15":"tag-lituanie","16":"tag-monde","17":"tag-moscou","18":"tag-news","19":"tag-odessa","20":"tag-recep-tayyip-erdogan","21":"tag-republique-francaise","22":"tag-russie","23":"tag-turquie","24":"tag-vladimir-poutine","25":"tag-volodymyr-zelensky"},"share_on_mastodon":{"url":"https:\/\/pubeurope.com\/@fr\/115709191398713149","error":""},"_links":{"self":[{"href":"https:\/\/www.europesays.com\/fr\/wp-json\/wp\/v2\/posts\/595801","targetHints":{"allow":["GET"]}}],"collection":[{"href":"https:\/\/www.europesays.com\/fr\/wp-json\/wp\/v2\/posts"}],"about":[{"href":"https:\/\/www.europesays.com\/fr\/wp-json\/wp\/v2\/types\/post"}],"author":[{"embeddable":true,"href":"https:\/\/www.europesays.com\/fr\/wp-json\/wp\/v2\/users\/2"}],"replies":[{"embeddable":true,"href":"https:\/\/www.europesays.com\/fr\/wp-json\/wp\/v2\/comments?post=595801"}],"version-history":[{"count":0,"href":"https:\/\/www.europesays.com\/fr\/wp-json\/wp\/v2\/posts\/595801\/revisions"}],"wp:featuredmedia":[{"embeddable":true,"href":"https:\/\/www.europesays.com\/fr\/wp-json\/wp\/v2\/media\/595802"}],"wp:attachment":[{"href":"https:\/\/www.europesays.com\/fr\/wp-json\/wp\/v2\/media?parent=595801"}],"wp:term":[{"taxonomy":"category","embeddable":true,"href":"https:\/\/www.europesays.com\/fr\/wp-json\/wp\/v2\/categories?post=595801"},{"taxonomy":"post_tag","embeddable":true,"href":"https:\/\/www.europesays.com\/fr\/wp-json\/wp\/v2\/tags?post=595801"}],"curies":[{"name":"wp","href":"https:\/\/api.w.org\/{rel}","templated":true}]}}