{"id":595805,"date":"2025-12-12T23:29:16","date_gmt":"2025-12-12T23:29:16","guid":{"rendered":"https:\/\/www.europesays.com\/fr\/595805\/"},"modified":"2025-12-12T23:29:16","modified_gmt":"2025-12-12T23:29:16","slug":"gandon-perd-du-terrain-devove-saccroche-amat-seloigne-du-pga-tour","status":"publish","type":"post","link":"https:\/\/www.europesays.com\/fr\/595805\/","title":{"rendered":"Gandon perd du terrain, Devove s&rsquo;accroche, Amat s&rsquo;\u00e9loigne du PGA Tour"},"content":{"rendered":"<p>\t\t\t\t\t\t<img width=\"770\" height=\"556\" src=\"data:image\/svg+xml,%3Csvg%20xmlns=\" http:=\"\" class=\"img-responsive wp-post-image\" alt=\"jeremy gandon \u00a9pga tour\" decoding=\"async\" fetchpriority=\"high\" data-lazy- data-lazy- data-lazy-src=\"https:\/\/www.europesays.com\/fr\/wp-content\/uploads\/2025\/12\/jeremy-gandon-\u00a9pga-tour-770x556.jpeg\"\/>\t\t\t\t\t<\/p>\n<p>\t\t\t\t\t\t Partager cet article <\/p>\n<p class=\"screen-reader-text juiz_sps_maybe_hidden_text\">Partager la publication \u00ab\u00a0Gandon perd du terrain, Devove s\u2019accroche, Amat s\u2019\u00e9loigne du PGA Tour\u00a0\u00bb<\/p>\n<p><strong>Pour les trois Fran\u00e7ais en lice, il va falloir frapper un grand coup ce week-end pour aller chercher l\u2019une des cinq places pour le PGA Tour 2026 propos\u00e9es cette semaine par la Q-School. L\u2019espoir demeure apr\u00e8s deux tours pour J\u00e9r\u00e9my Gandon, malgr\u00e9 un deuxi\u00e8me tour d\u00e9licat. Les leaders sont au nombre de cinq. Cinq comme le nombre de tickets gagnants\u2026<\/strong><\/p>\n<p>&#13;<br \/>\nL\u2019heure de v\u00e9rit\u00e9 approche. Et dans leurs positions, les Fran\u00e7ais n\u2019ont plus le choix. Il va falloir sortir le tr\u00e8s grand jeu pour aller conqu\u00e9rir l\u2019une des cinq premi\u00e8res places de la <strong>Q-School<\/strong> qui propulsera les heureux \u00e9lus sur le <strong>PGA Tour<\/strong>.<\/p>\n<p>Pour <strong>Bastien Amat<\/strong>, tr\u00e8s mal parti depuis hier et de nouveau \u00e0 la peine ce vendredi, c\u2019est pratiquement pli\u00e9. M\u00eame s\u2019il n\u2019y a pas de cut cette semaine. L\u2019ancien \u00e9tudiant \u00e0 l\u2019universit\u00e9 du Nouveau-Mexique est trop loin au classement (+8) pour y croire, m\u00eame si un score de folie est toujours possible. Mais il en faudrait deux\u2026<\/p>\n<p>Pour <strong>Quentin Debov<\/strong>e, +2 apr\u00e8s ces deux premiers tours, il faudrait non pas un miracle, mais un week-end d\u2019exception pour gagner son ticket vers l\u2019Eldorado. Mais apr\u00e8s tout, puisque les deux parcours jou\u00e9s cette semaine sont exigeants et que les \u00e9carts ne sont pas \u00e9normes, la 5e place n\u2019est qu\u2019\u00e0 dix coups. Alors peut-\u00eatre\u2026<\/p>\n<p>Pour <strong>J\u00e9r\u00e9my Gandon <\/strong>(photo), tr\u00e8s bien plac\u00e9 apr\u00e8s le 1er tour (6e), l\u2019espoir reste tangible, mais il s\u2019est un peu r\u00e9duit. Son deuxi\u00e8me tour s\u2019est assez vite mal engag\u00e9 avec un double bogey d\u00e8s le troisi\u00e8me trou. Il rend une carte de +1 qui le fait reculer hors du top 30. Mais tout espoir n\u2019est pas perdu. Il n\u2019est qu\u2019\u00e0 cinq coups du PGA Tour.<\/p>\n<p>Villegas \u00e0 la relance<\/p>\n<p>Les leaders du tournoi sont cinq, cinq joueurs qui r\u00eavent de voir le classement se figer tel quel. <\/p>\n<p>Le Japonais <strong>Kota Kaneko \u2013 <\/strong>qui a rentr\u00e9 un coup de fer pour eagle sur son ant\u00e9p\u00e9nulti\u00e8me trou \u2013 les Am\u00e9ricains <strong>Trevor Cone<\/strong> et <strong>John Pak<\/strong>, le Canadien<strong> A.J. Ewart<\/strong> \u2013 qui s\u2019est offert un trou en un \u2013 et un homme <a href=\"https:\/\/www.golfplanete.com\/actualites\/il-score-un-incroyable-59-sur-le-korn-ferry-tour\/\" target=\"_blank\" rel=\"noopener\">qui a scor\u00e9 59<\/a> un jour de 2023 sur le <strong>Korn Ferry Tour<\/strong>. <strong>Michael Feagles<\/strong>, 28 ans, n\u2019a jou\u00e9 que deux tournois dans sa jeune carri\u00e8re sur le PGA Tour, mais si on en restait l\u00e0, la dose augmenterait l\u2019ann\u00e9e prochaine.<\/p>\n<p>Mais il reste 36 trous \u00e0 jouer et bien des \u00e9motions \u00e0 g\u00e9rer pour tous les joueurs en lice. A la sixi\u00e8me place figurent deux anciens vainqueurs sur le PGA Tour. <strong>Camilo Villegas<\/strong>, 43 ans, cinq fois laur\u00e9at <a href=\"https:\/\/www.golfplanete.com\/actualites\/camilo-villegas-ma-petite-fille-la-haut-me-regarde-et-sourit\/\" target=\"_blank\" rel=\"noopener\">dont une derni\u00e8re \u00e0 \u00e9motions il y a deux ans<\/a>, et <strong>Adam Svensson<\/strong>, <a href=\"https:\/\/www.golfplanete.com\/actualites\/premiere-victoire-pour-le-canadien-adam-svensson\/\" target=\"_blank\" rel=\"noopener\">sacr\u00e9 sur le <strong>RSM Classic <\/strong><\/a>en 2022, sont pour l\u2019instant hors des clous. Pour l\u2019instant.<\/p>\n<p>Le Colombien a claqu\u00e9 un superbe 65 et le Canadien a rendu la meilleure carte du jour (64), tous les deux sur le parcours du <strong data-start=\"399\" data-end=\"424\">Sawgrass Country Club<\/strong>.<\/p>\n<p>Si Villegas ne parvenait pas \u00e0 accrocher le top 5, il faut noter qu\u2019il b\u00e9n\u00e9ficiera quand m\u00eame d\u2019un statut d\u2019ancien vainqueur l\u2019an prochain sur le PGA Tour, mais \u00e9videmment avec des apparitions plus limit\u00e9es. L\u2019enjeu est donc d\u2019importance, pour lui aussi.<\/p>\n<p>Le leaderboard<\/p>\n<p><img loading=\"lazy\" decoding=\"async\" class=\"alignnone wp-image-194053 size-large\" src=\"data:image\/svg+xml,%3Csvg%20xmlns=\" http:=\"\" alt=\"\" width=\"770\" height=\"640\" data-lazy- data-lazy- data-lazy-src=\"https:\/\/www.europesays.com\/fr\/wp-content\/uploads\/2025\/12\/capture-decran-2025-12-12-a-22.05.11-770x640.png\"\/><\/p>\n<p>Photo Hector Vivas \/ Getty Images South America \/ Getty Images via AFP<\/p>\n","protected":false},"excerpt":{"rendered":"Partager cet article Partager la publication \u00ab\u00a0Gandon perd du terrain, Devove s\u2019accroche, Amat s\u2019\u00e9loigne du PGA Tour\u00a0\u00bb Pour&hellip;\n","protected":false},"author":2,"featured_media":595806,"comment_status":"","ping_status":"","sticky":false,"template":"","format":"standard","meta":{"footnotes":""},"categories":[1418],"tags":[1011,27,1472,60],"class_list":{"0":"post-595805","1":"post","2":"type-post","3":"status-publish","4":"format-standard","5":"has-post-thumbnail","7":"category-golf","8":"tag-fr","9":"tag-france","10":"tag-golf","11":"tag-sports"},"share_on_mastodon":{"url":"https:\/\/pubeurope.com\/@fr\/115709199250355185","error":""},"_links":{"self":[{"href":"https:\/\/www.europesays.com\/fr\/wp-json\/wp\/v2\/posts\/595805","targetHints":{"allow":["GET"]}}],"collection":[{"href":"https:\/\/www.europesays.com\/fr\/wp-json\/wp\/v2\/posts"}],"about":[{"href":"https:\/\/www.europesays.com\/fr\/wp-json\/wp\/v2\/types\/post"}],"author":[{"embeddable":true,"href":"https:\/\/www.europesays.com\/fr\/wp-json\/wp\/v2\/users\/2"}],"replies":[{"embeddable":true,"href":"https:\/\/www.europesays.com\/fr\/wp-json\/wp\/v2\/comments?post=595805"}],"version-history":[{"count":0,"href":"https:\/\/www.europesays.com\/fr\/wp-json\/wp\/v2\/posts\/595805\/revisions"}],"wp:featuredmedia":[{"embeddable":true,"href":"https:\/\/www.europesays.com\/fr\/wp-json\/wp\/v2\/media\/595806"}],"wp:attachment":[{"href":"https:\/\/www.europesays.com\/fr\/wp-json\/wp\/v2\/media?parent=595805"}],"wp:term":[{"taxonomy":"category","embeddable":true,"href":"https:\/\/www.europesays.com\/fr\/wp-json\/wp\/v2\/categories?post=595805"},{"taxonomy":"post_tag","embeddable":true,"href":"https:\/\/www.europesays.com\/fr\/wp-json\/wp\/v2\/tags?post=595805"}],"curies":[{"name":"wp","href":"https:\/\/api.w.org\/{rel}","templated":true}]}}