{"id":595811,"date":"2025-12-12T23:38:20","date_gmt":"2025-12-12T23:38:20","guid":{"rendered":"https:\/\/www.europesays.com\/fr\/595811\/"},"modified":"2025-12-12T23:38:20","modified_gmt":"2025-12-12T23:38:20","slug":"pour-les-70-ans-du-criterium-de-val-disere-jean-claude-killy-ouvre-la-boite-a-souvenirs","status":"publish","type":"post","link":"https:\/\/www.europesays.com\/fr\/595811\/","title":{"rendered":"pour les 70 ans du Crit\u00e9rium de Val d\u2019Is\u00e8re, Jean-Claude Killy ouvre la bo\u00eete \u00e0 souvenirs"},"content":{"rendered":"<p>\n    <strong>RENCONTRE<\/strong> &#8211; L\u2019enfant de la station et illustre champion accompagne les 70\u00a0ans du Crit\u00e9rium de la premi\u00e8re neige, \u00e9voque Henri Oreiller ou les s\u0153urs Goitschel et se projette sur les Jeux de 2030 dans les Alpes.<\/p>\n<p class=\"fig-paragraph\">Il \u00e9tait une fois\u2026 un village devenu un passage oblig\u00e9 du \u00ab\u00a0cirque blanc\u00a0\u00bb. Le Crit\u00e9rium de la premi\u00e8re neige de\u00a0<a href=\"http:\/\/www.lefigaro.fr\/sports\/jeux-olympiques\/jo-d-hiver-2030-val-d-isere-aurait-l-avantage-sur-meribel-pour-accueillir-le-ski-alpin-20250722\" data-fig-type=\"NewsFlash\" data-gtm-custom-categorie=\"navigation\" data-gtm-custom-action=\"crossclick\" data-gtm-custom-label=\"Contextuel\" data-gtm-event=\"customEventSPE\" data-fig-domain=\"LEFIGARO\" target=\"_blank\" rel=\"noopener\">Val d\u2019Is\u00e8re<\/a>\u00a0f\u00eatera, ce samedi (g\u00e9ant hommes) et dimanche (slalom hommes), sur la sublime et redout\u00e9e face de Bellevarde, son 70e\u00a0anniversaire. Un moment fort. Pr\u00eat \u00e0 entrer dans un \u00e9pais livre d\u2019or. Les \u00e9pisodes proposeront le Suisse Marco Odermatt et le Fran\u00e7ais\u00a0<a href=\"http:\/\/www.lefigaro.fr\/sports\/jeux-olympiques\/le-meilleur-du-monde-actuellement-clement-noel-lance-sa-course-vers-l-or-olympique-en-ski-alpin-20251113\" data-fig-type=\"Article\" data-gtm-custom-categorie=\"navigation\" data-gtm-custom-action=\"crossclick\" data-gtm-custom-label=\"Contextuel\" data-gtm-event=\"customEventSPE\" data-fig-domain=\"LEFIGARO\" target=\"_blank\" rel=\"noopener\">Cl\u00e9ment No\u00ebl<\/a>\u00a0en t\u00eates d\u2019affiche de cette nouvelle \u00e9tape de la Coupe du monde de ski alpin, de cet incontournable rendez-vous de l\u2019hiver.<\/p>\n<p class=\"fig-paragraph\">\u00ab Val d\u2019Is\u00e8re, c\u2019\u00e9tait le fond de la vall\u00e9e, inaccessible, dure, froide. On n\u2019est pas comme les autres. On vient de loin. Voil\u00e0 pourquoi on se serre les coudes. En 1955, ann\u00e9e de la premi\u00e8re \u00e9dition du Crit\u00e9rium, j\u2019avais 12\u00a0ans, Val d\u2019Is\u00e8re \u00e9tait un petit village, mais tr\u00e8s bien \u00e9quip\u00e9 pour le ski. Avec un esprit pionnier. Quand il y avait une chute de neige, il y avait des coupures d\u2019\u00e9lectricit\u00e9. Et lorsqu\u2019il y avait une avalanche \u00e0 l\u2019entr\u00e9e de Val d\u2019Is\u00e8re, on pouvait rester isol\u00e9\u2026<\/p>\n<p class=\"fig-premium-paywall__infos\">\n        Cet article est r\u00e9serv\u00e9 aux abonn\u00e9s.        Il vous reste 91% \u00e0 d\u00e9couvrir.\n    <\/p>\n<p>                <img  data- alt=\"Le Figaro\" class=\"fig-img--complete fig-img\"\/><\/p>\n<p class=\"fig-premium-paywall__title\">Vente Flash<\/p>\n<p class=\"fig-premium-paywall__subtitle\">-50% sur l&rsquo;abonnement num\u00e9rique<\/p>\n<p class=\"fig-premium-paywall__connect\">\n                D\u00e9j\u00e0 abonn\u00e9\u00a0?                <a class=\"fig-premium-paywall__connect-link\" href=\"https:\/\/connect.lefigaro.fr\/login?client=horizon_web&amp;type=main&amp;redirect_uri=https%3A%2F%2Fwww.lefigaro.fr%2Fsports%2Fsports-d-hiver%2Fon-n-est-pas-comme-les-autres-pour-les-70-ans-du-criterium-de-val-d-isere-jean-claude-killy-ouvre-la-boite-a-souvenirs-20251212\" data-js-gtm=\"{&quot;customCategorie&quot;: &quot;conversion&quot;, &quot;customAction&quot;: &quot;before_Landing_Connexion_paywall_auto&quot;, &quot;customLabel&quot;: &quot;bGVmaWdhcm8uZnJfXzFmMGQ1ZDkzLWQyNWItNmYwMC05YjEzLTQzNDIyNTllMWNjOF9fTmV3c0ZsYXNo_\u00abOn n\u2019est pas comme les autres\u00bb\u00a0: pour les 70 ans du Crit\u00e9rium de Val d\u2019Is\u00e8re, Jean-Claude Killy ouvre la bo\u00eete \u00e0 souvenirs_482&quot;, &quot;customIDSPE&quot;: &quot;bGVmaWdhcm8uZnJfXzFmMGQ1ZDkzLWQyNWItNmYwMC05YjEzLTQzNDIyNTllMWNjOF9fTmV3c0ZsYXNo&quot;, &quot;event&quot;: &quot;customEventSPE&quot;}\" target=\"_blank\" rel=\"noopener\"><br \/>\n                    Connectez-vous<br \/>\n                <\/a>\n            <\/p>\n","protected":false},"excerpt":{"rendered":"RENCONTRE &#8211; L\u2019enfant de la station et illustre champion accompagne les 70\u00a0ans du Crit\u00e9rium de la premi\u00e8re neige,&hellip;\n","protected":false},"author":2,"featured_media":595812,"comment_status":"","ping_status":"","sticky":false,"template":"","format":"standard","meta":{"footnotes":""},"categories":[1411],"tags":[1154,207,1011,27,70509,14276,60,70849],"class_list":{"0":"post-595811","1":"post","2":"type-post","3":"status-publish","4":"format-standard","5":"has-post-thumbnail","7":"category-cyclisme","8":"tag-cycling","9":"tag-cyclisme","10":"tag-fr","11":"tag-france","12":"tag-jo-2030","13":"tag-ski-alpin","14":"tag-sports","15":"tag-val-disere"},"share_on_mastodon":{"url":"https:\/\/pubeurope.com\/@fr\/115709234677026479","error":""},"_links":{"self":[{"href":"https:\/\/www.europesays.com\/fr\/wp-json\/wp\/v2\/posts\/595811","targetHints":{"allow":["GET"]}}],"collection":[{"href":"https:\/\/www.europesays.com\/fr\/wp-json\/wp\/v2\/posts"}],"about":[{"href":"https:\/\/www.europesays.com\/fr\/wp-json\/wp\/v2\/types\/post"}],"author":[{"embeddable":true,"href":"https:\/\/www.europesays.com\/fr\/wp-json\/wp\/v2\/users\/2"}],"replies":[{"embeddable":true,"href":"https:\/\/www.europesays.com\/fr\/wp-json\/wp\/v2\/comments?post=595811"}],"version-history":[{"count":0,"href":"https:\/\/www.europesays.com\/fr\/wp-json\/wp\/v2\/posts\/595811\/revisions"}],"wp:featuredmedia":[{"embeddable":true,"href":"https:\/\/www.europesays.com\/fr\/wp-json\/wp\/v2\/media\/595812"}],"wp:attachment":[{"href":"https:\/\/www.europesays.com\/fr\/wp-json\/wp\/v2\/media?parent=595811"}],"wp:term":[{"taxonomy":"category","embeddable":true,"href":"https:\/\/www.europesays.com\/fr\/wp-json\/wp\/v2\/categories?post=595811"},{"taxonomy":"post_tag","embeddable":true,"href":"https:\/\/www.europesays.com\/fr\/wp-json\/wp\/v2\/tags?post=595811"}],"curies":[{"name":"wp","href":"https:\/\/api.w.org\/{rel}","templated":true}]}}