{"id":595813,"date":"2025-12-12T23:39:12","date_gmt":"2025-12-12T23:39:12","guid":{"rendered":"https:\/\/www.europesays.com\/fr\/595813\/"},"modified":"2025-12-12T23:39:12","modified_gmt":"2025-12-12T23:39:12","slug":"habib-beye-lhumiliation-est-totale","status":"publish","type":"post","link":"https:\/\/www.europesays.com\/fr\/595813\/","title":{"rendered":"Habib Beye, l&rsquo;humiliation est totale !"},"content":{"rendered":"<p>                    Thibault Morlain<br \/>\n                        &#8211;<\/p>\n<p>Journaliste<\/p>\n<p>Apr\u00e8s s\u2019\u00eatre essay\u00e9 \u00e0 diff\u00e9rents sports, Thibault se tourne vers une carri\u00e8re de footballeur amateur. Au moment de faire un choix entre devenir footballeur professionnel et journaliste, les qualit\u00e9s ont fait pencher la balance d\u2019un c\u00f4t\u00e9. Le voil\u00e0 d\u00e9sormais au sein de la r\u00e9daction du 10 Sport, apr\u00e8s un dipl\u00f4me obtenu \u00e0 l\u2019Institut International de Communication de Paris.<\/p>\n<p class=\"heading\">Ce samedi, le Stade Rennais accueille Brest avec notamment l\u2019objectif de laver l\u2019affront face au PSG. Il y a une semaines, le club de la capitale infligeait une s\u00e9v\u00e8re claque aux joueurs d\u2019Habib Beye (5-0). Une humiliation bien \u00e9videmment difficile \u00e0 dig\u00e9rer comme l&rsquo;a expliqu\u00e9 l\u2019entra\u00eeneur du club breton avant cette rencontre face \u00e0 Brest.\n<\/p>\n<p>Derni\u00e8rement, \u00e7a va beaucoup mieux pour le <strong>Stade Rennais<\/strong> d\u2019<strong>Habib Beye<\/strong>, remont\u00e9 \u00e0 la 6\u00e8me place du championnat de France. Il n\u2019emp\u00eache que le club breton reste sur une d\u00e9faite. Et quelle d\u00e9faite ! Samedi dernier, les Rennais se d\u00e9pla\u00e7aient sur la pelouse du <a href=\"https:\/\/le10sport.com\/football\/mercato\/100meur-la-nouvelle-folie-du-psg-768087\" target=\"_blank\" rel=\"noopener\">PSG<\/a> et \u00e7a s\u2019est sold\u00e9 sur une cinglante humiliation (5-0). <\/p>\n<p>                                            \u00ab\u00a0Ce sont des scores qui vous marquent\u00a0\u00bb<\/p>\n<p>En conf\u00e9rence de presse, <strong>Habib Beye<\/strong> est revenu sur cette grosse claque face au <strong>PSG<\/strong>. L\u2019entra\u00eeneur du <strong>Stade Rennais<\/strong> a alors confi\u00e9, rapport\u00e9 par L\u2019Equipe : \u00ab\u00a0Je l&rsquo;ai dit en apr\u00e8s-match, ce sont des scores qui vous marquent, des matches qui vous marquent quand m\u00eame. On ne peut pas consid\u00e9rer que, parce que c&rsquo;est le PSG, c&rsquo;est un \u00e9piph\u00e9nom\u00e8ne. On a analys\u00e9 aussi pourquoi on avait encaiss\u00e9 ces 5 buts, identifi\u00e9 les probl\u00e8mes rencontr\u00e9s. On a fait de tr\u00e8s bonnes choses dans l&rsquo;ambition, dans ce qu&rsquo;on a voulu faire, ne pas se renier. Mais ce qui est s\u00fbr, c&rsquo;est que sur la premi\u00e8re mi-temps, ils sont cliniques. Ils ont deux occasions, ils mettent deux buts. L\u00e0 o\u00f9 nous, on doit \u00eatre meilleur sur ces situations. Et \u00e0 dix, on a accus\u00e9 le coup\u00a0\u00bb. <\/p>\n<p>                                            \u00ab\u00a0On avait de v\u00e9ritables ambitions\u00a0\u00bb<\/p>\n<p>\u00ab\u00a0J\u2019ai d\u00e9dramatis\u00e9 parce que c\u2019\u00e9tait le PSG ? Non, ce n&rsquo;\u00e9tait pas un match bonus. On avait de v\u00e9ritables ambitions. Et je pense que \u00e7a a \u00e9t\u00e9 d\u00e9montr\u00e9 par l&rsquo;approche du match qu&rsquo;on a eue. On a \u00e9t\u00e9 sanctionn\u00e9 par la qualit\u00e9 de cette \u00e9quipe. D\u00e8s leur premi\u00e8re sortie de qualit\u00e9, ils nous ont piqu\u00e9s. Et c&rsquo;est s\u00fbr que c&rsquo;est dur quand vous avez mis autant d&rsquo;efforts dans un match. Mais il fallait qu&rsquo;on reste constants\u00a0\u00bb, a ensuite ajout\u00e9 <strong>Habib Beye<\/strong>. <\/p>\n","protected":false},"excerpt":{"rendered":"Thibault Morlain &#8211; Journaliste Apr\u00e8s s\u2019\u00eatre essay\u00e9 \u00e0 diff\u00e9rents sports, Thibault se tourne vers une carri\u00e8re de footballeur&hellip;\n","protected":false},"author":2,"featured_media":595814,"comment_status":"","ping_status":"","sticky":false,"template":"","format":"standard","meta":{"footnotes":""},"categories":[1410],"tags":[63,1011,27,60],"class_list":{"0":"post-595813","1":"post","2":"type-post","3":"status-publish","4":"format-standard","5":"has-post-thumbnail","7":"category-football","8":"tag-football","9":"tag-fr","10":"tag-france","11":"tag-sports"},"share_on_mastodon":{"url":"https:\/\/pubeurope.com\/@fr\/115709238708240489","error":""},"_links":{"self":[{"href":"https:\/\/www.europesays.com\/fr\/wp-json\/wp\/v2\/posts\/595813","targetHints":{"allow":["GET"]}}],"collection":[{"href":"https:\/\/www.europesays.com\/fr\/wp-json\/wp\/v2\/posts"}],"about":[{"href":"https:\/\/www.europesays.com\/fr\/wp-json\/wp\/v2\/types\/post"}],"author":[{"embeddable":true,"href":"https:\/\/www.europesays.com\/fr\/wp-json\/wp\/v2\/users\/2"}],"replies":[{"embeddable":true,"href":"https:\/\/www.europesays.com\/fr\/wp-json\/wp\/v2\/comments?post=595813"}],"version-history":[{"count":0,"href":"https:\/\/www.europesays.com\/fr\/wp-json\/wp\/v2\/posts\/595813\/revisions"}],"wp:featuredmedia":[{"embeddable":true,"href":"https:\/\/www.europesays.com\/fr\/wp-json\/wp\/v2\/media\/595814"}],"wp:attachment":[{"href":"https:\/\/www.europesays.com\/fr\/wp-json\/wp\/v2\/media?parent=595813"}],"wp:term":[{"taxonomy":"category","embeddable":true,"href":"https:\/\/www.europesays.com\/fr\/wp-json\/wp\/v2\/categories?post=595813"},{"taxonomy":"post_tag","embeddable":true,"href":"https:\/\/www.europesays.com\/fr\/wp-json\/wp\/v2\/tags?post=595813"}],"curies":[{"name":"wp","href":"https:\/\/api.w.org\/{rel}","templated":true}]}}