{"id":595815,"date":"2025-12-12T23:40:17","date_gmt":"2025-12-12T23:40:17","guid":{"rendered":"https:\/\/www.europesays.com\/fr\/595815\/"},"modified":"2025-12-12T23:40:17","modified_gmt":"2025-12-12T23:40:17","slug":"le-meme-salaire-quun-footballeur-carla-moreau-dans-tbt9-honnete-sur-sa-fortune","status":"publish","type":"post","link":"https:\/\/www.europesays.com\/fr\/595815\/","title":{"rendered":"\u00ab\u00a0Le m\u00eame salaire qu\u2019un footballeur\u00a0\u00bb : Carla Moreau dans TBT9, honn\u00eate sur sa fortune"},"content":{"rendered":"<p>Carla Moreau s\u2019est impos\u00e9e comme une <a href=\"https:\/\/www.public.fr\/carla-moreau-change-de-look-capillaire-les-internautes-se-montrent-impitoyables\" target=\"_blank\" rel=\"noopener\">figure embl\u00e9matique de la t\u00e9l\u00e9-r\u00e9alit\u00e9 fran\u00e7aise<\/a> depuis ses d\u00e9buts dans <strong>Les Marseillais South Africa<\/strong> en 2016, \u00e0 tout juste 18 ans, o\u00f9 elle a rapidement conquis le public par son temp\u00e9rament franc et son charisme.\u00a0<\/p>\n<p>N\u00e9e \u00e0 Marseille en 1997, elle a transform\u00e9 sa notori\u00e9t\u00e9 TV en une carri\u00e8re prosp\u00e8re d\u2019influenceuse et de femme d\u2019affaires, cumulant plusieurs millions de followers sur les r\u00e9seaux sociaux et lan\u00e7ant des projets personnels comme des livres ou des marques. Aujourd\u2019hui maman et toujours tr\u00e8s suivie, elle a accept\u00e9 <strong>d\u2019\u00e9voquer ouvertement ses revenus.\u00a0<\/strong><\/p>\n<p><strong>Des revenus XXL pour Carla Moreau, r\u00e9v\u00e9l\u00e9s sans fard<\/strong><\/p>\n<p>La maman de Ruby a en effet \u00e9t\u00e9 convi\u00e9e par <a href=\"https:\/\/www.public.fr\/tag\/cyril-hanouna\" target=\"_blank\" rel=\"noopener\">Cyril Hanouna<\/a> pour officier en tant que chroniqueuse sur <strong>TBT9<\/strong> ce vendredi 12 d\u00e9cembre 2025. Alors que les \u00e9quipes de la quotidienne \u00e9taient invit\u00e9es \u00e0 r\u00e9v\u00e9ler leurs revenus, Carla Moreau a r\u00e9pondu sans d\u00e9tour aux questions de Cyril Hanouna sur l\u2019ampleur de ses gains. \u00ab\u00a0Combien vous avez gagn\u00e9 par an, au mieux ? Dites la v\u00e9rit\u00e9\u00a0\u00bb, a d\u2019abord demand\u00e9 l\u2019animateur. \u00c0 quoi la principale int\u00e9ress\u00e9e a r\u00e9pondu, sans sourciller : \u00ab\u00a0Beaucoup. Bon, plus maintenant parce que effectivement l&rsquo;influence a quand m\u00eame baiss\u00e9 et tout. Mais au plus haut.\u00a0\u00bb<\/p>\n<p>Cyril Hanouna estime alors les gains : <strong>\u00ab\u00a0Moi, je pense entre cinq et six millions d&rsquo;euros par an\u00a0\u00bb<\/strong>.\u00a0 <strong>\u00ab\u00a0On est dans ces eaux-l\u00e0\u00a0\u00bb<\/strong>, confirme la principale int\u00e9ress\u00e9e avant que l\u2019animateur ne creuse : \u00ab\u00a0<strong>\u00c0 peu pr\u00e8s six millions par an ?\u00a0\u00bb.<\/strong> \u00ab\u00a0Oui \u00e0 peu pr\u00e8s\u00a0\u00bb, acquiesce Carla Moreau. Lorsque l\u2019animateur tente de se montrer encore plus pr\u00e9cis en estimant un revenu de 500 000 euros par mois, l\u2019ancienne candidate de t\u00e9l\u00e9-r\u00e9alit\u00e9 donne quelques d\u00e9tails sur ses revenus d\u2019influenceuse : \u00ab\u00a0En fait, ce n&rsquo;\u00e9tait pas r\u00e9gulier. Il y avait des mois o\u00f9 on pouvait faire&#8230; Sur une ann\u00e9e, \u00e0 peu pr\u00e8s, on est \u00e0 \u00e7a, oui. Oui, en \u00e9tant influenceuse. Je payais aussi mes imp\u00f4ts et c&rsquo;est vrai qu&rsquo;il y a \u00e9norm\u00e9ment de taxes et c&rsquo;est tr\u00e8s compliqu\u00e9.\u00a0\u00bb<\/p>\n<p>Elle ajoute qu\u2019elle ne s\u2019est pas content\u00e9e de d\u00e9penser : \u00ab\u00a0J\u2019en ai mis, j&rsquo;en ai mis. Apr\u00e8s, j&rsquo;ai beaucoup aussi gaspill\u00e9 quand m\u00eame. J&rsquo;ai profit\u00e9, mais oui, j&rsquo;ai fait des investissements dans l&rsquo;immobilier. Donc oui, effectivement, je m&rsquo;en suis sorti. Et aujourd&rsquo;hui, maintenant, on gagne moins. Apr\u00e8s, on n&rsquo;est pas \u00e0 plaindre.\u00a0\u00bb<\/p>\n<p>Mais surtout, Carla reconna\u00eet avoir connu des ann\u00e9es exceptionnelles. Pendant \u00ab\u00a0deux, trois ans\u00a0\u00bb, elle a m\u00eame pu gagner des salaires \u00e0 la hauteur de ceux des footballeurs : <strong>\u00ab\u00a0Donc c&rsquo;est vrai que&#8230; C&rsquo;\u00e9tait du cinq cents mille euros par mois, je crois. C&rsquo;\u00e9tait impressionnant.\u00a0\u00bb<\/strong><\/p>\n<p>Et l&rsquo;imposition dans tout cela ? <\/p>\n<p>L\u2019\u00e9change glisse ensuite vers une question qui taraude beaucoup de cr\u00e9ateurs de contenus : faut-il quitter la France pour payer moins d\u2019imp\u00f4ts ? Carla affiche une compr\u00e9hension lucide de la situation. <a href=\"https:\/\/www.public.fr\/tag\/thibault-garcia\" target=\"_blank\" rel=\"noopener\">Thibault Garcia<\/a> et <a href=\"https:\/\/www.public.fr\/tag\/jessica-les-marseillais\" target=\"_blank\" rel=\"noopener\">Jessica Thivenin<\/a>, Maddy et Benjamin Samat, ou encore Jazz Correia et Laurent ont quitt\u00e9 la France pour Duba\u00ef. Des d\u00e9parts qui leur ont valu de nombreuses critiques. Certaines estimant qu\u2019ils avaient quitt\u00e9 le pays pour ne plus payer d\u2019imp\u00f4ts.<\/p>\n<p>\u00ab\u00a0Je comprends que d&rsquo;ailleurs, il y a plein d&rsquo;influenceurs qui soient partis \u00e0 l&rsquo;\u00e9tranger pour ne plus payer d&rsquo;imp\u00f4ts. Parce que c&rsquo;est vrai que des fois, quand tu te dis en vrai ton m\u00e9tier il va durer que sur un court terme, en vrai, je comprends qu&rsquo;il y en ait qui partent parce que <strong>c&rsquo;est vrai que \u00e7a fait tellement de l\u2019imp\u00f4t<\/strong>\u00ab\u00a0, indique Carla Moreau \u00e0 ce sujet.\u00a0<\/p>\n<p>L\u2019occasion pour Cyril Hanouna <a href=\"https:\/\/vsd.fr\/88523-gilles-verdez-un-acteur-francais-lui-pique-sa-compagne\/\" target=\"_blank\" rel=\"noopener\">d\u2019interroger Gilles Verdez<\/a> : \u00ab\u00a0Gilles, est-ce que tu comprends qu&rsquo;il y en ait qui partent ?\u00a0\u00bb. \u00ab\u00a0Non. Mais alors je respecte totalement Carla, mais pour moi, non\u00a0\u00bb, avoue alors son chroniqueur. Carla Moreau explique alors sa propre d\u00e9cision. \u00ab\u00a0Alors moi, je suis rest\u00e9e parce que j&rsquo;\u00e9tais tr\u00e8s attach\u00e9e \u00e0 la France. Mais on est beaucoup sujet m\u00eame \u00e0 des contr\u00f4les, etc., constamment\u00a0\u00bb, confie-t-elle avant de nuancer : \u00ab\u00a0Mais apr\u00e8s, moi, je peux comprendre aussi ceux qui partent parce que c&rsquo;est vrai qu&rsquo;effectivement, quand <strong>des fois tu payes deux, trois fois la m\u00eame chose d\u00e9tourn\u00e9e diff\u00e9remment<\/strong>, c&rsquo;est vrai que c&rsquo;est compliqu\u00e9.\u00a0\u00bb<\/p>\n<p>\n          Hits &amp; People en continu\n        <\/p>\n<p>\n          Public Radio\n        <\/p>\n<p>      Mentionn\u00e9s dans cet article<\/p>\n<p>      Sur le m\u00eame sujet<\/p>\n","protected":false},"excerpt":{"rendered":"Carla Moreau s\u2019est impos\u00e9e comme une figure embl\u00e9matique de la t\u00e9l\u00e9-r\u00e9alit\u00e9 fran\u00e7aise depuis ses d\u00e9buts dans Les Marseillais&hellip;\n","protected":false},"author":2,"featured_media":595816,"comment_status":"","ping_status":"","sticky":false,"template":"","format":"standard","meta":{"footnotes":""},"categories":[1359],"tags":[1083,58,59,28068,1011,27,16181,12434,973,22498,22497],"class_list":{"0":"post-595815","1":"post","2":"type-post","3":"status-publish","4":"format-standard","5":"has-post-thumbnail","7":"category-people","8":"tag-cyril-hanouna","9":"tag-divertissement","10":"tag-entertainment","11":"tag-fortune","12":"tag-fr","13":"tag-france","14":"tag-gilles-verdez","15":"tag-les-marseillais","16":"tag-people","17":"tag-tout-9-tbt9","18":"tag-tout-beau"},"share_on_mastodon":{"url":"https:\/\/pubeurope.com\/@fr\/115709242739645770","error":""},"_links":{"self":[{"href":"https:\/\/www.europesays.com\/fr\/wp-json\/wp\/v2\/posts\/595815","targetHints":{"allow":["GET"]}}],"collection":[{"href":"https:\/\/www.europesays.com\/fr\/wp-json\/wp\/v2\/posts"}],"about":[{"href":"https:\/\/www.europesays.com\/fr\/wp-json\/wp\/v2\/types\/post"}],"author":[{"embeddable":true,"href":"https:\/\/www.europesays.com\/fr\/wp-json\/wp\/v2\/users\/2"}],"replies":[{"embeddable":true,"href":"https:\/\/www.europesays.com\/fr\/wp-json\/wp\/v2\/comments?post=595815"}],"version-history":[{"count":0,"href":"https:\/\/www.europesays.com\/fr\/wp-json\/wp\/v2\/posts\/595815\/revisions"}],"wp:featuredmedia":[{"embeddable":true,"href":"https:\/\/www.europesays.com\/fr\/wp-json\/wp\/v2\/media\/595816"}],"wp:attachment":[{"href":"https:\/\/www.europesays.com\/fr\/wp-json\/wp\/v2\/media?parent=595815"}],"wp:term":[{"taxonomy":"category","embeddable":true,"href":"https:\/\/www.europesays.com\/fr\/wp-json\/wp\/v2\/categories?post=595815"},{"taxonomy":"post_tag","embeddable":true,"href":"https:\/\/www.europesays.com\/fr\/wp-json\/wp\/v2\/tags?post=595815"}],"curies":[{"name":"wp","href":"https:\/\/api.w.org\/{rel}","templated":true}]}}