{"id":595819,"date":"2025-12-12T23:43:13","date_gmt":"2025-12-12T23:43:13","guid":{"rendered":"https:\/\/www.europesays.com\/fr\/595819\/"},"modified":"2025-12-12T23:43:13","modified_gmt":"2025-12-12T23:43:13","slug":"arthur-laurent-ruquier-peine-a-trouver-ses-mots-sur-lanimateur-enfin-je-veux-dire","status":"publish","type":"post","link":"https:\/\/www.europesays.com\/fr\/595819\/","title":{"rendered":"Arthur : Laurent Ruquier peine \u00e0 trouver ses mots sur l&rsquo;animateur, \u00ab\u00a0enfin je veux dire&#8230;\u00a0\u00bb"},"content":{"rendered":"<p class=\"p1\">Arthur et Laurent Ruquier sont deux figures de la<br \/>\nt\u00e9l\u00e9vision. Souvent compar\u00e9s, ils se sont notamment succ\u00e9d\u00e9 \u00e0<br \/>\n<strong>l\u2019animation des Enfants de la t\u00e9l\u00e9<\/strong>. En 2015, ils<br \/>\nse sont m\u00eame embrass\u00e9s dans l\u2019\u00e9mission. Et s\u2019ils sont parfois<br \/>\n<strong>qualifi\u00e9s d\u2019amis<\/strong>, leur relation ne serait pas<br \/>\naussi forte.<\/p>\n<p class=\"p1\">Mardi 4 novembre, Laurent Ruquier a anim\u00e9 <a href=\"https:\/\/www.closermag.fr\/people\/ce-celebre-animateur-et-societaire-emblematique-des-grosses-tetes-met-un-terme-a-sa-carriere-apres-un-cancer-3595099\" target=\"_blank\" rel=\"noopener\"><br \/>\nun nouveau num\u00e9ro des Grosses T\u00eates<\/a> sur RTL. Pour l\u2019occasion,<br \/>\nil a re\u00e7u le journaliste Philippe Vandel, venu pr\u00e9senter son livre<br \/>\nLe dico fran\u00e7ais-fran\u00e7ais. \u201cDans le premier chapitre<br \/>\ndu livre, vous dites : \u2018Voil\u00e0 comment on parle dans le show-biz,<br \/>\ndans les \u00e9missions de vari\u00e9t\u00e9s ou les \u00e9missions \u00e0 la t\u00e9l\u00e9, on<br \/>\nre\u00e7oit toujours un ami\u2019\u201d, a indiqu\u00e9 l\u2019animateur.<\/p>\n<p>Laurent Ruquier sur Arthur : \u201cOn n\u2019est pas<br \/>\nsp\u00e9cialement amis\u201d<\/p>\n<p class=\"p1\">Pour continuer \u00e0 citer le livre de Philippe Vandel,<br \/>\nLaurent Ruquier a poursuivi : \u201cVous donnez mon exemple avec<br \/>\nArthur qui, un jour, a dit : \u2018Tr\u00e8s content d\u2019accueillir mon ami<br \/>\nLaurent Ruquier\u2019, alors qu\u2019on n\u2019est pas sp\u00e9cialement amis\u201d.<br \/>\nSuite \u00e0 cette r\u00e9v\u00e9lation, <a href=\"https:\/\/www.closermag.fr\/people\/laurent-ruquier-le-declic-de-la-separation-son-couple-avec-hugo-manos-connaissait-plusieurs-problemes-3599904\" target=\"_blank\" rel=\"noopener\"><br \/>\nl\u2019ex-compagnon d\u2019Hugo Manos<\/a> a tenu \u00e0 faire une petite mise au<br \/>\npoint sur <strong>sa relation avec Arthur<\/strong>. \u201cOn s\u2019aime<br \/>\nbien, mais pas plus que \u00e7a. Enfin si, on s\u2019aime bien, mais pas<br \/>\nmoins que \u00e7a non plus. Enfin, je veux dire qu\u2019on n\u2019est pas amis<br \/>\nquoi !\u201d, a-t-il expliqu\u00e9.<\/p>\n<p class=\"p1\">Si Laurent Ruquier a <strong>pein\u00e9 \u00e0 trouver les<br \/>\nmots<\/strong> justes, Yoann Riou s\u2019est amus\u00e9 de la situation.<br \/>\n\u201cTu ne l\u2019aimes pas du tout, en fait\u201d, a-t-il lanc\u00e9. \u00c0 ses<br \/>\nc\u00f4t\u00e9s, l\u2019animateur a alors rectifi\u00e9 : \u201cSi, j\u2019aime bien Arthur,<br \/>\nmais c\u2019est vrai qu\u2019on devient tr\u00e8s vite l\u2019ami de quelqu\u2019un dans ce<br \/>\nm\u00e9tier\u201d. Les deux animateurs sont donc <strong>en bons<br \/>\ntermes<\/strong>, sans pour autant se consid\u00e9rer comme des amis en<br \/>\ndehors du travail.<\/p>\n<p>L\u2019animateur cash sur ses amiti\u00e9s<br \/>\nprofessionnelles<\/p>\n<p class=\"p1\">Pour Yoann Riou, les d\u00e9clarations de Laurent Ruquier<br \/>\nsur Arthur sont totalement <strong>en ad\u00e9quation avec la personne<br \/>\nqu\u2019il est<\/strong>. \u201cLaurent a horreur de \u00e7a, il a horreur de<br \/>\ncette amiti\u00e9 qu\u2019on doit absolument avoir dans le show-business. Il<br \/>\ngarde \u00e7a et je trouve \u00e7a tr\u00e8s bien\u201d, a-t-il conclu.<\/p>\n<p class=\"p1\">Dans le pass\u00e9, Laurent Ruquier s\u2019est d\u00e9j\u00e0 confi\u00e9 \u00e0<br \/>\nplusieurs reprises sur <a href=\"https:\/\/www.telestar.fr\/actu_tv\/je-ne-suis-pas-larmee-du-salut-comment-laurent-ruquier-traite-ses-amis-dans-le-travail-1745810\" target=\"_blank\" rel=\"noopener\">ses amiti\u00e9s professionnelles<\/a>. Le<br \/>\n13 novembre dernier, il a ainsi affirm\u00e9 \u00e0 Cin\u00e9 T\u00e9l\u00e9 Revue<br \/>\n: \u201cL\u2019amiti\u00e9, c\u2019est une chose, le boulot, une autre. Je suis<br \/>\nrest\u00e9 ami avec des gens qui ne font plus Les Grosses T\u00eates parce<br \/>\nqu\u2019ils n\u2019\u00e9taient plus forc\u00e9ment assez efficaces pour<br \/>\nl\u2019\u00e9mission\u201d. Un \u00e9tat d\u2019esprit qui explique pourquoi il s\u2019est<br \/>\ns\u00e9par\u00e9 de <strong>certains membres historiques<\/strong> des Grosses<br \/>\nT\u00eates, malgr\u00e9 <strong>la proximit\u00e9<\/strong> qu\u2019il avait avec<br \/>\neux.<\/p>\n","protected":false},"excerpt":{"rendered":"Arthur et Laurent Ruquier sont deux figures de la t\u00e9l\u00e9vision. Souvent compar\u00e9s, ils se sont notamment succ\u00e9d\u00e9 \u00e0&hellip;\n","protected":false},"author":2,"featured_media":595820,"comment_status":"","ping_status":"","sticky":false,"template":"","format":"standard","meta":{"footnotes":""},"categories":[1356],"tags":[21303,58,59,1011,27,7216,70202,252,65861,1364],"class_list":{"0":"post-595819","1":"post","2":"type-post","3":"status-publish","4":"format-standard","5":"has-post-thumbnail","7":"category-television","8":"tag-buzz_nonli","9":"tag-divertissement","10":"tag-entertainment","11":"tag-fr","12":"tag-france","13":"tag-les-grosses-tetes","14":"tag-marfeel_connexes","15":"tag-television","16":"tag-trend","17":"tag-tv"},"share_on_mastodon":{"url":"https:\/\/pubeurope.com\/@fr\/115709254447801428","error":""},"_links":{"self":[{"href":"https:\/\/www.europesays.com\/fr\/wp-json\/wp\/v2\/posts\/595819","targetHints":{"allow":["GET"]}}],"collection":[{"href":"https:\/\/www.europesays.com\/fr\/wp-json\/wp\/v2\/posts"}],"about":[{"href":"https:\/\/www.europesays.com\/fr\/wp-json\/wp\/v2\/types\/post"}],"author":[{"embeddable":true,"href":"https:\/\/www.europesays.com\/fr\/wp-json\/wp\/v2\/users\/2"}],"replies":[{"embeddable":true,"href":"https:\/\/www.europesays.com\/fr\/wp-json\/wp\/v2\/comments?post=595819"}],"version-history":[{"count":0,"href":"https:\/\/www.europesays.com\/fr\/wp-json\/wp\/v2\/posts\/595819\/revisions"}],"wp:featuredmedia":[{"embeddable":true,"href":"https:\/\/www.europesays.com\/fr\/wp-json\/wp\/v2\/media\/595820"}],"wp:attachment":[{"href":"https:\/\/www.europesays.com\/fr\/wp-json\/wp\/v2\/media?parent=595819"}],"wp:term":[{"taxonomy":"category","embeddable":true,"href":"https:\/\/www.europesays.com\/fr\/wp-json\/wp\/v2\/categories?post=595819"},{"taxonomy":"post_tag","embeddable":true,"href":"https:\/\/www.europesays.com\/fr\/wp-json\/wp\/v2\/tags?post=595819"}],"curies":[{"name":"wp","href":"https:\/\/api.w.org\/{rel}","templated":true}]}}